{"id":51283,"date":"2014-09-17T09:26:39","date_gmt":"2014-09-17T12:26:39","guid":{"rendered":"http:\/\/www.eltrabajo.cl\/portal\/?p=51283"},"modified":"2014-09-17T09:26:39","modified_gmt":"2014-09-17T12:26:39","slug":"brutal-asalto-y-golpiza-sufre-anciano-dueno-de-almacen","status":"publish","type":"post","link":"https:\/\/eltrabajo.cl\/portal\/brutal-asalto-y-golpiza-sufre-anciano-dueno-de-almacen\/","title":{"rendered":"Brutal asalto y golpiza sufre anciano due\u00f1o de almac\u00e9n"},"content":{"rendered":"<figure id=\"attachment_51284\" aria-describedby=\"caption-attachment-51284\" style=\"width: 317px\" class=\"wp-caption alignleft\"><a href=\"https:\/\/i0.wp.com\/www.eltrabajo.cl\/portal\/wp-content\/uploads\/2014\/09\/viviana-valeska.jpg\"><img data-recalc-dims=\"1\" loading=\"lazy\" decoding=\"async\" class=\" wp-image-51284 \" alt=\"Un anciano de 73 a\u00f1os fue brutalmente golpeado por una mujer, quien lo asalt\u00f3 mientras atend\u00eda su almac\u00e9n en la comuna de Rinconada.\" src=\"https:\/\/i0.wp.com\/www.eltrabajo.cl\/portal\/wp-content\/uploads\/2014\/09\/viviana-valeska.jpg?resize=317%2C244\" width=\"317\" height=\"244\" srcset=\"https:\/\/i0.wp.com\/eltrabajo.cl\/portal\/wp-content\/uploads\/2014\/09\/viviana-valeska.jpg?w=529&amp;ssl=1 529w, https:\/\/i0.wp.com\/eltrabajo.cl\/portal\/wp-content\/uploads\/2014\/09\/viviana-valeska.jpg?resize=194%2C150&amp;ssl=1 194w, https:\/\/i0.wp.com\/eltrabajo.cl\/portal\/wp-content\/uploads\/2014\/09\/viviana-valeska.jpg?resize=300%2C230&amp;ssl=1 300w, https:\/\/i0.wp.com\/eltrabajo.cl\/portal\/wp-content\/uploads\/2014\/09\/viviana-valeska.jpg?resize=150%2C115&amp;ssl=1 150w, https:\/\/i0.wp.com\/eltrabajo.cl\/portal\/wp-content\/uploads\/2014\/09\/viviana-valeska.jpg?resize=400%2C307&amp;ssl=1 400w\" sizes=\"auto, (max-width: 317px) 100vw, 317px\" \/><\/a><figcaption id=\"caption-attachment-51284\" class=\"wp-caption-text\">Un anciano de 73 a\u00f1os fue brutalmente golpeado por una mujer, quien lo asalt\u00f3 mientras atend\u00eda su almac\u00e9n en la comuna de Rinconada.<\/figcaption><\/figure>\n<p><strong>RINCONADA.<\/strong>&#8211; Un anciano de 73 a\u00f1os fue brutalmente golpeado por una mujer, quien lo asalt\u00f3 mientras atend\u00eda su almac\u00e9n en la comuna de Rinconada. El hecho se produjo cerca de las 21:00 horas del domingo en el paradero 30 de Carretera San Mart\u00edn, cuando la v\u00edctima de iniciales F.G.C.C. se encontraba atendiendo Almac\u00e9n El Olivo, que mantiene contiguo a su casa habitaci\u00f3n.<\/p>\n<p>En esos instantes lleg\u00f3 al lugar la ahora imputada Viviana Valeska Alvear Cataldo, de 22 a\u00f1os, quien les solicit\u00f3 a trav\u00e9s de la reja comprar una bebida. Cuando el anciano se acerc\u00f3, la mujer le arrebat\u00f3 las llaves del port\u00f3n de la propiedad e hizo ingreso a \u00e9ste, para luego solicitarle que le vendiera cigarrillos. La v\u00edctima no se hizo mayor problema por el arrebato de las llaves, toda vez que la mujer hab\u00eda trabajado anteriormente en el almac\u00e9n y por ello se dio vuelta para pasarle los cigarros.<\/p>\n<p><strong>\u00a0BRUTAL ATAQUE<\/strong><\/p>\n<p>Fue all\u00ed que Viviana Alvear tom\u00f3 una botella de cerveza y comenz\u00f3 a golpearlo en la cabeza hasta dejarlo tumbado en el piso. Luego de ello la delincuente procedi\u00f3 a registrarle las vestimentas sustray\u00e9ndole la suma de 130 mil pesos en dinero en efectivo, retir\u00e1ndose posteriormente del lugar.<\/p>\n<p>Los gritos de la v\u00edctima alertaron a familiares, quienes salieron en su ayuda, mientras que la huida de la mujer a pie fue observada por un guardia de una propiedad contigua, quien llam\u00f3 a Carabineros. En el intertanto los familiares del anciano salieron en persecuci\u00f3n de la asaltante, logrando darle alcance a la altura del paradero 28 donde la retuvieron hasta la llegada de Carabineros.<\/p>\n<p>Cuando arrib\u00f3 el personal de la Tenencia de Rinconada se percat\u00f3 que la delincuente manten\u00eda sus vestimentas ensangrentadas por las heridas que le caus\u00f3 al abuelo, adem\u00e1s esparcidos por el suelo la suma de $30.000 que hab\u00eda le hab\u00eda robado.<\/p>\n<p>Sin embargo, el resto del dinero no fue recuperado y se presume que lo habr\u00eda ocultado durante su escape. En el intertanto, el anciano fue trasladado hasta el Hospital San Juan de Dios, donde qued\u00f3 internado con un traumatismo de cr\u00e1neo en evoluci\u00f3n, contusi\u00f3n nasal y occipital lesiones catalogadas inicialmente como graves.<\/p>\n<p>Alvear fue puesta a disposici\u00f3n del Tribunal de Garant\u00eda de Los Andes, donde el Fiscal Jorge Alfaro la formaliz\u00f3 por el delito de Robo con violencia. El persecutor solicit\u00f3 la Prisi\u00f3n Preventiva de la delincuente por considerarla un peligro para la seguridad de la sociedad y la alta pena que tiene este delito, adem\u00e1s de registrar una condena anterior de tres a\u00f1os y un d\u00eda por Robo con violencia, hecho perpetrado en la localidad de Panguipulli en 2011.<\/p>\n<p><strong>\u00a0SUPUESTO ABUSO<\/strong><\/p>\n<p>Sin embargo, la abogada defensora Lisette De la Fuente, se opuso a esta medida cautelar tan gravosa, argumentando que exist\u00eda una versi\u00f3n distinta de los hechos donde su representada pudo ser v\u00edctima. La defensora dijo que hace dos a\u00f1os la imputada trabaja para el anciano y es conductora del veh\u00edculo donde se efect\u00faa el reparto.<\/p>\n<p>Se\u00f1al\u00f3 que el domingo el empleador la llam\u00f3 a las 20:00 horas para que se dirigiera al local y realizara un reparto de verduras. Estando all\u00ed, le solicit\u00f3 que fuera a la pieza y despu\u00e9s fue \u00e9l, quien le se\u00f1al\u00f3 que quer\u00eda mantener relaciones sexuales y por lo que le iba a pagar una suma de dinero. Ante la negativa, seg\u00fan el relato de Viviana Alvear, el septuagenario la tom\u00f3 de los brazos y la arroj\u00f3 a la cama y ella con la intenci\u00f3n de defenderse tom\u00f3 una botella que estaba en el lugar y comenz\u00f3 a golpearlo en la cabeza hasta que \u00e9ste se puso a sangrar y se lo sac\u00f3 de encima.<\/p>\n<p><strong>QUED\u00d3 EN PRISI\u00d3N<\/strong><\/p>\n<p>Antes de retirarse, reconoci\u00f3 que le sustrajo dinero, pero s\u00f3lo $30.000 y no los $130.000 que denunci\u00f3 la v\u00edctima. La defensora cuestion\u00f3 lo declarado por el empleador y a\u00f1adi\u00f3 que en la pieza hab\u00eda vidrios rotos de las botellas, por lo que era plausible la teor\u00eda de la imputada, por lo del acoso sexual y que a lo sumo se estar\u00eda ante la figura de Leg\u00edtima Defensa y Hurto.<\/p>\n<p>La Jueza Valeria Crosa, sopesadas ambas argumentaciones, consider\u00f3 acreditado tanto el hecho punible como la participaci\u00f3n de la imputada y decret\u00f3 su ingreso a Prisi\u00f3n Preventiva en la c\u00e1rcel correspondiente.<\/p>\n<p>&nbsp;<\/p>\n","protected":false},"excerpt":{"rendered":"<p>RINCONADA.&#8211; Un anciano de 73 a\u00f1os fue brutalmente golpeado por una mujer, quien lo asalt\u00f3 mientras atend\u00eda su almac\u00e9n en la comuna de Rinconada. El hecho se produjo cerca de las 21:00&#8230;<\/p>\n","protected":false},"author":482,"featured_media":51284,"comment_status":"open","ping_status":"closed","sticky":false,"template":"","format":"standard","meta":{"advanced_seo_description":"","jetpack_seo_html_title":"","jetpack_seo_noindex":false,"_jetpack_memberships_contains_paid_content":false,"footnotes":""},"categories":[21],"tags":[],"class_list":["post-51283","post","type-post","status-publish","format-standard","has-post-thumbnail","hentry","category-policial"],"jetpack_featured_media_url":"https:\/\/i0.wp.com\/eltrabajo.cl\/portal\/wp-content\/uploads\/2014\/09\/viviana-valeska.jpg?fit=529%2C407&ssl=1","jetpack_sharing_enabled":true,"jetpack_likes_enabled":true,"jetpack-related-posts":[],"_links":{"self":[{"href":"https:\/\/eltrabajo.cl\/portal\/wp-json\/wp\/v2\/posts\/51283","targetHints":{"allow":["GET"]}}],"collection":[{"href":"https:\/\/eltrabajo.cl\/portal\/wp-json\/wp\/v2\/posts"}],"about":[{"href":"https:\/\/eltrabajo.cl\/portal\/wp-json\/wp\/v2\/types\/post"}],"author":[{"embeddable":true,"href":"https:\/\/eltrabajo.cl\/portal\/wp-json\/wp\/v2\/users\/482"}],"replies":[{"embeddable":true,"href":"https:\/\/eltrabajo.cl\/portal\/wp-json\/wp\/v2\/comments?post=51283"}],"version-history":[{"count":0,"href":"https:\/\/eltrabajo.cl\/portal\/wp-json\/wp\/v2\/posts\/51283\/revisions"}],"wp:featuredmedia":[{"embeddable":true,"href":"https:\/\/eltrabajo.cl\/portal\/wp-json\/wp\/v2\/media\/51284"}],"wp:attachment":[{"href":"https:\/\/eltrabajo.cl\/portal\/wp-json\/wp\/v2\/media?parent=51283"}],"wp:term":[{"taxonomy":"category","embeddable":true,"href":"https:\/\/eltrabajo.cl\/portal\/wp-json\/wp\/v2\/categories?post=51283"},{"taxonomy":"post_tag","embeddable":true,"href":"https:\/\/eltrabajo.cl\/portal\/wp-json\/wp\/v2\/tags?post=51283"}],"curies":[{"name":"wp","href":"https:\/\/api.w.org\/{rel}","templated":true}]}}