{"id":51292,"date":"2014-09-17T09:31:19","date_gmt":"2014-09-17T12:31:19","guid":{"rendered":"http:\/\/www.eltrabajo.cl\/portal\/?p=51292"},"modified":"2014-09-17T09:31:19","modified_gmt":"2014-09-17T12:31:19","slug":"por-buscar-pajarito-en-casa-ajena-le-piden-7-anos-por-robo","status":"publish","type":"post","link":"https:\/\/eltrabajo.cl\/portal\/por-buscar-pajarito-en-casa-ajena-le-piden-7-anos-por-robo\/","title":{"rendered":"Por buscar \u2018pajarito\u2019 en casa ajena le piden 7 a\u00f1os por Robo"},"content":{"rendered":"<figure id=\"attachment_51293\" aria-describedby=\"caption-attachment-51293\" style=\"width: 317px\" class=\"wp-caption alignleft\"><a href=\"https:\/\/i0.wp.com\/www.eltrabajo.cl\/portal\/wp-content\/uploads\/2014\/09\/Fiscal-Gallardo.jpg\"><img data-recalc-dims=\"1\" loading=\"lazy\" decoding=\"async\" class=\" wp-image-51293 \" alt=\"Fiscal del Ministerio P\u00fablico, Andr\u00e9s Gallardo.\" src=\"https:\/\/i0.wp.com\/www.eltrabajo.cl\/portal\/wp-content\/uploads\/2014\/09\/Fiscal-Gallardo.jpg?resize=317%2C421\" width=\"317\" height=\"421\" srcset=\"https:\/\/i0.wp.com\/eltrabajo.cl\/portal\/wp-content\/uploads\/2014\/09\/Fiscal-Gallardo.jpg?w=529&amp;ssl=1 529w, https:\/\/i0.wp.com\/eltrabajo.cl\/portal\/wp-content\/uploads\/2014\/09\/Fiscal-Gallardo.jpg?resize=113%2C150&amp;ssl=1 113w, https:\/\/i0.wp.com\/eltrabajo.cl\/portal\/wp-content\/uploads\/2014\/09\/Fiscal-Gallardo.jpg?resize=226%2C300&amp;ssl=1 226w, https:\/\/i0.wp.com\/eltrabajo.cl\/portal\/wp-content\/uploads\/2014\/09\/Fiscal-Gallardo.jpg?resize=400%2C530&amp;ssl=1 400w\" sizes=\"auto, (max-width: 317px) 100vw, 317px\" \/><\/a><figcaption id=\"caption-attachment-51293\" class=\"wp-caption-text\">Fiscal del Ministerio P\u00fablico, Andr\u00e9s Gallardo.<\/figcaption><\/figure>\n<p>En la actualidad el ingenio de los delincuentes supera los l\u00edmites del descaro para quienes resultan afectados por medio de enga\u00f1os, en especial atenci\u00f3n a las personas de la tercera edad, ellos son blanco de inescrupulosos delincuentes que inventan situaciones como el ya conocido \u2018cuento del t\u00edo\u2019 para obligar a personas a entregar dinero o especies.<\/p>\n<p><strong>BUSCA PAJARITO<\/strong><\/p>\n<p>En la comuna de Llay Llay, una abuelita de actuales 74 a\u00f1os de edad enfrent\u00f3 a un antisocial que ingres\u00f3 clandestinamente hasta su vivienda, a quien sorprendi\u00f3 registrando sus pertenencias, asegur\u00e1ndole \u00e9ste que buscaba un \u2018pajarito\u2019 que se le hab\u00eda extraviado. Estos hechos ocurrieron el 15 de diciembre del 2012, cuando el acusado Enrique Oscar Calder\u00f3n Gonz\u00e1lez, ingres\u00f3 por el cierre perimetral de una vivienda en la comuna de Llay Llay, de propiedad de la v\u00edctima, cuando ella se encontraba de visita donde un familiar.<\/p>\n<p>Calder\u00f3n al ver la casa a solas, aprovech\u00f3 y se introdujo hasta el interior por una puerta que la afectada casualmente hab\u00eda dejado abierta. A los pocos minutos la propietaria regres\u00f3 hasta su domicilio y encontr\u00f3 a un desconocido entremedio de su cama, registrando una maleta, lo que le provoc\u00f3 bastante miedo.<\/p>\n<p>Al consultarle el por qu\u00e9 se encontraba en el dormitorio, Enrique Calder\u00f3n contest\u00f3 astutamente y muy rebuscado, que se le hab\u00eda perdido un \u2018pajarito\u2019 que hab\u00eda extraviado y vol\u00f3 por los aires hasta su vivienda, entablando un amistoso di\u00e1logo con la v\u00edctima, a quien le manifest\u00f3 que abandonar\u00eda el inmueble por donde mismo ingres\u00f3.<\/p>\n<p>Sin embargo, la mujer le reclam\u00f3 que no lo hiciera y lo hizo salir por la puerta principal, temiendo ser agredida, abri\u00e9ndole la reja para que se fuera sin registrarse ning\u00fan tipo de violencia entre ambos, haci\u00e9ndole creer que se hab\u00eda tragado su cuento.<\/p>\n<p>La abuelita al regresar a su dormitorio se percat\u00f3 que le faltaba un monedero con $12.000 en efectivo, por lo que se dirigi\u00f3 hasta la unidad de Carabineros para realizar la denuncia, describiendo al sujeto por sus caracter\u00edsticas f\u00edsicas y de vestimentas, a\u00f1adiendo el cuento del \u2018pajarito\u2019.<\/p>\n<p>Con estos antecedentes los funcionarios policiales en tiempo r\u00e9cord capturaron a un sujeto de acuerdo a las descripciones en su poder, por ser ampliamente conocido delictualmente, y lo trasladaron hasta la subcomisar\u00eda. Los uniformados le exhibieron a la afectada un juego de cinco fotograf\u00edas de sujetos incluyendo la del sospechoso, a quien reconoci\u00f3 de inmediato por su rostro y sus vestimentas que utilizaba aquel d\u00eda.<\/p>\n<p><strong>PIDEN 7 A\u00d1OS<\/strong><\/p>\n<p>El caso fue llevado a juicio por el Fiscal Andr\u00e9s Gallardo ante el Tribunal Oral en Lo Penal de San Felipe, en donde los jueces, tras analizar las pruebas presentadas por el Ministerio P\u00fablico, resolvieron considerar culpable a Enrique Calder\u00f3n Gonz\u00e1lez por el delito de Robo en lugar habitado.<\/p>\n<p>Durante los alegatos de clausura, la fiscal\u00eda requiri\u00f3 que se condene al acusado a una pena de siete a\u00f1os y un d\u00eda por este hecho, considerando que ya mantiene condenas por Robo con violencia y Robo con fuerza, por lo que se asegura una pena privativa de libertad dado a que existe en investigaci\u00f3n otra causa vigente por la cual se encuentra en Prisi\u00f3n Preventiva.<\/p>\n<p>\u201cHicimos el juicio, la abuelita declar\u00f3 en el estrado, si bien ella no lo logr\u00f3 reconocer en esta audiencia porque ya no recordaba muy bien y es comprensible, ella ahora tiene 74 a\u00f1os de edad, han pasado m\u00e1s de dos a\u00f1os desde la fecha de los hechos y obvio que la memoria es fr\u00e1gil, pero lo importante es que no hubieron contradicciones entre los carabineros y la abuelita describi\u00f3 al sujeto tras un biombo antes de mirarlo, lo que convence que es el imputado\u201d, inform\u00f3 a Diario El Trabajo el Fiscal Andr\u00e9s Gallardo.<\/p>\n<p>Pese a que la Defensa hizo la petici\u00f3n ante los jueces de una pena de cinco a\u00f1os y un d\u00eda por estos hechos, el Tribunal Oral emitir\u00e1 la lectura de sentencia en horas de la ma\u00f1ana de hoy mi\u00e9rcoles.<\/p>\n<p>Pablo Salinas Sald\u00edas<\/p>\n","protected":false},"excerpt":{"rendered":"<p>En la actualidad el ingenio de los delincuentes supera los l\u00edmites del descaro para quienes resultan afectados por medio de enga\u00f1os, en especial atenci\u00f3n a las personas de la tercera edad, ellos&#8230;<\/p>\n","protected":false},"author":482,"featured_media":51293,"comment_status":"open","ping_status":"closed","sticky":false,"template":"","format":"standard","meta":{"advanced_seo_description":"","jetpack_seo_html_title":"","jetpack_seo_noindex":false,"_jetpack_memberships_contains_paid_content":false,"footnotes":""},"categories":[21],"tags":[],"class_list":["post-51292","post","type-post","status-publish","format-standard","has-post-thumbnail","hentry","category-policial"],"jetpack_featured_media_url":"https:\/\/i0.wp.com\/eltrabajo.cl\/portal\/wp-content\/uploads\/2014\/09\/Fiscal-Gallardo.jpg?fit=529%2C701&ssl=1","jetpack_sharing_enabled":true,"jetpack_likes_enabled":true,"jetpack-related-posts":[],"_links":{"self":[{"href":"https:\/\/eltrabajo.cl\/portal\/wp-json\/wp\/v2\/posts\/51292","targetHints":{"allow":["GET"]}}],"collection":[{"href":"https:\/\/eltrabajo.cl\/portal\/wp-json\/wp\/v2\/posts"}],"about":[{"href":"https:\/\/eltrabajo.cl\/portal\/wp-json\/wp\/v2\/types\/post"}],"author":[{"embeddable":true,"href":"https:\/\/eltrabajo.cl\/portal\/wp-json\/wp\/v2\/users\/482"}],"replies":[{"embeddable":true,"href":"https:\/\/eltrabajo.cl\/portal\/wp-json\/wp\/v2\/comments?post=51292"}],"version-history":[{"count":0,"href":"https:\/\/eltrabajo.cl\/portal\/wp-json\/wp\/v2\/posts\/51292\/revisions"}],"wp:featuredmedia":[{"embeddable":true,"href":"https:\/\/eltrabajo.cl\/portal\/wp-json\/wp\/v2\/media\/51293"}],"wp:attachment":[{"href":"https:\/\/eltrabajo.cl\/portal\/wp-json\/wp\/v2\/media?parent=51292"}],"wp:term":[{"taxonomy":"category","embeddable":true,"href":"https:\/\/eltrabajo.cl\/portal\/wp-json\/wp\/v2\/categories?post=51292"},{"taxonomy":"post_tag","embeddable":true,"href":"https:\/\/eltrabajo.cl\/portal\/wp-json\/wp\/v2\/tags?post=51292"}],"curies":[{"name":"wp","href":"https:\/\/api.w.org\/{rel}","templated":true}]}}