{"id":51305,"date":"2014-09-22T09:14:09","date_gmt":"2014-09-22T12:14:09","guid":{"rendered":"http:\/\/www.eltrabajo.cl\/portal\/?p=51305"},"modified":"2014-09-22T09:14:09","modified_gmt":"2014-09-22T12:14:09","slug":"vecinos-denuncian-desalojos-del-municipio-y-protestan-contra-alcalde-reyes","status":"publish","type":"post","link":"https:\/\/eltrabajo.cl\/portal\/vecinos-denuncian-desalojos-del-municipio-y-protestan-contra-alcalde-reyes\/","title":{"rendered":"Vecinos denuncian desalojos del municipio y protestan contra Alcalde Reyes"},"content":{"rendered":"<figure id=\"attachment_51306\" aria-describedby=\"caption-attachment-51306\" style=\"width: 529px\" class=\"wp-caption alignnone\"><a href=\"https:\/\/i0.wp.com\/www.eltrabajo.cl\/portal\/wp-content\/uploads\/2014\/09\/Denuncia11.jpg\"><img data-recalc-dims=\"1\" loading=\"lazy\" decoding=\"async\" class=\"size-full wp-image-51306\" alt=\"Hacemos menci\u00f3n que parte del cartel que aparece en la fotograf\u00eda fue borrado por nuestro medio por contener palabras de grueso calibre en contra del edil.\" src=\"https:\/\/i0.wp.com\/www.eltrabajo.cl\/portal\/wp-content\/uploads\/2014\/09\/Denuncia11.jpg?resize=529%2C358\" width=\"529\" height=\"358\" srcset=\"https:\/\/i0.wp.com\/eltrabajo.cl\/portal\/wp-content\/uploads\/2014\/09\/Denuncia11.jpg?w=529&amp;ssl=1 529w, https:\/\/i0.wp.com\/eltrabajo.cl\/portal\/wp-content\/uploads\/2014\/09\/Denuncia11.jpg?resize=200%2C135&amp;ssl=1 200w, https:\/\/i0.wp.com\/eltrabajo.cl\/portal\/wp-content\/uploads\/2014\/09\/Denuncia11.jpg?resize=300%2C203&amp;ssl=1 300w, https:\/\/i0.wp.com\/eltrabajo.cl\/portal\/wp-content\/uploads\/2014\/09\/Denuncia11.jpg?resize=150%2C101&amp;ssl=1 150w, https:\/\/i0.wp.com\/eltrabajo.cl\/portal\/wp-content\/uploads\/2014\/09\/Denuncia11.jpg?resize=400%2C270&amp;ssl=1 400w\" sizes=\"auto, (max-width: 529px) 100vw, 529px\" \/><\/a><figcaption id=\"caption-attachment-51306\" class=\"wp-caption-text\">Hacemos menci\u00f3n que parte del cartel que aparece en la fotograf\u00eda fue borrado por nuestro medio por contener palabras de grueso calibre en contra del edil.<\/figcaption><\/figure>\n<p><strong>PUTAENDO<\/strong>.-Una simb\u00f3lica protesta en contra del Alcalde Guillermo Reyes, realiz\u00f3 un joven y su familia del sector Las Coimas, luego que fueran desalojados por el municipio desde el terreno que estaban ocupando. La Sra. Ana O\u2019Cares se\u00f1al\u00f3 a nuestro medio que su hijo levant\u00f3 una peque\u00f1a vivienda de material ligero, lo que en realidad era una pieza de madera a un costado de la carretera en el sector Las Cabritas, espec\u00edficamente a orilla de r\u00edo hace poco m\u00e1s de un a\u00f1o y ah\u00ed comenz\u00f3 a vivir.<\/p>\n<p>Ana reconoci\u00f3 que sab\u00edan que hab\u00edan ocupado un terreno de bien de uso p\u00fablico, que no estaban autorizados y que estaban al tanto que se pod\u00eda tratar de una toma ilegal, sin embargo, asegur\u00f3 que fueron al municipio y trataron de buscar ayuda, e incluso hablaron con el Alcalde Guillermo Reyes, pero nunca recibieron ayuda, y hace poco tiempo atr\u00e1s fueron multados y el martes reci\u00e9n pasado, con la presencia de Carabineros, funcionarios municipales desarmaron la vivienda y desalojaron el lugar luego de una orden emanada desde el Juzgado de Polic\u00eda Local.<\/p>\n<p>La Sra. Ana O\u2019Cares sostiene que su hijo decidi\u00f3 protestar instalando un cartel a orilla de camino, pues indic\u00f3 que el Alcalde Reyes ha cometido una injusticia enorme, y se\u00f1al\u00f3 que con su hijo se aplic\u00f3 todo el rigor de la ley, en circunstancias que el alcalde y el municipio han hecho vista gorda con la familia que se tom\u00f3 una importante cantidad de terrenos en el mismo lugar y que poco a poco fueron aumentando la extensi\u00f3n del terreno que se tomaron, adem\u00e1s de tener animales e incluso se extendieron hacia el r\u00edo, y el municipio que en un principio dijo que los desalojar\u00eda, hoy incluso les env\u00eda camiones con agua.<\/p>\n<p>\u00abMi hijo levant\u00f3 esa pieza sin molestar a nadie, sab\u00edamos que no correspond\u00eda, pero lo que es justo es justo para todos y es cosa de ver como esta familia incluso hoy tiene postes con cables de energ\u00eda el\u00e9ctrica, ha levantado panderetas, se tomaron hasta el r\u00edo y tambi\u00e9n est\u00e1n en un terreno peligroso y de bien de uso p\u00fablico y el municipio los protege, sin embargo, a mi hijo y a nosotros nos manda a desalojar, eso es una injusticia tremenda del municipio y del Alcalde Guillermo Reyes\u00bb, fustig\u00f3 O\u2019Cares.<\/p>\n<p>Efectivamente, como lo muestra esta fotograf\u00eda, existe un cierre perimetral bastante extenso, hay postes de fierro que transportan el tendido el\u00e9ctrico y se ven algunas construcciones que pertenecen a la familia aludida por la denunciante, la que por cierto vale la pena recordar, se intent\u00f3 desalojar en el mandato del ex- alcalde Roberto Mart\u00ednez y tambi\u00e9n en la actual administraci\u00f3n de Guillermo Reyes, lo que hoy est\u00e1 generando la molestia de quienes est\u00e1n instalando el letrero y reclaman contra el Alcalde Guillermo Reyes.<\/p>\n<p><strong>\u00a0VERSI\u00d3N MUNICIPAL<\/strong><\/p>\n<p>Sobre este delicado tema, contactamos al Director de Obras del Municipio, Jorge Reyes, quien indic\u00f3 que efectivamente por una orden judicial se hab\u00eda procedido al desalojo de la persona que habitaba el lugar y al desarme de la estructura de madera, e indic\u00f3 que hace m\u00e1s de un a\u00f1o a esta persona se le dieron todos los plazos correspondientes para que saliera del lugar que estaba habitando, que se emplaza en un bien de uso p\u00fablico y que tom\u00f3 en forma ilegal.<\/p>\n<p>Reyes asegur\u00f3 que en lo relacionado a la familia que se instal\u00f3 desde la curva hacia el sector sur en el mismo lugar, indic\u00f3 primeramente que esa familia tiene un compromiso de compra con un propietario de la parte norte, espec\u00edficamente con el Sr. Zegers y luego present\u00f3 una solicitud de concesi\u00f3n al Concejo Municipal por un emprendimiento relacionado con la venta de quesos y que el municipio puede autorizar la concesi\u00f3n de un terreno de bien de uso p\u00fablico cuando se trata de un emprendimiento y no de un lugar para habitar.<\/p>\n<p>Llama la atenci\u00f3n, seg\u00fan lo explicado por el Director de Obras, que poco a poco esa construcci\u00f3n se fue ampliando y hoy viven ah\u00ed a lo menos dos familias, lo que contrasta con la explicaci\u00f3n entregada, y por cierto, claramente y tal como lo muestra la fotograf\u00eda, la extensi\u00f3n de esa propiedad a orilla de carretera hacia el sector norte o hacia San Felipe es bastante extensa, lo que por ejemplo ha llevado a que este joven tambi\u00e9n se haya querido instalar en el lugar y que hoy haya realizado este reclamo.<\/p>\n<p>Patricio Gallardo M.<\/p>\n<p>&nbsp;<\/p>\n","protected":false},"excerpt":{"rendered":"<p>PUTAENDO.-Una simb\u00f3lica protesta en contra del Alcalde Guillermo Reyes, realiz\u00f3 un joven y su familia del sector Las Coimas, luego que fueran desalojados por el municipio desde el terreno que estaban ocupando&#8230;.<\/p>\n","protected":false},"author":482,"featured_media":51306,"comment_status":"open","ping_status":"closed","sticky":false,"template":"","format":"standard","meta":{"advanced_seo_description":"","jetpack_seo_html_title":"","jetpack_seo_noindex":false,"_jetpack_memberships_contains_paid_content":false,"footnotes":""},"categories":[15],"tags":[],"class_list":["post-51305","post","type-post","status-publish","format-standard","has-post-thumbnail","hentry","category-comunidad"],"jetpack_featured_media_url":"https:\/\/i0.wp.com\/eltrabajo.cl\/portal\/wp-content\/uploads\/2014\/09\/Denuncia11.jpg?fit=529%2C358&ssl=1","jetpack_sharing_enabled":true,"jetpack_likes_enabled":true,"jetpack-related-posts":[],"_links":{"self":[{"href":"https:\/\/eltrabajo.cl\/portal\/wp-json\/wp\/v2\/posts\/51305","targetHints":{"allow":["GET"]}}],"collection":[{"href":"https:\/\/eltrabajo.cl\/portal\/wp-json\/wp\/v2\/posts"}],"about":[{"href":"https:\/\/eltrabajo.cl\/portal\/wp-json\/wp\/v2\/types\/post"}],"author":[{"embeddable":true,"href":"https:\/\/eltrabajo.cl\/portal\/wp-json\/wp\/v2\/users\/482"}],"replies":[{"embeddable":true,"href":"https:\/\/eltrabajo.cl\/portal\/wp-json\/wp\/v2\/comments?post=51305"}],"version-history":[{"count":0,"href":"https:\/\/eltrabajo.cl\/portal\/wp-json\/wp\/v2\/posts\/51305\/revisions"}],"wp:featuredmedia":[{"embeddable":true,"href":"https:\/\/eltrabajo.cl\/portal\/wp-json\/wp\/v2\/media\/51306"}],"wp:attachment":[{"href":"https:\/\/eltrabajo.cl\/portal\/wp-json\/wp\/v2\/media?parent=51305"}],"wp:term":[{"taxonomy":"category","embeddable":true,"href":"https:\/\/eltrabajo.cl\/portal\/wp-json\/wp\/v2\/categories?post=51305"},{"taxonomy":"post_tag","embeddable":true,"href":"https:\/\/eltrabajo.cl\/portal\/wp-json\/wp\/v2\/tags?post=51305"}],"curies":[{"name":"wp","href":"https:\/\/api.w.org\/{rel}","templated":true}]}}