{"id":51310,"date":"2014-09-22T09:15:45","date_gmt":"2014-09-22T12:15:45","guid":{"rendered":"http:\/\/www.eltrabajo.cl\/portal\/?p=51310"},"modified":"2014-09-22T09:15:45","modified_gmt":"2014-09-22T12:15:45","slug":"rinconadinos-ya-cuentan-con-un-estadio-municipal-de-mejor-calidad","status":"publish","type":"post","link":"https:\/\/eltrabajo.cl\/portal\/rinconadinos-ya-cuentan-con-un-estadio-municipal-de-mejor-calidad\/","title":{"rendered":"Rinconadinos ya cuentan con un estadio municipal de mejor calidad"},"content":{"rendered":"<figure id=\"attachment_51311\" aria-describedby=\"caption-attachment-51311\" style=\"width: 529px\" class=\"wp-caption alignnone\"><a href=\"https:\/\/i0.wp.com\/www.eltrabajo.cl\/portal\/wp-content\/uploads\/2014\/09\/Estadio1.jpg\"><img data-recalc-dims=\"1\" loading=\"lazy\" decoding=\"async\" class=\"size-full wp-image-51311\" alt=\"El martes16 de septiembre desde las 19:00 horas, se comenz\u00f3 con las actividades para celebrar la finalizaci\u00f3n de las mejoras efectuadas al Estadio Municipal de Rinconada.\" src=\"https:\/\/i0.wp.com\/www.eltrabajo.cl\/portal\/wp-content\/uploads\/2014\/09\/Estadio1.jpg?resize=529%2C351\" width=\"529\" height=\"351\" srcset=\"https:\/\/i0.wp.com\/eltrabajo.cl\/portal\/wp-content\/uploads\/2014\/09\/Estadio1.jpg?w=529&amp;ssl=1 529w, https:\/\/i0.wp.com\/eltrabajo.cl\/portal\/wp-content\/uploads\/2014\/09\/Estadio1.jpg?resize=200%2C132&amp;ssl=1 200w, https:\/\/i0.wp.com\/eltrabajo.cl\/portal\/wp-content\/uploads\/2014\/09\/Estadio1.jpg?resize=300%2C199&amp;ssl=1 300w, https:\/\/i0.wp.com\/eltrabajo.cl\/portal\/wp-content\/uploads\/2014\/09\/Estadio1.jpg?resize=150%2C99&amp;ssl=1 150w, https:\/\/i0.wp.com\/eltrabajo.cl\/portal\/wp-content\/uploads\/2014\/09\/Estadio1.jpg?resize=400%2C265&amp;ssl=1 400w\" sizes=\"auto, (max-width: 529px) 100vw, 529px\" \/><\/a><figcaption id=\"caption-attachment-51311\" class=\"wp-caption-text\">El martes16 de septiembre desde las 19:00 horas, se comenz\u00f3 con las actividades para celebrar la finalizaci\u00f3n de las mejoras efectuadas al Estadio Municipal de Rinconada.<\/figcaption><\/figure>\n<p><strong>RINCONADA<\/strong>.- El martes16 de septiembre desde las 19:00 horas, se comenz\u00f3 con las actividades para celebrar la finalizaci\u00f3n de las mejoras efectuadas al Estadio Municipal de Rinconada. Fue una inversi\u00f3n importante que asciende a $107 millones provenientes de fondos IND y cerca de $80 millones que fueron directamente aporte municipal, fondos que han permitido un notable progreso en este lugar que llevaba a\u00f1os en un menoscabo y un paulatino abandono, pero que sin embargo hoy se perfila como uno de los mejores recintos deportivos de la provincia.<\/p>\n<p>A la inauguraci\u00f3n asistieron diversas personalidades del mundo pol\u00edtico, la actividad comenz\u00f3 a eso de las 19:00 horas con dos partidos amistosos que tuvieron gran convocatoria, reuniendo a centenares de rinconadinos, este proyecto de mejoramiento del Estadio Municipal de Rinconada consider\u00f3 arreglos que consistieron en un cambio sustancial en las capacidades del principal campo deportivo de Rinconada, tanto en el \u00e1mbito est\u00e9tico como funcional. Adem\u00e1s el proyecto considera la mantenci\u00f3n del campo deportivo durante seis meses, m\u00e1s la capacitaci\u00f3n de funcionarios municipales para que puedan seguir con este proceso en el futuro.<\/p>\n<p>&nbsp;<\/p>\n","protected":false},"excerpt":{"rendered":"<p>RINCONADA.- El martes16 de septiembre desde las 19:00 horas, se comenz\u00f3 con las actividades para celebrar la finalizaci\u00f3n de las mejoras efectuadas al Estadio Municipal de Rinconada. Fue una inversi\u00f3n importante que&#8230;<\/p>\n","protected":false},"author":482,"featured_media":51311,"comment_status":"open","ping_status":"closed","sticky":false,"template":"","format":"standard","meta":{"advanced_seo_description":"","jetpack_seo_html_title":"","jetpack_seo_noindex":false,"_jetpack_memberships_contains_paid_content":false,"footnotes":""},"categories":[15],"tags":[],"class_list":["post-51310","post","type-post","status-publish","format-standard","has-post-thumbnail","hentry","category-comunidad"],"jetpack_featured_media_url":"https:\/\/i0.wp.com\/eltrabajo.cl\/portal\/wp-content\/uploads\/2014\/09\/Estadio1.jpg?fit=529%2C351&ssl=1","jetpack_sharing_enabled":true,"jetpack_likes_enabled":true,"jetpack-related-posts":[],"_links":{"self":[{"href":"https:\/\/eltrabajo.cl\/portal\/wp-json\/wp\/v2\/posts\/51310","targetHints":{"allow":["GET"]}}],"collection":[{"href":"https:\/\/eltrabajo.cl\/portal\/wp-json\/wp\/v2\/posts"}],"about":[{"href":"https:\/\/eltrabajo.cl\/portal\/wp-json\/wp\/v2\/types\/post"}],"author":[{"embeddable":true,"href":"https:\/\/eltrabajo.cl\/portal\/wp-json\/wp\/v2\/users\/482"}],"replies":[{"embeddable":true,"href":"https:\/\/eltrabajo.cl\/portal\/wp-json\/wp\/v2\/comments?post=51310"}],"version-history":[{"count":0,"href":"https:\/\/eltrabajo.cl\/portal\/wp-json\/wp\/v2\/posts\/51310\/revisions"}],"wp:featuredmedia":[{"embeddable":true,"href":"https:\/\/eltrabajo.cl\/portal\/wp-json\/wp\/v2\/media\/51311"}],"wp:attachment":[{"href":"https:\/\/eltrabajo.cl\/portal\/wp-json\/wp\/v2\/media?parent=51310"}],"wp:term":[{"taxonomy":"category","embeddable":true,"href":"https:\/\/eltrabajo.cl\/portal\/wp-json\/wp\/v2\/categories?post=51310"},{"taxonomy":"post_tag","embeddable":true,"href":"https:\/\/eltrabajo.cl\/portal\/wp-json\/wp\/v2\/tags?post=51310"}],"curies":[{"name":"wp","href":"https:\/\/api.w.org\/{rel}","templated":true}]}}