{"id":51314,"date":"2014-09-22T09:16:41","date_gmt":"2014-09-22T12:16:41","guid":{"rendered":"http:\/\/www.eltrabajo.cl\/portal\/?p=51314"},"modified":"2014-09-22T09:16:41","modified_gmt":"2014-09-22T12:16:41","slug":"entregan-computadores-y-material-tecnologico-para-jardines-infantiles-vtf","status":"publish","type":"post","link":"https:\/\/eltrabajo.cl\/portal\/entregan-computadores-y-material-tecnologico-para-jardines-infantiles-vtf\/","title":{"rendered":"Entregan computadores y material tecnol\u00f3gico para jardines infantiles VTF"},"content":{"rendered":"<figure id=\"attachment_51315\" aria-describedby=\"caption-attachment-51315\" style=\"width: 529px\" class=\"wp-caption alignnone\"><a href=\"https:\/\/i0.wp.com\/www.eltrabajo.cl\/portal\/wp-content\/uploads\/2014\/09\/Computadores1.jpg\"><img data-recalc-dims=\"1\" loading=\"lazy\" decoding=\"async\" class=\"size-full wp-image-51315\" alt=\"El material adquirido beneficia directamente al desarrollo psico-cognitivo y motor del alto porcentaje de p\u00e1rvulos que forman parte de los jardines infantiles V\u00eda Transferencia de Fondos (VTF).\" src=\"https:\/\/i0.wp.com\/www.eltrabajo.cl\/portal\/wp-content\/uploads\/2014\/09\/Computadores1.jpg?resize=529%2C401\" width=\"529\" height=\"401\" srcset=\"https:\/\/i0.wp.com\/eltrabajo.cl\/portal\/wp-content\/uploads\/2014\/09\/Computadores1.jpg?w=529&amp;ssl=1 529w, https:\/\/i0.wp.com\/eltrabajo.cl\/portal\/wp-content\/uploads\/2014\/09\/Computadores1.jpg?resize=197%2C150&amp;ssl=1 197w, https:\/\/i0.wp.com\/eltrabajo.cl\/portal\/wp-content\/uploads\/2014\/09\/Computadores1.jpg?resize=300%2C227&amp;ssl=1 300w, https:\/\/i0.wp.com\/eltrabajo.cl\/portal\/wp-content\/uploads\/2014\/09\/Computadores1.jpg?resize=150%2C113&amp;ssl=1 150w, https:\/\/i0.wp.com\/eltrabajo.cl\/portal\/wp-content\/uploads\/2014\/09\/Computadores1.jpg?resize=400%2C303&amp;ssl=1 400w\" sizes=\"auto, (max-width: 529px) 100vw, 529px\" \/><\/a><figcaption id=\"caption-attachment-51315\" class=\"wp-caption-text\">El material adquirido beneficia directamente al desarrollo psico-cognitivo y motor del alto porcentaje de p\u00e1rvulos que forman parte de los jardines infantiles V\u00eda Transferencia de Fondos (VTF).<\/figcaption><\/figure>\n<p><strong>LLAY LLAY<\/strong>.- Autoridades llaylla\u00ednas y la Directora de Secplac, Elizabeth Villalobos, entregaron a las directoras de los jardines infantiles VTF de la comuna, computadores y equipos electr\u00f3nicos adquiridos a trav\u00e9s de proyectos del Fondo de Desarrollo Regional (FNDR) Circular 33.<\/p>\n<p>\u201cSe adquiri\u00f3 computadores y material tecnol\u00f3gico por $19 millones para los jardines infantiles de la comuna, este proyecto forma parte de las inversiones por m\u00e1s de $1000 millones para el trimestre julio-septiembre que se realiza en Llay Llay a trav\u00e9s de varias modalidades: Pavimentos Participativos; Programa Mejoramiento urbano y Fondos de Desarrollo Regional\u201d, explic\u00f3 el Alcalde Mario Marillanca al ser consultado.<\/p>\n<p>Circular 33 es un programa de inversi\u00f3n del Gobierno Regional, que permite a las municipalidades gestionar de manera m\u00e1s expedita el proceso de asignaci\u00f3n de recursos en lo relativo a bienes muebles e inmuebles; necesarios para el funcionamiento y operaci\u00f3n de las instituciones p\u00fablicas que prestan servicios a la comunidad.<\/p>\n<p>&nbsp;<\/p>\n","protected":false},"excerpt":{"rendered":"<p>LLAY LLAY.- Autoridades llaylla\u00ednas y la Directora de Secplac, Elizabeth Villalobos, entregaron a las directoras de los jardines infantiles VTF de la comuna, computadores y equipos electr\u00f3nicos adquiridos a trav\u00e9s de proyectos&#8230;<\/p>\n","protected":false},"author":482,"featured_media":51315,"comment_status":"open","ping_status":"closed","sticky":false,"template":"","format":"standard","meta":{"advanced_seo_description":"","jetpack_seo_html_title":"","jetpack_seo_noindex":false,"_jetpack_memberships_contains_paid_content":false,"footnotes":""},"categories":[15],"tags":[],"class_list":["post-51314","post","type-post","status-publish","format-standard","has-post-thumbnail","hentry","category-comunidad"],"jetpack_featured_media_url":"https:\/\/i0.wp.com\/eltrabajo.cl\/portal\/wp-content\/uploads\/2014\/09\/Computadores1.jpg?fit=529%2C401&ssl=1","jetpack_sharing_enabled":true,"jetpack_likes_enabled":true,"jetpack-related-posts":[],"_links":{"self":[{"href":"https:\/\/eltrabajo.cl\/portal\/wp-json\/wp\/v2\/posts\/51314","targetHints":{"allow":["GET"]}}],"collection":[{"href":"https:\/\/eltrabajo.cl\/portal\/wp-json\/wp\/v2\/posts"}],"about":[{"href":"https:\/\/eltrabajo.cl\/portal\/wp-json\/wp\/v2\/types\/post"}],"author":[{"embeddable":true,"href":"https:\/\/eltrabajo.cl\/portal\/wp-json\/wp\/v2\/users\/482"}],"replies":[{"embeddable":true,"href":"https:\/\/eltrabajo.cl\/portal\/wp-json\/wp\/v2\/comments?post=51314"}],"version-history":[{"count":0,"href":"https:\/\/eltrabajo.cl\/portal\/wp-json\/wp\/v2\/posts\/51314\/revisions"}],"wp:featuredmedia":[{"embeddable":true,"href":"https:\/\/eltrabajo.cl\/portal\/wp-json\/wp\/v2\/media\/51315"}],"wp:attachment":[{"href":"https:\/\/eltrabajo.cl\/portal\/wp-json\/wp\/v2\/media?parent=51314"}],"wp:term":[{"taxonomy":"category","embeddable":true,"href":"https:\/\/eltrabajo.cl\/portal\/wp-json\/wp\/v2\/categories?post=51314"},{"taxonomy":"post_tag","embeddable":true,"href":"https:\/\/eltrabajo.cl\/portal\/wp-json\/wp\/v2\/tags?post=51314"}],"curies":[{"name":"wp","href":"https:\/\/api.w.org\/{rel}","templated":true}]}}