{"id":51318,"date":"2014-09-22T09:18:26","date_gmt":"2014-09-22T12:18:26","guid":{"rendered":"http:\/\/www.eltrabajo.cl\/portal\/?p=51318"},"modified":"2014-09-22T09:18:26","modified_gmt":"2014-09-22T12:18:26","slug":"sanfecoop-y-el-ipla-firman-convenio-de-ayuda-mutua-para-los-socios-y-alumnos","status":"publish","type":"post","link":"https:\/\/eltrabajo.cl\/portal\/sanfecoop-y-el-ipla-firman-convenio-de-ayuda-mutua-para-los-socios-y-alumnos\/","title":{"rendered":"Sanfecoop y el Ipla firman convenio de ayuda mutua para los socios y alumnos"},"content":{"rendered":"<figure id=\"attachment_51319\" aria-describedby=\"caption-attachment-51319\" style=\"width: 529px\" class=\"wp-caption alignnone\"><a href=\"https:\/\/i0.wp.com\/www.eltrabajo.cl\/portal\/wp-content\/uploads\/2014\/09\/Sanfecoop1.jpg\"><img data-recalc-dims=\"1\" loading=\"lazy\" decoding=\"async\" class=\"size-full wp-image-51319\" alt=\"El gerente de Sanfecoop y el rector del Ipla procedieron a la firma del importante convenio.\" src=\"https:\/\/i0.wp.com\/www.eltrabajo.cl\/portal\/wp-content\/uploads\/2014\/09\/Sanfecoop1.jpg?resize=529%2C314\" width=\"529\" height=\"314\" srcset=\"https:\/\/i0.wp.com\/eltrabajo.cl\/portal\/wp-content\/uploads\/2014\/09\/Sanfecoop1.jpg?w=529&amp;ssl=1 529w, https:\/\/i0.wp.com\/eltrabajo.cl\/portal\/wp-content\/uploads\/2014\/09\/Sanfecoop1.jpg?resize=200%2C118&amp;ssl=1 200w, https:\/\/i0.wp.com\/eltrabajo.cl\/portal\/wp-content\/uploads\/2014\/09\/Sanfecoop1.jpg?resize=300%2C178&amp;ssl=1 300w, https:\/\/i0.wp.com\/eltrabajo.cl\/portal\/wp-content\/uploads\/2014\/09\/Sanfecoop1.jpg?resize=150%2C89&amp;ssl=1 150w, https:\/\/i0.wp.com\/eltrabajo.cl\/portal\/wp-content\/uploads\/2014\/09\/Sanfecoop1.jpg?resize=400%2C237&amp;ssl=1 400w\" sizes=\"auto, (max-width: 529px) 100vw, 529px\" \/><\/a><figcaption id=\"caption-attachment-51319\" class=\"wp-caption-text\">El gerente de Sanfecoop y el rector del Ipla procedieron a la firma del importante convenio.<\/figcaption><\/figure>\n<p>Este martes en la ma\u00f1ana, se firm\u00f3 un convenio de ayuda entre Sanfecoop y el Ipla, destinado a beneficiar tanto a los socios como a los alumnos del instituto. La firma del convenio se realiz\u00f3 en dependencias del propio Ipla, donde estuvieron presentes director de establecimiento educacional y miembros del directorio de Sanfecoop, encabezados por su Presidente Rolando Stevenson Velasco, Ana Villagra Villaseca Vicepresidente, Marta Figueroa Valenzuela Secretaria y Luis Pino Rozas Consejero.<\/p>\n<p>El convenio consiste en que alumnos del Ipla podr\u00e1n hacer su pr\u00e1ctica profesional en la parte administrativa de Sanfecoop, como tambi\u00e9n hacer actividades conjuntas de desarrollo para el Valle de Aconcagua. Mientras que los socios de Sanfecoop tendr\u00e1n un 10% de descuento sobre los aranceles fijados cada a\u00f1o por el Instituto Libertadores de Los Andes.<\/p>\n<p>El Presidente del Consejo Administrativo de Sanfecoop, Rolando Stevenson, dijo que este es un acuerdo que une a dos instituciones que tienen bastante prestigio en el Valle del Aconcagua, por una parte el Instituto Libertadores de Los Andes y por otra la cooperativa.<\/p>\n<p>\u201cEl Instituto es una instituci\u00f3n que tiene m\u00e1s de treinta a\u00f1os de servicio al Valle de Aconcagua y nuestra instituci\u00f3n 56 y por esto que en representaci\u00f3n de nuestros socios, hemos firmado este convenio esta es una uni\u00f3n muy vigorosa de mucha fortaleza que favorece a los 15.000 socios de nuestra instituci\u00f3n y obviamente a los alumnos del instituto, pero sobre todo a desarrollar nuevas ideas nuevas tecnolog\u00edas, nuevas visiones del Valle de Aconcagua\u201d, sostuvo Stevenson.<\/p>\n<p>Por su parte el Rector del Ipla, Jos\u00e9 Lazcano, dijo que la importancia para el instituto de firmar este convenio es \u201cque permite ampliar las bases de colaboraci\u00f3n y aporte que puedan hacer el Ipla hacia la comunidad, dentro de nuestro plan de desarrollo se encuentra la pol\u00edtica de vinculaci\u00f3n del entorno y el Instituto entiende la vinculaci\u00f3n con el entorno el poder firmar convenios, alianzas, para poder hacer un desarrollo social de conocimiento y por sobre todo hacer un aporte a las personas a los j\u00f3venes de nuestro Valle de Aconcagua provincia de San Felipe-Los Andes y alrededores\u201d, indic\u00f3.<\/p>\n","protected":false},"excerpt":{"rendered":"<p>Este martes en la ma\u00f1ana, se firm\u00f3 un convenio de ayuda entre Sanfecoop y el Ipla, destinado a beneficiar tanto a los socios como a los alumnos del instituto. La firma del&#8230;<\/p>\n","protected":false},"author":482,"featured_media":51319,"comment_status":"open","ping_status":"closed","sticky":false,"template":"","format":"standard","meta":{"advanced_seo_description":"","jetpack_seo_html_title":"","jetpack_seo_noindex":false,"_jetpack_memberships_contains_paid_content":false,"footnotes":""},"categories":[15],"tags":[],"class_list":["post-51318","post","type-post","status-publish","format-standard","has-post-thumbnail","hentry","category-comunidad"],"jetpack_featured_media_url":"https:\/\/i0.wp.com\/eltrabajo.cl\/portal\/wp-content\/uploads\/2014\/09\/Sanfecoop1.jpg?fit=529%2C314&ssl=1","jetpack_sharing_enabled":true,"jetpack_likes_enabled":true,"jetpack-related-posts":[],"_links":{"self":[{"href":"https:\/\/eltrabajo.cl\/portal\/wp-json\/wp\/v2\/posts\/51318","targetHints":{"allow":["GET"]}}],"collection":[{"href":"https:\/\/eltrabajo.cl\/portal\/wp-json\/wp\/v2\/posts"}],"about":[{"href":"https:\/\/eltrabajo.cl\/portal\/wp-json\/wp\/v2\/types\/post"}],"author":[{"embeddable":true,"href":"https:\/\/eltrabajo.cl\/portal\/wp-json\/wp\/v2\/users\/482"}],"replies":[{"embeddable":true,"href":"https:\/\/eltrabajo.cl\/portal\/wp-json\/wp\/v2\/comments?post=51318"}],"version-history":[{"count":0,"href":"https:\/\/eltrabajo.cl\/portal\/wp-json\/wp\/v2\/posts\/51318\/revisions"}],"wp:featuredmedia":[{"embeddable":true,"href":"https:\/\/eltrabajo.cl\/portal\/wp-json\/wp\/v2\/media\/51319"}],"wp:attachment":[{"href":"https:\/\/eltrabajo.cl\/portal\/wp-json\/wp\/v2\/media?parent=51318"}],"wp:term":[{"taxonomy":"category","embeddable":true,"href":"https:\/\/eltrabajo.cl\/portal\/wp-json\/wp\/v2\/categories?post=51318"},{"taxonomy":"post_tag","embeddable":true,"href":"https:\/\/eltrabajo.cl\/portal\/wp-json\/wp\/v2\/tags?post=51318"}],"curies":[{"name":"wp","href":"https:\/\/api.w.org\/{rel}","templated":true}]}}