{"id":51322,"date":"2014-09-22T09:20:59","date_gmt":"2014-09-22T12:20:59","guid":{"rendered":"http:\/\/www.eltrabajo.cl\/portal\/?p=51322"},"modified":"2014-09-22T09:20:59","modified_gmt":"2014-09-22T12:20:59","slug":"miles-de-personas-visitaron-putaendo-y-las-fiestas-patrias","status":"publish","type":"post","link":"https:\/\/eltrabajo.cl\/portal\/miles-de-personas-visitaron-putaendo-y-las-fiestas-patrias\/","title":{"rendered":"Miles de personas visitaron Putaendo y las Fiestas Patrias"},"content":{"rendered":"<figure id=\"attachment_51323\" aria-describedby=\"caption-attachment-51323\" style=\"width: 529px\" class=\"wp-caption alignnone\"><a href=\"https:\/\/i0.wp.com\/www.eltrabajo.cl\/portal\/wp-content\/uploads\/2014\/09\/Ramada2.jpg\"><img data-recalc-dims=\"1\" loading=\"lazy\" decoding=\"async\" class=\"size-full wp-image-51323\" alt=\"Miles de personas visitaron la comuna de Putaendo y los distintos lugares donde se realizaron actividades conmemorativas de las Fiestas Patrias.\" src=\"https:\/\/i0.wp.com\/www.eltrabajo.cl\/portal\/wp-content\/uploads\/2014\/09\/Ramada2.jpg?resize=529%2C358\" width=\"529\" height=\"358\" srcset=\"https:\/\/i0.wp.com\/eltrabajo.cl\/portal\/wp-content\/uploads\/2014\/09\/Ramada2.jpg?w=529&amp;ssl=1 529w, https:\/\/i0.wp.com\/eltrabajo.cl\/portal\/wp-content\/uploads\/2014\/09\/Ramada2.jpg?resize=200%2C135&amp;ssl=1 200w, https:\/\/i0.wp.com\/eltrabajo.cl\/portal\/wp-content\/uploads\/2014\/09\/Ramada2.jpg?resize=300%2C203&amp;ssl=1 300w, https:\/\/i0.wp.com\/eltrabajo.cl\/portal\/wp-content\/uploads\/2014\/09\/Ramada2.jpg?resize=150%2C101&amp;ssl=1 150w, https:\/\/i0.wp.com\/eltrabajo.cl\/portal\/wp-content\/uploads\/2014\/09\/Ramada2.jpg?resize=400%2C270&amp;ssl=1 400w\" sizes=\"auto, (max-width: 529px) 100vw, 529px\" \/><\/a><figcaption id=\"caption-attachment-51323\" class=\"wp-caption-text\">Miles de personas visitaron la comuna de Putaendo y los distintos lugares donde se realizaron actividades conmemorativas de las Fiestas Patrias.<\/figcaption><\/figure>\n<p><strong>PUTAENDO<\/strong>.- Miles de personas visitaron la comuna de Putaendo y los distintos lugares donde se realizaron actividades conmemorativas de las Fiestas Patrias. El 17 reci\u00e9n pasado ya se hab\u00edan instalado en Parque El Huaso de Sahond\u00e9, las primeras familias en los hermosos parajes de ese lugar, y el d\u00eda 18 mas de 8.000 personas repletaron el parque, lo que se extendi\u00f3 hasta el s\u00e1bado 20 con una gran cantidad de familias que llegaron hasta ese lugar y disfrutaron de todas las actividades que la serran\u00eda ten\u00eda preparadas.<\/p>\n<p>En la medialuna de Guzmanes, la fiesta tambi\u00e9n fue en grande y el rodeo laboral no tan s\u00f3lo congreg\u00f3 a los amantes del rodeo, sino a cientos de personas que llegaron hasta ese tranquilo sector.<\/p>\n<p>Ramada La Chalana en Tabolango, tambi\u00e9n congreg\u00f3 a cientos de personas, quienes disfrutaron de domaduras, juegos t\u00edpicos y de la excelente ramada. La nota sobresaliente una vez mas la obtuvo la Familia S\u00e1nchez, quienes realizaron en sus corrales demostraciones t\u00edpicas de nuestro campo, juegos t\u00edpicos, paseos a caballo, tuvieron una granja educativa y se vieron sobrepasados con la cantidad de familias que llegaron a disfrutar de los exquisitos almuerzos y bailaron en la ramada oficial.<\/p>\n<p>A lo anterior hay que sumar las miles de personas que recorrieron cada rinc\u00f3n de Putaendo buscando un lugar donde comerse un asado, disfrutar y pasarlo bien. Durante los d\u00edas de celebraci\u00f3n se estima que llegaron a la comuna de Putaendo m\u00e1s de 70.000 personas que durante los cuatro d\u00edas de fiesta pasaron un 18 inolvidable en la hermosa comuna de Putaendo.<\/p>\n<p>Patricio Gallardo M.<\/p>\n<div class=\"tiled-gallery type-rectangular tiled-gallery-unresized\" data-original-width=\"640\" data-carousel-extra='null' itemscope itemtype=\"http:\/\/schema.org\/ImageGallery\" > <div class=\"gallery-row\" style=\"width: 640px; height: 271px;\" data-original-width=\"640\" data-original-height=\"271\" > <div class=\"gallery-group images-1\" style=\"width: 399px; height: 271px;\" data-original-width=\"399\" data-original-height=\"271\" > <div class=\"tiled-gallery-item tiled-gallery-item-large\" itemprop=\"associatedMedia\" itemscope itemtype=\"http:\/\/schema.org\/ImageObject\"> <a href=\"https:\/\/eltrabajo.cl\/portal\/miles-de-personas-visitaron-putaendo-y-las-fiestas-patrias\/ramada1-2\/\" border=\"0\" itemprop=\"url\"> <meta itemprop=\"width\" content=\"395\"> <meta itemprop=\"height\" content=\"267\"> <img decoding=\"async\" class=\"\" data-attachment-id=\"51324\" data-orig-file=\"https:\/\/eltrabajo.cl\/portal\/wp-content\/uploads\/2014\/09\/Ramada1.jpg\" data-orig-size=\"529,358\" data-comments-opened=\"1\" data-image-meta=\"{&quot;aperture&quot;:&quot;0&quot;,&quot;credit&quot;:&quot;&quot;,&quot;camera&quot;:&quot;&quot;,&quot;caption&quot;:&quot;&quot;,&quot;created_timestamp&quot;:&quot;0&quot;,&quot;copyright&quot;:&quot;[wopmind]&quot;,&quot;focal_length&quot;:&quot;0&quot;,&quot;iso&quot;:&quot;0&quot;,&quot;shutter_speed&quot;:&quot;0&quot;,&quot;title&quot;:&quot;&quot;}\" data-image-title=\"Ramada1\" data-image-description=\"&lt;p&gt;En la medialuna de Guzmanes, la fiesta tambi\u00e9n fue en grande y el rodeo laboral no tan s\u00f3lo congreg\u00f3 a los amantes del rodeo, sino a cientos de personas que llegaron hasta ese tranquilo sector.&lt;\/p&gt; \" data-medium-file=\"https:\/\/i0.wp.com\/eltrabajo.cl\/portal\/wp-content\/uploads\/2014\/09\/Ramada1.jpg?fit=300%2C203&#038;ssl=1\" data-large-file=\"https:\/\/i0.wp.com\/eltrabajo.cl\/portal\/wp-content\/uploads\/2014\/09\/Ramada1.jpg?fit=529%2C358&#038;ssl=1\" src=\"https:\/\/i0.wp.com\/eltrabajo.cl\/portal\/wp-content\/uploads\/2014\/09\/Ramada1.jpg?w=395&#038;h=267&#038;ssl=1\" srcset=\"https:\/\/i0.wp.com\/eltrabajo.cl\/portal\/wp-content\/uploads\/2014\/09\/Ramada1.jpg?w=529&amp;ssl=1 529w, https:\/\/i0.wp.com\/eltrabajo.cl\/portal\/wp-content\/uploads\/2014\/09\/Ramada1.jpg?resize=200%2C135&amp;ssl=1 200w, https:\/\/i0.wp.com\/eltrabajo.cl\/portal\/wp-content\/uploads\/2014\/09\/Ramada1.jpg?resize=300%2C203&amp;ssl=1 300w, https:\/\/i0.wp.com\/eltrabajo.cl\/portal\/wp-content\/uploads\/2014\/09\/Ramada1.jpg?resize=150%2C101&amp;ssl=1 150w, https:\/\/i0.wp.com\/eltrabajo.cl\/portal\/wp-content\/uploads\/2014\/09\/Ramada1.jpg?resize=400%2C270&amp;ssl=1 400w\" width=\"395\" height=\"267\" loading=\"lazy\" data-original-width=\"395\" data-original-height=\"267\" itemprop=\"http:\/\/schema.org\/image\" title=\"Ramada1\" alt=\"En la medialuna de Guzmanes, la fiesta tambi\u00e9n fue en grande y el rodeo laboral no tan s\u00f3lo congreg\u00f3 a los amantes del rodeo, sino a cientos de personas que llegaron hasta ese tranquilo sector.\" style=\"width: 395px; height: 267px;\" \/> <\/a> <div class=\"tiled-gallery-caption\" itemprop=\"caption description\"> En la medialuna de Guzmanes, la fiesta tambi\u00e9n fue en grande y el rodeo laboral no tan s\u00f3lo congreg\u00f3 a los amantes del rodeo, sino a cientos de personas que llegaron hasta ese tranquilo sector. <\/div> <\/div> <\/div> <!-- close group --> <div class=\"gallery-group images-1\" style=\"width: 241px; height: 271px;\" data-original-width=\"241\" data-original-height=\"271\" > <div class=\"tiled-gallery-item tiled-gallery-item-small\" itemprop=\"associatedMedia\" itemscope itemtype=\"http:\/\/schema.org\/ImageObject\"> <a href=\"https:\/\/eltrabajo.cl\/portal\/miles-de-personas-visitaron-putaendo-y-las-fiestas-patrias\/ternerita1\/\" border=\"0\" itemprop=\"url\"> <meta itemprop=\"width\" content=\"237\"> <meta itemprop=\"height\" content=\"267\"> <img decoding=\"async\" class=\"\" data-attachment-id=\"51325\" data-orig-file=\"https:\/\/eltrabajo.cl\/portal\/wp-content\/uploads\/2014\/09\/Ternerita1.jpg\" data-orig-size=\"529,595\" data-comments-opened=\"1\" data-image-meta=\"{&quot;aperture&quot;:&quot;0&quot;,&quot;credit&quot;:&quot;&quot;,&quot;camera&quot;:&quot;&quot;,&quot;caption&quot;:&quot;&quot;,&quot;created_timestamp&quot;:&quot;0&quot;,&quot;copyright&quot;:&quot;[wopmind]&quot;,&quot;focal_length&quot;:&quot;0&quot;,&quot;iso&quot;:&quot;0&quot;,&quot;shutter_speed&quot;:&quot;0&quot;,&quot;title&quot;:&quot;&quot;}\" data-image-title=\"Ternerita1\" data-image-description=\"&lt;p&gt;Peques y grandes se atrevieron a disfrutar, sin maltratar a los animales, de estas Fiestas Patrias.&lt;\/p&gt; \" data-medium-file=\"https:\/\/i0.wp.com\/eltrabajo.cl\/portal\/wp-content\/uploads\/2014\/09\/Ternerita1.jpg?fit=266%2C300&#038;ssl=1\" data-large-file=\"https:\/\/i0.wp.com\/eltrabajo.cl\/portal\/wp-content\/uploads\/2014\/09\/Ternerita1.jpg?fit=529%2C595&#038;ssl=1\" src=\"https:\/\/i0.wp.com\/eltrabajo.cl\/portal\/wp-content\/uploads\/2014\/09\/Ternerita1.jpg?w=237&#038;h=267&#038;ssl=1\" srcset=\"https:\/\/i0.wp.com\/eltrabajo.cl\/portal\/wp-content\/uploads\/2014\/09\/Ternerita1.jpg?w=529&amp;ssl=1 529w, https:\/\/i0.wp.com\/eltrabajo.cl\/portal\/wp-content\/uploads\/2014\/09\/Ternerita1.jpg?resize=133%2C150&amp;ssl=1 133w, https:\/\/i0.wp.com\/eltrabajo.cl\/portal\/wp-content\/uploads\/2014\/09\/Ternerita1.jpg?resize=266%2C300&amp;ssl=1 266w, https:\/\/i0.wp.com\/eltrabajo.cl\/portal\/wp-content\/uploads\/2014\/09\/Ternerita1.jpg?resize=400%2C449&amp;ssl=1 400w\" width=\"237\" height=\"267\" loading=\"lazy\" data-original-width=\"237\" data-original-height=\"267\" itemprop=\"http:\/\/schema.org\/image\" title=\"Ternerita1\" alt=\"Peques y grandes se atrevieron a disfrutar, sin maltratar a los animales, de estas Fiestas Patrias.\" style=\"width: 237px; height: 267px;\" \/> <\/a> <div class=\"tiled-gallery-caption\" itemprop=\"caption description\"> Peques y grandes se atrevieron a disfrutar, sin maltratar a los animales, de estas Fiestas Patrias. <\/div> <\/div> <\/div> <!-- close group --> <\/div> <!-- close row --> <\/div>\n","protected":false},"excerpt":{"rendered":"<p>PUTAENDO.- Miles de personas visitaron la comuna de Putaendo y los distintos lugares donde se realizaron actividades conmemorativas de las Fiestas Patrias. El 17 reci\u00e9n pasado ya se hab\u00edan instalado en Parque&#8230;<\/p>\n","protected":false},"author":482,"featured_media":51323,"comment_status":"open","ping_status":"closed","sticky":false,"template":"","format":"standard","meta":{"advanced_seo_description":"","jetpack_seo_html_title":"","jetpack_seo_noindex":false,"_jetpack_memberships_contains_paid_content":false,"footnotes":""},"categories":[15],"tags":[],"class_list":["post-51322","post","type-post","status-publish","format-standard","has-post-thumbnail","hentry","category-comunidad"],"jetpack_featured_media_url":"https:\/\/i0.wp.com\/eltrabajo.cl\/portal\/wp-content\/uploads\/2014\/09\/Ramada2.jpg?fit=529%2C358&ssl=1","jetpack_sharing_enabled":true,"jetpack_likes_enabled":true,"jetpack-related-posts":[],"_links":{"self":[{"href":"https:\/\/eltrabajo.cl\/portal\/wp-json\/wp\/v2\/posts\/51322","targetHints":{"allow":["GET"]}}],"collection":[{"href":"https:\/\/eltrabajo.cl\/portal\/wp-json\/wp\/v2\/posts"}],"about":[{"href":"https:\/\/eltrabajo.cl\/portal\/wp-json\/wp\/v2\/types\/post"}],"author":[{"embeddable":true,"href":"https:\/\/eltrabajo.cl\/portal\/wp-json\/wp\/v2\/users\/482"}],"replies":[{"embeddable":true,"href":"https:\/\/eltrabajo.cl\/portal\/wp-json\/wp\/v2\/comments?post=51322"}],"version-history":[{"count":0,"href":"https:\/\/eltrabajo.cl\/portal\/wp-json\/wp\/v2\/posts\/51322\/revisions"}],"wp:featuredmedia":[{"embeddable":true,"href":"https:\/\/eltrabajo.cl\/portal\/wp-json\/wp\/v2\/media\/51323"}],"wp:attachment":[{"href":"https:\/\/eltrabajo.cl\/portal\/wp-json\/wp\/v2\/media?parent=51322"}],"wp:term":[{"taxonomy":"category","embeddable":true,"href":"https:\/\/eltrabajo.cl\/portal\/wp-json\/wp\/v2\/categories?post=51322"},{"taxonomy":"post_tag","embeddable":true,"href":"https:\/\/eltrabajo.cl\/portal\/wp-json\/wp\/v2\/tags?post=51322"}],"curies":[{"name":"wp","href":"https:\/\/api.w.org\/{rel}","templated":true}]}}