{"id":51328,"date":"2014-09-22T09:23:29","date_gmt":"2014-09-22T12:23:29","guid":{"rendered":"http:\/\/www.eltrabajo.cl\/portal\/?p=51328"},"modified":"2014-09-22T09:23:29","modified_gmt":"2014-09-22T12:23:29","slug":"en-colegio-metodista-rinden-homenaje-a-gabriela-mistral","status":"publish","type":"post","link":"https:\/\/eltrabajo.cl\/portal\/en-colegio-metodista-rinden-homenaje-a-gabriela-mistral\/","title":{"rendered":"En colegio Metodista rinden homenaje a Gabriela Mistral"},"content":{"rendered":"<figure id=\"attachment_51329\" aria-describedby=\"caption-attachment-51329\" style=\"width: 529px\" class=\"wp-caption alignnone\"><a href=\"https:\/\/i0.wp.com\/www.eltrabajo.cl\/portal\/wp-content\/uploads\/2014\/09\/girasoles1.jpg\"><img data-recalc-dims=\"1\" loading=\"lazy\" decoding=\"async\" class=\"size-full wp-image-51329\" alt=\"El acto estuvo lleno de sorpresas y personajes, desde los arrieros; los agricultores; la mujer temporera; el piuch\u00e9n; las pifilcas; la trilla y la fiesta de la vendimia.\" src=\"https:\/\/i0.wp.com\/www.eltrabajo.cl\/portal\/wp-content\/uploads\/2014\/09\/girasoles1.jpg?resize=529%2C358\" width=\"529\" height=\"358\" srcset=\"https:\/\/i0.wp.com\/eltrabajo.cl\/portal\/wp-content\/uploads\/2014\/09\/girasoles1.jpg?w=529&amp;ssl=1 529w, https:\/\/i0.wp.com\/eltrabajo.cl\/portal\/wp-content\/uploads\/2014\/09\/girasoles1.jpg?resize=200%2C135&amp;ssl=1 200w, https:\/\/i0.wp.com\/eltrabajo.cl\/portal\/wp-content\/uploads\/2014\/09\/girasoles1.jpg?resize=300%2C203&amp;ssl=1 300w, https:\/\/i0.wp.com\/eltrabajo.cl\/portal\/wp-content\/uploads\/2014\/09\/girasoles1.jpg?resize=150%2C101&amp;ssl=1 150w, https:\/\/i0.wp.com\/eltrabajo.cl\/portal\/wp-content\/uploads\/2014\/09\/girasoles1.jpg?resize=400%2C270&amp;ssl=1 400w\" sizes=\"auto, (max-width: 529px) 100vw, 529px\" \/><\/a><figcaption id=\"caption-attachment-51329\" class=\"wp-caption-text\">El acto estuvo lleno de sorpresas y personajes, desde los arrieros; los agricultores; la mujer temporera; el piuch\u00e9n; las pifilcas; la trilla y la fiesta de la vendimia.<\/figcaption><\/figure>\n<p><strong>LOS ANDES<\/strong>.- El Colegio Metodista Ed\u00e9n del Ni\u00f1o present\u00f3 a la comunidad una hermosa gala folcl\u00f3rica enmarcada en una tradici\u00f3n del establecimiento en estas Fiestas Patrias, celebraci\u00f3n que se desarroll\u00f3 en el patio de la Gobernaci\u00f3n Provincial de Los Andes, bajo la atenta mirada de m\u00e1s de 700 personas. Fue as\u00ed que la versi\u00f3n XVII de esta gala folcl\u00f3rica estuvo dedicada a la destacada poetiza chilena, Gabriela Mistral.<\/p>\n<figure id=\"attachment_51330\" aria-describedby=\"caption-attachment-51330\" style=\"width: 370px\" class=\"wp-caption alignright\"><a href=\"https:\/\/i0.wp.com\/www.eltrabajo.cl\/portal\/wp-content\/uploads\/2014\/09\/girasoles2.jpg\"><img data-recalc-dims=\"1\" loading=\"lazy\" decoding=\"async\" class=\" wp-image-51330 \" alt=\"Los alumnos prepararon diariamente cada uno de los shows art\u00edsticos, acompa\u00f1ados y guiados por el Profesor de M\u00fasica del colegio, Franz Kraemer.\" src=\"https:\/\/i0.wp.com\/www.eltrabajo.cl\/portal\/wp-content\/uploads\/2014\/09\/girasoles2.jpg?resize=370%2C250\" width=\"370\" height=\"250\" srcset=\"https:\/\/i0.wp.com\/eltrabajo.cl\/portal\/wp-content\/uploads\/2014\/09\/girasoles2.jpg?w=529&amp;ssl=1 529w, https:\/\/i0.wp.com\/eltrabajo.cl\/portal\/wp-content\/uploads\/2014\/09\/girasoles2.jpg?resize=200%2C134&amp;ssl=1 200w, https:\/\/i0.wp.com\/eltrabajo.cl\/portal\/wp-content\/uploads\/2014\/09\/girasoles2.jpg?resize=300%2C202&amp;ssl=1 300w, https:\/\/i0.wp.com\/eltrabajo.cl\/portal\/wp-content\/uploads\/2014\/09\/girasoles2.jpg?resize=150%2C101&amp;ssl=1 150w, https:\/\/i0.wp.com\/eltrabajo.cl\/portal\/wp-content\/uploads\/2014\/09\/girasoles2.jpg?resize=400%2C269&amp;ssl=1 400w\" sizes=\"auto, (max-width: 370px) 100vw, 370px\" \/><\/a><figcaption id=\"caption-attachment-51330\" class=\"wp-caption-text\">Los alumnos prepararon diariamente cada uno de los shows art\u00edsticos, acompa\u00f1ados y guiados por el Profesor de M\u00fasica del colegio, Franz Kraemer.<\/figcaption><\/figure>\n<p>Los alumnos prepararon diariamente cada uno de los shows art\u00edsticos, acompa\u00f1ados y guiados por el Profesor de M\u00fasica del colegio, Franz Kraemer y Gemita Ram\u00edrez, quien personific\u00f3 a Gabriela Mistral y el recorrido que hizo la Premio Nobel. Para la directora del establecimiento, Elisa Barraza Alfaro, \u201cesta actividad se ha transformado en una tradici\u00f3n para nuestro colegio. Por medio de ella buscamos el desarrollo integral de los estudiantes, como tambi\u00e9n contribuir a la cultura local y de nuestro pa\u00eds\u201d, sostuvo Alfaro.<\/p>\n<p>Gabriela Mistral fue profesora de Castellano e Historia y Geograf\u00eda en el Liceo de Ni\u00f1as de Los Andes, que en ese tiempo estaba ubicado en Calle Esmeralda. Posteriormente vivi\u00f3 en Calle Las Heras y despu\u00e9s en el sector de Coquimbito. Le gustaba la poes\u00eda y su gran pasi\u00f3n era ense\u00f1ar a los ni\u00f1os. Esto motiv\u00f3 a los docentes a preparar con mucho esmero la presentaci\u00f3n de cada curso. Cada baile record\u00f3 cada trabajo y cada acci\u00f3n que realiz\u00f3 Gabriela Mistral, primero se vivi\u00f3 la llegada de Mistral a la estaci\u00f3n de trenes de la ciudad de Los Andes, donde es recibida por la directora del liceo, al cual lleg\u00f3 a desempe\u00f1arse como profesora, esta representaci\u00f3n fue realizada por alumnos de tercero b\u00e1sico del establecimiento.<\/p>\n<p>El acto estuvo lleno de sorpresas, desde los arrieros; los agricultores; la mujer temporera; el piuch\u00e9n; las pifilcas; la trilla y la fiesta de la vendimia. As\u00ed mismo al momento de terminar la presentaci\u00f3n todo el patio del edificio de gobierno, se llen\u00f3 de color agradeciendo a la educadora que deja una huella imborrable en nuestra esencia, en nuestro pa\u00eds y sobretodo en el Valle de Aconcagua.<\/p>\n<p>&nbsp;<\/p>\n","protected":false},"excerpt":{"rendered":"<p>LOS ANDES.- El Colegio Metodista Ed\u00e9n del Ni\u00f1o present\u00f3 a la comunidad una hermosa gala folcl\u00f3rica enmarcada en una tradici\u00f3n del establecimiento en estas Fiestas Patrias, celebraci\u00f3n que se desarroll\u00f3 en el&#8230;<\/p>\n","protected":false},"author":482,"featured_media":51329,"comment_status":"open","ping_status":"closed","sticky":false,"template":"","format":"standard","meta":{"advanced_seo_description":"","jetpack_seo_html_title":"","jetpack_seo_noindex":false,"_jetpack_memberships_contains_paid_content":false,"footnotes":""},"categories":[15],"tags":[],"class_list":["post-51328","post","type-post","status-publish","format-standard","has-post-thumbnail","hentry","category-comunidad"],"jetpack_featured_media_url":"https:\/\/i0.wp.com\/eltrabajo.cl\/portal\/wp-content\/uploads\/2014\/09\/girasoles1.jpg?fit=529%2C358&ssl=1","jetpack_sharing_enabled":true,"jetpack_likes_enabled":true,"jetpack-related-posts":[],"_links":{"self":[{"href":"https:\/\/eltrabajo.cl\/portal\/wp-json\/wp\/v2\/posts\/51328","targetHints":{"allow":["GET"]}}],"collection":[{"href":"https:\/\/eltrabajo.cl\/portal\/wp-json\/wp\/v2\/posts"}],"about":[{"href":"https:\/\/eltrabajo.cl\/portal\/wp-json\/wp\/v2\/types\/post"}],"author":[{"embeddable":true,"href":"https:\/\/eltrabajo.cl\/portal\/wp-json\/wp\/v2\/users\/482"}],"replies":[{"embeddable":true,"href":"https:\/\/eltrabajo.cl\/portal\/wp-json\/wp\/v2\/comments?post=51328"}],"version-history":[{"count":0,"href":"https:\/\/eltrabajo.cl\/portal\/wp-json\/wp\/v2\/posts\/51328\/revisions"}],"wp:featuredmedia":[{"embeddable":true,"href":"https:\/\/eltrabajo.cl\/portal\/wp-json\/wp\/v2\/media\/51329"}],"wp:attachment":[{"href":"https:\/\/eltrabajo.cl\/portal\/wp-json\/wp\/v2\/media?parent=51328"}],"wp:term":[{"taxonomy":"category","embeddable":true,"href":"https:\/\/eltrabajo.cl\/portal\/wp-json\/wp\/v2\/categories?post=51328"},{"taxonomy":"post_tag","embeddable":true,"href":"https:\/\/eltrabajo.cl\/portal\/wp-json\/wp\/v2\/tags?post=51328"}],"curies":[{"name":"wp","href":"https:\/\/api.w.org\/{rel}","templated":true}]}}