{"id":51342,"date":"2014-09-22T09:32:49","date_gmt":"2014-09-22T12:32:49","guid":{"rendered":"http:\/\/www.eltrabajo.cl\/portal\/?p=51342"},"modified":"2014-09-22T09:32:49","modified_gmt":"2014-09-22T12:32:49","slug":"motociclista-fallece-tras-accidente-de-transito-en-sector-21-de-mayo","status":"publish","type":"post","link":"https:\/\/eltrabajo.cl\/portal\/motociclista-fallece-tras-accidente-de-transito-en-sector-21-de-mayo\/","title":{"rendered":"Motociclista fallece tras accidente de tr\u00e1nsito en sector 21 de Mayo"},"content":{"rendered":"<figure id=\"attachment_51343\" aria-describedby=\"caption-attachment-51343\" style=\"width: 370px\" class=\"wp-caption alignleft\"><a href=\"https:\/\/i0.wp.com\/www.eltrabajo.cl\/portal\/wp-content\/uploads\/2014\/09\/Moto.jpg\"><img data-recalc-dims=\"1\" loading=\"lazy\" decoding=\"async\" class=\" wp-image-51343 \" alt=\"Hasta el lugar del accidente concurri\u00f3 personal de Carabineros y Bomberos para asistir a los heridos junto al Samu, que traslad\u00f3 a los heridos hasta el Hospital San Camilo de San Felipe. (Foto:@EmerVcordillera)\" src=\"https:\/\/i0.wp.com\/www.eltrabajo.cl\/portal\/wp-content\/uploads\/2014\/09\/Moto.jpg?resize=370%2C398\" width=\"370\" height=\"398\" srcset=\"https:\/\/i0.wp.com\/eltrabajo.cl\/portal\/wp-content\/uploads\/2014\/09\/Moto.jpg?w=529&amp;ssl=1 529w, https:\/\/i0.wp.com\/eltrabajo.cl\/portal\/wp-content\/uploads\/2014\/09\/Moto.jpg?resize=139%2C150&amp;ssl=1 139w, https:\/\/i0.wp.com\/eltrabajo.cl\/portal\/wp-content\/uploads\/2014\/09\/Moto.jpg?resize=278%2C300&amp;ssl=1 278w, https:\/\/i0.wp.com\/eltrabajo.cl\/portal\/wp-content\/uploads\/2014\/09\/Moto.jpg?resize=400%2C430&amp;ssl=1 400w\" sizes=\"auto, (max-width: 370px) 100vw, 370px\" \/><\/a><figcaption id=\"caption-attachment-51343\" class=\"wp-caption-text\">Hasta el lugar del accidente concurri\u00f3 personal de Carabineros y Bomberos para asistir a los heridos junto al Samu, que traslad\u00f3 a los heridos hasta el Hospital San Camilo de San Felipe. (Foto:@EmerVcordillera)<\/figcaption><\/figure>\n<p>A consecuencia de un accidente de tr\u00e1nsito, falleci\u00f3 un joven de 24 a\u00f1os de edad identificado como V\u00edctor Contreras Rodr\u00edguez, quien result\u00f3 gravemente herido cuando colision\u00f3 conduciendo su motocicleta con un autom\u00f3vil en movimiento en el sector 21 de Mayo el pasado 18 de Septiembre.<\/p>\n<p>El accidente ocurri\u00f3 a eso de las 16:30 horas, cuando Contreras se desplazaba con su m\u00f3vil por el camino principal de ese sector desde su domicilio en Bellavista. Por causas a\u00fan no determinadas V\u00edctor colision\u00f3 violentamente a un veh\u00edculo particular que lo hizo estrellarse contra el suelo, junto a una mujer que abordaba tambi\u00e9n el veh\u00edculo de dos ruedas.<\/p>\n<p>A consecuencia de lo anterior ambos resultaron con heridas y lesiones de gravedad, siendo asistidos por el Samu, que los traslad\u00f3 hasta el Hospital San Camilo de San Felipe. Sin embargo por la complejidad de las lesiones las v\u00edctimas fueron derivadas hasta una centro asistencial en la regi\u00f3n metropolitana.<\/p>\n<p>No obstante tras la intervenci\u00f3n m\u00e9dica, V\u00edctor Contreras Rodr\u00edguez no se sobrepuso al accidente y falleci\u00f3 horas m\u00e1s tarde en ese centro hospitalario de la capital.<\/p>\n<p>&nbsp;<\/p>\n","protected":false},"excerpt":{"rendered":"<p>A consecuencia de un accidente de tr\u00e1nsito, falleci\u00f3 un joven de 24 a\u00f1os de edad identificado como V\u00edctor Contreras Rodr\u00edguez, quien result\u00f3 gravemente herido cuando colision\u00f3 conduciendo su motocicleta con un autom\u00f3vil&#8230;<\/p>\n","protected":false},"author":482,"featured_media":51343,"comment_status":"open","ping_status":"closed","sticky":false,"template":"","format":"standard","meta":{"advanced_seo_description":"","jetpack_seo_html_title":"","jetpack_seo_noindex":false,"_jetpack_memberships_contains_paid_content":false,"footnotes":""},"categories":[21],"tags":[],"class_list":["post-51342","post","type-post","status-publish","format-standard","has-post-thumbnail","hentry","category-policial"],"jetpack_featured_media_url":"https:\/\/i0.wp.com\/eltrabajo.cl\/portal\/wp-content\/uploads\/2014\/09\/Moto.jpg?fit=529%2C569&ssl=1","jetpack_sharing_enabled":true,"jetpack_likes_enabled":true,"jetpack-related-posts":[],"_links":{"self":[{"href":"https:\/\/eltrabajo.cl\/portal\/wp-json\/wp\/v2\/posts\/51342","targetHints":{"allow":["GET"]}}],"collection":[{"href":"https:\/\/eltrabajo.cl\/portal\/wp-json\/wp\/v2\/posts"}],"about":[{"href":"https:\/\/eltrabajo.cl\/portal\/wp-json\/wp\/v2\/types\/post"}],"author":[{"embeddable":true,"href":"https:\/\/eltrabajo.cl\/portal\/wp-json\/wp\/v2\/users\/482"}],"replies":[{"embeddable":true,"href":"https:\/\/eltrabajo.cl\/portal\/wp-json\/wp\/v2\/comments?post=51342"}],"version-history":[{"count":0,"href":"https:\/\/eltrabajo.cl\/portal\/wp-json\/wp\/v2\/posts\/51342\/revisions"}],"wp:featuredmedia":[{"embeddable":true,"href":"https:\/\/eltrabajo.cl\/portal\/wp-json\/wp\/v2\/media\/51343"}],"wp:attachment":[{"href":"https:\/\/eltrabajo.cl\/portal\/wp-json\/wp\/v2\/media?parent=51342"}],"wp:term":[{"taxonomy":"category","embeddable":true,"href":"https:\/\/eltrabajo.cl\/portal\/wp-json\/wp\/v2\/categories?post=51342"},{"taxonomy":"post_tag","embeddable":true,"href":"https:\/\/eltrabajo.cl\/portal\/wp-json\/wp\/v2\/tags?post=51342"}],"curies":[{"name":"wp","href":"https:\/\/api.w.org\/{rel}","templated":true}]}}