{"id":51348,"date":"2014-09-22T09:40:17","date_gmt":"2014-09-22T12:40:17","guid":{"rendered":"http:\/\/www.eltrabajo.cl\/portal\/?p=51348"},"modified":"2014-09-22T09:40:17","modified_gmt":"2014-09-22T12:40:17","slug":"dos-adultos-mayores-se-suicidan-en-plenas-fiestas-patrias","status":"publish","type":"post","link":"https:\/\/eltrabajo.cl\/portal\/dos-adultos-mayores-se-suicidan-en-plenas-fiestas-patrias\/","title":{"rendered":"Dos adultos mayores se suicidan en plenas Fiestas Patrias"},"content":{"rendered":"<figure id=\"attachment_51349\" aria-describedby=\"caption-attachment-51349\" style=\"width: 317px\" class=\"wp-caption alignleft\"><a href=\"https:\/\/i0.wp.com\/www.eltrabajo.cl\/portal\/wp-content\/uploads\/2014\/09\/Carlos-Alegria.jpg\"><img data-recalc-dims=\"1\" loading=\"lazy\" decoding=\"async\" class=\" wp-image-51349 \" alt=\"Subcomisario de la Brigada de Homicidios, Carlos Alegr\u00eda. \" src=\"https:\/\/i0.wp.com\/www.eltrabajo.cl\/portal\/wp-content\/uploads\/2014\/09\/Carlos-Alegria.jpg?resize=317%2C283\" width=\"317\" height=\"283\" srcset=\"https:\/\/i0.wp.com\/eltrabajo.cl\/portal\/wp-content\/uploads\/2014\/09\/Carlos-Alegria.jpg?w=529&amp;ssl=1 529w, https:\/\/i0.wp.com\/eltrabajo.cl\/portal\/wp-content\/uploads\/2014\/09\/Carlos-Alegria.jpg?resize=168%2C150&amp;ssl=1 168w, https:\/\/i0.wp.com\/eltrabajo.cl\/portal\/wp-content\/uploads\/2014\/09\/Carlos-Alegria.jpg?resize=300%2C267&amp;ssl=1 300w, https:\/\/i0.wp.com\/eltrabajo.cl\/portal\/wp-content\/uploads\/2014\/09\/Carlos-Alegria.jpg?resize=150%2C133&amp;ssl=1 150w, https:\/\/i0.wp.com\/eltrabajo.cl\/portal\/wp-content\/uploads\/2014\/09\/Carlos-Alegria.jpg?resize=400%2C356&amp;ssl=1 400w\" sizes=\"auto, (max-width: 317px) 100vw, 317px\" \/><\/a><figcaption id=\"caption-attachment-51349\" class=\"wp-caption-text\">Subcomisario de la Brigada de Homicidios, Carlos Alegr\u00eda.<\/figcaption><\/figure>\n<p>Dos casos de suicidio se registraron en Aconcagua en el marco de las celebraciones de Fiestas Patrias, cuyos cuerpos correspond\u00edan a dos hombres de 61 a\u00f1os de edad domiciliados en las comunas de Catemu y San Felipe, quienes decidieron acabar con sus vidas en distintas circunstancias.<\/p>\n<p>El primer caso ocurri\u00f3 el pasado viernes 19 en horas de la ma\u00f1ana al interior de un inmueble ubicado en calle Los Alerces, sector La Colonia de Catemu, donde resid\u00eda Jaime Alberto Castro Collao de 61 a\u00f1os de edad, quien se dispar\u00f3 en el abdomen con una escopeta calibre 12 en momentos que se encontraba solo en su domicilio.<\/p>\n<p><strong>UN ESCOPETAZO<\/strong><\/p>\n<p>Desafortunadamente el cuerpo sin vida fue hallado por un familiar, quien dio cuenta de los hechos a Carabineros, para posteriormente por instrucci\u00f3n del Fiscal de Turno dar paso a las diligencias de la Brigada de Homicidios de la Polic\u00eda de Investigaciones de Los Andes, quienes en un informe preliminar descartaron la intervenci\u00f3n de terceras personas, confirmando la acci\u00f3n del tipo suicida, la que ser\u00e1 ratificada tras la autopsia de rigor.<\/p>\n<p>\u00abPresentaba una herida atribuible a proyectil bal\u00edstico de una escopeta en la regi\u00f3n abdominal. Se est\u00e1n realizando diligencias para determinar las circunstancias por las cuales se habr\u00eda propinado este disparo y con los antecedentes preliminares estar\u00edamos en presencia de una acci\u00f3n del tipo suicida, pero tenemos que efectuar otras diligencias para poder descartar cualquier otro tipo de hip\u00f3tesis que se presuma\u00bb, inform\u00f3 el Subcomisario de la Brigada de Homicidios, Carlos Alegr\u00eda.<\/p>\n<figure id=\"attachment_51350\" aria-describedby=\"caption-attachment-51350\" style=\"width: 317px\" class=\"wp-caption alignright\"><a href=\"https:\/\/i0.wp.com\/www.eltrabajo.cl\/portal\/wp-content\/uploads\/2014\/09\/Escopeta11.jpg\"><img data-recalc-dims=\"1\" loading=\"lazy\" decoding=\"async\" class=\" wp-image-51350 \" alt=\"Jaime Alberto Castro Collao de 61 a\u00f1os de edad, se dispar\u00f3 en el abdomen con una escopeta calibre 12 en los momentos que se encontraba solo en su domicilio. (Archivo)\" src=\"https:\/\/i0.wp.com\/www.eltrabajo.cl\/portal\/wp-content\/uploads\/2014\/09\/Escopeta11.jpg?resize=317%2C215\" width=\"317\" height=\"215\" srcset=\"https:\/\/i0.wp.com\/eltrabajo.cl\/portal\/wp-content\/uploads\/2014\/09\/Escopeta11.jpg?w=529&amp;ssl=1 529w, https:\/\/i0.wp.com\/eltrabajo.cl\/portal\/wp-content\/uploads\/2014\/09\/Escopeta11.jpg?resize=200%2C135&amp;ssl=1 200w, https:\/\/i0.wp.com\/eltrabajo.cl\/portal\/wp-content\/uploads\/2014\/09\/Escopeta11.jpg?resize=300%2C203&amp;ssl=1 300w, https:\/\/i0.wp.com\/eltrabajo.cl\/portal\/wp-content\/uploads\/2014\/09\/Escopeta11.jpg?resize=150%2C101&amp;ssl=1 150w, https:\/\/i0.wp.com\/eltrabajo.cl\/portal\/wp-content\/uploads\/2014\/09\/Escopeta11.jpg?resize=400%2C270&amp;ssl=1 400w\" sizes=\"auto, (max-width: 317px) 100vw, 317px\" \/><\/a><figcaption id=\"caption-attachment-51350\" class=\"wp-caption-text\">Jaime Alberto Castro Collao de 61 a\u00f1os de edad, se dispar\u00f3 en el abdomen con una escopeta calibre 12 en los momentos que se encontraba solo en su domicilio. (Archivo)<\/figcaption><\/figure>\n<p><strong>\u00a0EN SU TRABAJO<\/strong><\/p>\n<p>El segundo caso ocurri\u00f3 en horas de la tarde del pasado s\u00e1bado 20, cuando Germ\u00e1n Irarr\u00e1zabal Valenzuela de 61 a\u00f1os de edad, se dirigi\u00f3 hasta su lugar de trabajo en Calle Toro Mazote 166 de San Felipe, lugar donde se realizan las faenas de construcci\u00f3n de un edificio.<\/p>\n<p>Seg\u00fan el informe de la Polic\u00eda de Investigaciones, el cuerpo del occiso se encontraba pendiendo de una soga, cuya muerte fue diagnosticada como asfixia por ahorcamiento del tipo suicida, cuya macabra escena fue observada por el jefe de obras y un familiar del fallecido.<\/p>\n<p>Las primeras diligencias a cargo de la Brigada de Homicidios de Los Andes confirmaron el suicidio de Germ\u00e1n Irarr\u00e1zabal, descartando la intervenci\u00f3n en primera instancia de terceras personas en este atentado a la vida del fallecido.<\/p>\n<p>\u00abConforme al examen externo del cuerpo no se encuentran lesiones atribuibles a terceras personas por lo tanto estar\u00edamos frente a una acci\u00f3n del tipo suicida, estamos a la espera de la autopsia respectiva y en espera de algunas entrevistas que debemos realizar a su c\u00edrculo cercano\u00bb, se\u00f1al\u00f3 Alegr\u00eda.<\/p>\n<p>Germ\u00e1n Irarr\u00e1zabal fue despedido por sus familiares y m\u00e1s cercanos desde su domicilio en Villa Bernardo Cruz de San Felipe.<\/p>\n<p>Pablo Salinas Sald\u00edas<\/p>\n<p>&nbsp;<\/p>\n","protected":false},"excerpt":{"rendered":"<p>Dos casos de suicidio se registraron en Aconcagua en el marco de las celebraciones de Fiestas Patrias, cuyos cuerpos correspond\u00edan a dos hombres de 61 a\u00f1os de edad domiciliados en las comunas&#8230;<\/p>\n","protected":false},"author":482,"featured_media":51349,"comment_status":"open","ping_status":"closed","sticky":false,"template":"","format":"standard","meta":{"advanced_seo_description":"","jetpack_seo_html_title":"","jetpack_seo_noindex":false,"_jetpack_memberships_contains_paid_content":false,"footnotes":""},"categories":[21],"tags":[],"class_list":["post-51348","post","type-post","status-publish","format-standard","has-post-thumbnail","hentry","category-policial"],"jetpack_featured_media_url":"https:\/\/i0.wp.com\/eltrabajo.cl\/portal\/wp-content\/uploads\/2014\/09\/Carlos-Alegria.jpg?fit=529%2C472&ssl=1","jetpack_sharing_enabled":true,"jetpack_likes_enabled":true,"jetpack-related-posts":[],"_links":{"self":[{"href":"https:\/\/eltrabajo.cl\/portal\/wp-json\/wp\/v2\/posts\/51348","targetHints":{"allow":["GET"]}}],"collection":[{"href":"https:\/\/eltrabajo.cl\/portal\/wp-json\/wp\/v2\/posts"}],"about":[{"href":"https:\/\/eltrabajo.cl\/portal\/wp-json\/wp\/v2\/types\/post"}],"author":[{"embeddable":true,"href":"https:\/\/eltrabajo.cl\/portal\/wp-json\/wp\/v2\/users\/482"}],"replies":[{"embeddable":true,"href":"https:\/\/eltrabajo.cl\/portal\/wp-json\/wp\/v2\/comments?post=51348"}],"version-history":[{"count":0,"href":"https:\/\/eltrabajo.cl\/portal\/wp-json\/wp\/v2\/posts\/51348\/revisions"}],"wp:featuredmedia":[{"embeddable":true,"href":"https:\/\/eltrabajo.cl\/portal\/wp-json\/wp\/v2\/media\/51349"}],"wp:attachment":[{"href":"https:\/\/eltrabajo.cl\/portal\/wp-json\/wp\/v2\/media?parent=51348"}],"wp:term":[{"taxonomy":"category","embeddable":true,"href":"https:\/\/eltrabajo.cl\/portal\/wp-json\/wp\/v2\/categories?post=51348"},{"taxonomy":"post_tag","embeddable":true,"href":"https:\/\/eltrabajo.cl\/portal\/wp-json\/wp\/v2\/tags?post=51348"}],"curies":[{"name":"wp","href":"https:\/\/api.w.org\/{rel}","templated":true}]}}