{"id":51353,"date":"2014-09-22T09:42:32","date_gmt":"2014-09-22T12:42:32","guid":{"rendered":"http:\/\/www.eltrabajo.cl\/portal\/?p=51353"},"modified":"2014-09-22T09:42:32","modified_gmt":"2014-09-22T12:42:32","slug":"peaton-muere-atropellado-en-cercanias-puente-21-de-mayo","status":"publish","type":"post","link":"https:\/\/eltrabajo.cl\/portal\/peaton-muere-atropellado-en-cercanias-puente-21-de-mayo\/","title":{"rendered":"Peat\u00f3n muere atropellado en cercan\u00edas Puente 21 de Mayo"},"content":{"rendered":"<figure id=\"attachment_51354\" aria-describedby=\"caption-attachment-51354\" style=\"width: 529px\" class=\"wp-caption alignnone\"><a href=\"https:\/\/i0.wp.com\/www.eltrabajo.cl\/portal\/wp-content\/uploads\/2014\/09\/Muerto1.jpg\"><img data-recalc-dims=\"1\" loading=\"lazy\" decoding=\"async\" class=\"size-full wp-image-51354\" alt=\"A eso de las 00:30 horas de este jueves, el Servicio M\u00e9dico Legal retir\u00f3 el cuerpo desde el lugar y Carabineros pudo habilitar el tr\u00e1nsito que estuvo suspendido por casi dos horas entre San Felipe y Putaendo.\" src=\"https:\/\/i0.wp.com\/www.eltrabajo.cl\/portal\/wp-content\/uploads\/2014\/09\/Muerto1.jpg?resize=529%2C358\" width=\"529\" height=\"358\" srcset=\"https:\/\/i0.wp.com\/eltrabajo.cl\/portal\/wp-content\/uploads\/2014\/09\/Muerto1.jpg?w=529&amp;ssl=1 529w, https:\/\/i0.wp.com\/eltrabajo.cl\/portal\/wp-content\/uploads\/2014\/09\/Muerto1.jpg?resize=200%2C135&amp;ssl=1 200w, https:\/\/i0.wp.com\/eltrabajo.cl\/portal\/wp-content\/uploads\/2014\/09\/Muerto1.jpg?resize=300%2C203&amp;ssl=1 300w, https:\/\/i0.wp.com\/eltrabajo.cl\/portal\/wp-content\/uploads\/2014\/09\/Muerto1.jpg?resize=150%2C101&amp;ssl=1 150w, https:\/\/i0.wp.com\/eltrabajo.cl\/portal\/wp-content\/uploads\/2014\/09\/Muerto1.jpg?resize=400%2C270&amp;ssl=1 400w\" sizes=\"auto, (max-width: 529px) 100vw, 529px\" \/><\/a><figcaption id=\"caption-attachment-51354\" class=\"wp-caption-text\">A eso de las 00:30 horas de este jueves, el Servicio M\u00e9dico Legal retir\u00f3 el cuerpo desde el lugar y Carabineros pudo habilitar el tr\u00e1nsito que estuvo suspendido por casi dos horas entre San Felipe y Putaendo.<\/figcaption><\/figure>\n<p><strong>PUTAENDO.<\/strong>&#8211; Un hombre de 76 a\u00f1os de edad, identificado como Fernando de las Mercedes Araya Morales, muri\u00f3 atropellado en la carretera que une Putaendo con San Felipe en las cercan\u00edas del Puente 21 de Mayo. El hecho ocurri\u00f3 a eso de las 22:40 horas de este mi\u00e9rcoles, cuando el veh\u00edculo Chevrolet, patente DF-HT 48 que era conducido por Germ\u00e1n Mart\u00ednez Mart\u00ednez de 65 a\u00f1os de edad, circulaba desde San Felipe hacia Putaendo, y pasado el Puente 21 de Mayo en las cercan\u00edas de la ex-Disco Camping, atropell\u00f3 a Fernando Araya, quien muri\u00f3 en forma inmediata.<\/p>\n<figure id=\"attachment_51355\" aria-describedby=\"caption-attachment-51355\" style=\"width: 370px\" class=\"wp-caption alignright\"><a href=\"https:\/\/i0.wp.com\/www.eltrabajo.cl\/portal\/wp-content\/uploads\/2014\/09\/Muerto2.jpg\"><img data-recalc-dims=\"1\" loading=\"lazy\" decoding=\"async\" class=\" wp-image-51355 \" alt=\"El hecho ocurri\u00f3 cuando este auto circulaba desde San Felipe hacia Putaendo, y pasado el Puente 21 de Mayo en las cercan\u00edas de la ex-Disco Camping, atropell\u00f3 a Fernando, quien falleci\u00f3 en forma inmediata.\" src=\"https:\/\/i0.wp.com\/www.eltrabajo.cl\/portal\/wp-content\/uploads\/2014\/09\/Muerto2.jpg?resize=370%2C251\" width=\"370\" height=\"251\" srcset=\"https:\/\/i0.wp.com\/eltrabajo.cl\/portal\/wp-content\/uploads\/2014\/09\/Muerto2.jpg?w=529&amp;ssl=1 529w, https:\/\/i0.wp.com\/eltrabajo.cl\/portal\/wp-content\/uploads\/2014\/09\/Muerto2.jpg?resize=200%2C135&amp;ssl=1 200w, https:\/\/i0.wp.com\/eltrabajo.cl\/portal\/wp-content\/uploads\/2014\/09\/Muerto2.jpg?resize=300%2C203&amp;ssl=1 300w, https:\/\/i0.wp.com\/eltrabajo.cl\/portal\/wp-content\/uploads\/2014\/09\/Muerto2.jpg?resize=150%2C101&amp;ssl=1 150w, https:\/\/i0.wp.com\/eltrabajo.cl\/portal\/wp-content\/uploads\/2014\/09\/Muerto2.jpg?resize=400%2C270&amp;ssl=1 400w\" sizes=\"auto, (max-width: 370px) 100vw, 370px\" \/><\/a><figcaption id=\"caption-attachment-51355\" class=\"wp-caption-text\">El hecho ocurri\u00f3 cuando este auto circulaba desde San Felipe hacia Putaendo, y pasado el Puente 21 de Mayo en las cercan\u00edas de la ex-Disco Camping, atropell\u00f3 a Fernando, quien falleci\u00f3 en forma inmediata.<\/figcaption><\/figure>\n<p>Hasta el lugar del accidente acudi\u00f3 personal de Carabineros y por instrucci\u00f3n del Fiscal de Turno el equipo Siat de Carabineros realiz\u00f3 los peritajes correspondientes. El Teniente \u00c1ngelo Acevedo se\u00f1al\u00f3 que la l\u00ednea investigativa que lleva adelante la Siat indicar\u00eda que el peat\u00f3n ingres\u00f3 sorpresivamente a la ruta y fue impactado con el costado derecho del autom\u00f3vil, golpe\u00e1ndose en el capot y el parabrisas, por lo que falleci\u00f3 en forma instant\u00e1nea.<\/p>\n<p>El oficial de Carabineros sostuvo que en el veh\u00edculo viajaban tres adultos y dos menores de edad que resultaron ilesos, adem\u00e1s indic\u00f3 que el conductor del autom\u00f3vil fue sometido al alcohotest, arrojando 0.0 grados de alcohol por litro de sangre, lo que corrobora que el sujeto conduc\u00eda en normales condiciones.<\/p>\n<p>Una vez finalizado el trabajo investigativo de la Siat de Carabineros, a eso de las 00:30 horas de este jueves, el Servicio M\u00e9dico Legal retir\u00f3 el cuerpo desde el lugar y Carabineros pudo habilitar el tr\u00e1nsito que estuvo suspendido por casi dos horas entre San Felipe y Putaendo. Seg\u00fan informaci\u00f3n recopilada en el lugar, Fernando Araya presentaba h\u00e1lito alcoh\u00f3lico, lo que deber\u00e1 ser corroborado por la autopsia de rigor.<\/p>\n<p>Patricio Gallardo M.<\/p>\n<p>&nbsp;<\/p>\n","protected":false},"excerpt":{"rendered":"<p>PUTAENDO.&#8211; Un hombre de 76 a\u00f1os de edad, identificado como Fernando de las Mercedes Araya Morales, muri\u00f3 atropellado en la carretera que une Putaendo con San Felipe en las cercan\u00edas del Puente&#8230;<\/p>\n","protected":false},"author":482,"featured_media":51354,"comment_status":"open","ping_status":"closed","sticky":false,"template":"","format":"standard","meta":{"advanced_seo_description":"","jetpack_seo_html_title":"","jetpack_seo_noindex":false,"_jetpack_memberships_contains_paid_content":false,"footnotes":""},"categories":[21],"tags":[],"class_list":["post-51353","post","type-post","status-publish","format-standard","has-post-thumbnail","hentry","category-policial"],"jetpack_featured_media_url":"https:\/\/i0.wp.com\/eltrabajo.cl\/portal\/wp-content\/uploads\/2014\/09\/Muerto1.jpg?fit=529%2C358&ssl=1","jetpack_sharing_enabled":true,"jetpack_likes_enabled":true,"jetpack-related-posts":[],"_links":{"self":[{"href":"https:\/\/eltrabajo.cl\/portal\/wp-json\/wp\/v2\/posts\/51353","targetHints":{"allow":["GET"]}}],"collection":[{"href":"https:\/\/eltrabajo.cl\/portal\/wp-json\/wp\/v2\/posts"}],"about":[{"href":"https:\/\/eltrabajo.cl\/portal\/wp-json\/wp\/v2\/types\/post"}],"author":[{"embeddable":true,"href":"https:\/\/eltrabajo.cl\/portal\/wp-json\/wp\/v2\/users\/482"}],"replies":[{"embeddable":true,"href":"https:\/\/eltrabajo.cl\/portal\/wp-json\/wp\/v2\/comments?post=51353"}],"version-history":[{"count":0,"href":"https:\/\/eltrabajo.cl\/portal\/wp-json\/wp\/v2\/posts\/51353\/revisions"}],"wp:featuredmedia":[{"embeddable":true,"href":"https:\/\/eltrabajo.cl\/portal\/wp-json\/wp\/v2\/media\/51354"}],"wp:attachment":[{"href":"https:\/\/eltrabajo.cl\/portal\/wp-json\/wp\/v2\/media?parent=51353"}],"wp:term":[{"taxonomy":"category","embeddable":true,"href":"https:\/\/eltrabajo.cl\/portal\/wp-json\/wp\/v2\/categories?post=51353"},{"taxonomy":"post_tag","embeddable":true,"href":"https:\/\/eltrabajo.cl\/portal\/wp-json\/wp\/v2\/tags?post=51353"}],"curies":[{"name":"wp","href":"https:\/\/api.w.org\/{rel}","templated":true}]}}