{"id":51365,"date":"2014-09-23T08:55:49","date_gmt":"2014-09-23T11:55:49","guid":{"rendered":"http:\/\/www.eltrabajo.cl\/portal\/?p=51365"},"modified":"2014-09-23T08:55:49","modified_gmt":"2014-09-23T11:55:49","slug":"todos-a-despedir-el-mes-de-la-patria-bailando-cueca-en-nido-de-condores","status":"publish","type":"post","link":"https:\/\/eltrabajo.cl\/portal\/todos-a-despedir-el-mes-de-la-patria-bailando-cueca-en-nido-de-condores\/","title":{"rendered":"Todos a despedir el Mes de la Patria bailando cueca en Nido de c\u00f3ndores"},"content":{"rendered":"<figure id=\"attachment_51366\" aria-describedby=\"caption-attachment-51366\" style=\"width: 528px\" class=\"wp-caption alignnone\"><a href=\"https:\/\/i0.wp.com\/www.eltrabajo.cl\/portal\/wp-content\/uploads\/2014\/09\/Cueca11.jpg\"><img data-recalc-dims=\"1\" loading=\"lazy\" decoding=\"async\" class=\"size-full wp-image-51366\" alt=\"Para m\u00e1s informaci\u00f3n, los interesados pueden llamar a Ra\u00fal Catal\u00e1n Tapia al cel: 79194706.\" src=\"https:\/\/i0.wp.com\/www.eltrabajo.cl\/portal\/wp-content\/uploads\/2014\/09\/Cueca11.jpg?resize=528%2C401\" width=\"528\" height=\"401\" srcset=\"https:\/\/i0.wp.com\/eltrabajo.cl\/portal\/wp-content\/uploads\/2014\/09\/Cueca11.jpg?w=528&amp;ssl=1 528w, https:\/\/i0.wp.com\/eltrabajo.cl\/portal\/wp-content\/uploads\/2014\/09\/Cueca11.jpg?resize=197%2C150&amp;ssl=1 197w, https:\/\/i0.wp.com\/eltrabajo.cl\/portal\/wp-content\/uploads\/2014\/09\/Cueca11.jpg?resize=300%2C227&amp;ssl=1 300w, https:\/\/i0.wp.com\/eltrabajo.cl\/portal\/wp-content\/uploads\/2014\/09\/Cueca11.jpg?resize=150%2C113&amp;ssl=1 150w, https:\/\/i0.wp.com\/eltrabajo.cl\/portal\/wp-content\/uploads\/2014\/09\/Cueca11.jpg?resize=400%2C303&amp;ssl=1 400w\" sizes=\"auto, (max-width: 528px) 100vw, 528px\" \/><\/a><figcaption id=\"caption-attachment-51366\" class=\"wp-caption-text\">Para m\u00e1s informaci\u00f3n, los interesados pueden llamar a Ra\u00fal Catal\u00e1n Tapia al cel: 79194706.<\/figcaption><\/figure>\n<p>El s\u00e1bado 27 de septiembre muchos podr\u00e1n despedir el Mes de la Patria en R\u00edo Blanco, \u00abla idea es despedir el mes de la patria bailando cueca, dicha actividad la hemos realizado cinco a\u00f1os seguidos. Anteriormente la organiz\u00e1bamos en Laguna del Cop\u00edn, pero ahora que esta seca cambiamos el lugar. Este a\u00f1o bailaremos cueca a 2.500 metros de altura en la cima de Cerro Nido de c\u00f3ndores, ubicado en R\u00edo Blanco camino internacional. La gente que participe en esta actividad tendr\u00e1 la oportunidad de interactuar con los c\u00f3ndores en su habitad natural, tendr\u00e1 una vista a cerros de m\u00e1s de 5.000 metros de altura, y lo m\u00e1s importante, bailaremos tres pies de cueca en honor a nuestra patria\u00bb, explic\u00f3 Ra\u00fal Catal\u00e1n a Diario El Trabajo, \u00e9l es monta\u00f1ista y gu\u00eda profesional del deporte aventura en Aconcagua.<\/p>\n<figure id=\"attachment_51367\" aria-describedby=\"caption-attachment-51367\" style=\"width: 370px\" class=\"wp-caption alignright\"><a href=\"https:\/\/i0.wp.com\/www.eltrabajo.cl\/portal\/wp-content\/uploads\/2014\/09\/Cueca2.jpg\"><img data-recalc-dims=\"1\" loading=\"lazy\" decoding=\"async\" class=\" wp-image-51367 \" alt=\"Este s\u00e1bado 27 de septiembre muchos podr\u00e1n despedir el Mes de la Patria en R\u00edo Blanco.\" src=\"https:\/\/i0.wp.com\/www.eltrabajo.cl\/portal\/wp-content\/uploads\/2014\/09\/Cueca2.jpg?resize=370%2C281\" width=\"370\" height=\"281\" srcset=\"https:\/\/i0.wp.com\/eltrabajo.cl\/portal\/wp-content\/uploads\/2014\/09\/Cueca2.jpg?w=529&amp;ssl=1 529w, https:\/\/i0.wp.com\/eltrabajo.cl\/portal\/wp-content\/uploads\/2014\/09\/Cueca2.jpg?resize=197%2C150&amp;ssl=1 197w, https:\/\/i0.wp.com\/eltrabajo.cl\/portal\/wp-content\/uploads\/2014\/09\/Cueca2.jpg?resize=300%2C227&amp;ssl=1 300w, https:\/\/i0.wp.com\/eltrabajo.cl\/portal\/wp-content\/uploads\/2014\/09\/Cueca2.jpg?resize=150%2C113&amp;ssl=1 150w, https:\/\/i0.wp.com\/eltrabajo.cl\/portal\/wp-content\/uploads\/2014\/09\/Cueca2.jpg?resize=400%2C303&amp;ssl=1 400w\" sizes=\"auto, (max-width: 370px) 100vw, 370px\" \/><\/a><figcaption id=\"caption-attachment-51367\" class=\"wp-caption-text\">Este s\u00e1bado 27 de septiembre muchos podr\u00e1n despedir el Mes de la Patria en R\u00edo Blanco.<\/figcaption><\/figure>\n<p>\u00abEsta salida se realiza desde el a\u00f1o 2009. En esa oportunidad bail\u00e1bamos cueca en Laguna del Cop\u00edn con la participaci\u00f3n de la comunidad en pleno. Se invita a los amantes de la naturaleza y del deporte de monta\u00f1a, a participar de esta hermosa salida a la Cordillera de Los Andes, en 2013 participamos m\u00e1s de 35 personas, este a\u00f1o ojala seamos m\u00e1s\u00bb, dijo Catal\u00e1n.<\/p>\n<p>Las personas que quieran participar de esta salida deben tener un poco de conocimiento en subir cerros, ser mayor de edad y tener las ganas de hacer deporte al aire libre, \u00abnos juntaremos a las 08:00 horas en la plaza de Los Andes, desde ah\u00ed nos dirigiremos a R\u00edo Blanco, los participante deben ir en sus veh\u00edculos particulares, de preferencia jeep o camionetas, es camino de monta\u00f1a, s\u00f3lo caminaremos unos 40 minutos de donde dejaremos los veh\u00edculos\u00bb, coment\u00f3 finalmente el organizador.<\/p>\n<p>Roberto Gonz\u00e1lez Short<\/p>\n<p>rgonzalez@eltrabajo.cl<\/p>\n<p>&nbsp;<\/p>\n","protected":false},"excerpt":{"rendered":"<p>El s\u00e1bado 27 de septiembre muchos podr\u00e1n despedir el Mes de la Patria en R\u00edo Blanco, \u00abla idea es despedir el mes de la patria bailando cueca, dicha actividad la hemos realizado&#8230;<\/p>\n","protected":false},"author":482,"featured_media":51366,"comment_status":"open","ping_status":"closed","sticky":false,"template":"","format":"standard","meta":{"advanced_seo_description":"","jetpack_seo_html_title":"","jetpack_seo_noindex":false,"_jetpack_memberships_contains_paid_content":false,"footnotes":""},"categories":[15],"tags":[],"class_list":["post-51365","post","type-post","status-publish","format-standard","has-post-thumbnail","hentry","category-comunidad"],"jetpack_featured_media_url":"https:\/\/i0.wp.com\/eltrabajo.cl\/portal\/wp-content\/uploads\/2014\/09\/Cueca11.jpg?fit=528%2C401&ssl=1","jetpack_sharing_enabled":true,"jetpack_likes_enabled":true,"jetpack-related-posts":[],"_links":{"self":[{"href":"https:\/\/eltrabajo.cl\/portal\/wp-json\/wp\/v2\/posts\/51365","targetHints":{"allow":["GET"]}}],"collection":[{"href":"https:\/\/eltrabajo.cl\/portal\/wp-json\/wp\/v2\/posts"}],"about":[{"href":"https:\/\/eltrabajo.cl\/portal\/wp-json\/wp\/v2\/types\/post"}],"author":[{"embeddable":true,"href":"https:\/\/eltrabajo.cl\/portal\/wp-json\/wp\/v2\/users\/482"}],"replies":[{"embeddable":true,"href":"https:\/\/eltrabajo.cl\/portal\/wp-json\/wp\/v2\/comments?post=51365"}],"version-history":[{"count":0,"href":"https:\/\/eltrabajo.cl\/portal\/wp-json\/wp\/v2\/posts\/51365\/revisions"}],"wp:featuredmedia":[{"embeddable":true,"href":"https:\/\/eltrabajo.cl\/portal\/wp-json\/wp\/v2\/media\/51366"}],"wp:attachment":[{"href":"https:\/\/eltrabajo.cl\/portal\/wp-json\/wp\/v2\/media?parent=51365"}],"wp:term":[{"taxonomy":"category","embeddable":true,"href":"https:\/\/eltrabajo.cl\/portal\/wp-json\/wp\/v2\/categories?post=51365"},{"taxonomy":"post_tag","embeddable":true,"href":"https:\/\/eltrabajo.cl\/portal\/wp-json\/wp\/v2\/tags?post=51365"}],"curies":[{"name":"wp","href":"https:\/\/api.w.org\/{rel}","templated":true}]}}