{"id":51370,"date":"2014-09-23T08:57:55","date_gmt":"2014-09-23T11:57:55","guid":{"rendered":"http:\/\/www.eltrabajo.cl\/portal\/?p=51370"},"modified":"2014-09-23T08:57:55","modified_gmt":"2014-09-23T11:57:55","slug":"la-familia-sanchez-hizo-de-las-suyas-en-estas-fiestas-patrias","status":"publish","type":"post","link":"https:\/\/eltrabajo.cl\/portal\/la-familia-sanchez-hizo-de-las-suyas-en-estas-fiestas-patrias\/","title":{"rendered":"La Familia S\u00e1nchez hizo de las suyas en estas Fiestas Patrias"},"content":{"rendered":"<figure id=\"attachment_51371\" aria-describedby=\"caption-attachment-51371\" style=\"width: 529px\" class=\"wp-caption alignnone\"><a href=\"https:\/\/i0.wp.com\/www.eltrabajo.cl\/portal\/wp-content\/uploads\/2014\/09\/Ramada11.jpg\"><img data-recalc-dims=\"1\" loading=\"lazy\" decoding=\"async\" class=\"size-full wp-image-51371\" alt=\"SIN L\u00cdMITES.- La Familia S\u00e1nchez dio rienda suelta a su talento y al burrito que vemos en esta gr\u00e1fica.\" src=\"https:\/\/i0.wp.com\/www.eltrabajo.cl\/portal\/wp-content\/uploads\/2014\/09\/Ramada11.jpg?resize=529%2C358\" width=\"529\" height=\"358\" srcset=\"https:\/\/i0.wp.com\/eltrabajo.cl\/portal\/wp-content\/uploads\/2014\/09\/Ramada11.jpg?w=529&amp;ssl=1 529w, https:\/\/i0.wp.com\/eltrabajo.cl\/portal\/wp-content\/uploads\/2014\/09\/Ramada11.jpg?resize=200%2C135&amp;ssl=1 200w, https:\/\/i0.wp.com\/eltrabajo.cl\/portal\/wp-content\/uploads\/2014\/09\/Ramada11.jpg?resize=300%2C203&amp;ssl=1 300w, https:\/\/i0.wp.com\/eltrabajo.cl\/portal\/wp-content\/uploads\/2014\/09\/Ramada11.jpg?resize=150%2C101&amp;ssl=1 150w, https:\/\/i0.wp.com\/eltrabajo.cl\/portal\/wp-content\/uploads\/2014\/09\/Ramada11.jpg?resize=400%2C270&amp;ssl=1 400w\" sizes=\"auto, (max-width: 529px) 100vw, 529px\" \/><\/a><figcaption id=\"caption-attachment-51371\" class=\"wp-caption-text\">SIN L\u00cdMITES.- La Familia S\u00e1nchez dio rienda suelta a su talento y al burrito que vemos en esta gr\u00e1fica.<\/figcaption><\/figure>\n<p><strong>PUTAENDO<\/strong>.- Sin lugar a dudas la Familia S\u00e1nchez ha demostrado con creces que sigue manteniendo vivas las m\u00e1s antiguas tradiciones del campo chileno y el legado que dejar\u00e1 el patriarca de la familia ya fallecido, Juan S\u00e1nchez. Durante estas fiestas patrias, al igual que en muchos otros sectores de Putaendo, la Familia S\u00e1nchez celebr\u00f3 el 18 de Septiembre, pero claramente en cada una de las actividades que ah\u00ed se desarrollaron estaba el sello tan particular que la Familia S\u00e1nchez da a cada una de sus actividades.<\/p>\n<p>Un grato ambiente, una cordialidad que se nota desde el primer momento, lo que ha cautivado a las miles de personas que han visitado los famosos corrales de la Familia S\u00e1nchez.<\/p>\n<p>Hoy los hijos de Don Juan, sus nietos, bisnietos y muchos de los que vienen en camino, dan vida a cada una de las actividades que desarrollan en distintas \u00e9pocas del a\u00f1o, y que se han ganado el reconocimiento de gran parte de la comunidad.<\/p>\n<p>La trilla a yegua suelta, el 18 de Septiembre y muchas otras actividades m\u00e1s congregan a cientos de visitantes en uno de los lugares en los cuales durante todo el a\u00f1o se respira chilenidad y donde gracias a esta conocida y querida familia se mantiene las m\u00e1s antiguas tradiciones del campo chileno, que seguramente perdurar\u00e1n por mucho tiempo mas, pues como alguien dijo, \u201clos S\u00e1nchez tienen cuerda para rato\u201d.<\/p>\n<p>Patricio Gallardo M.<\/p>\n<div class=\"tiled-gallery type-rectangular tiled-gallery-unresized\" data-original-width=\"640\" data-carousel-extra='null' itemscope itemtype=\"http:\/\/schema.org\/ImageGallery\" > <div class=\"gallery-row\" style=\"width: 640px; height: 247px;\" data-original-width=\"640\" data-original-height=\"247\" > <div class=\"gallery-group images-1\" style=\"width: 362px; height: 247px;\" data-original-width=\"362\" data-original-height=\"247\" > <div class=\"tiled-gallery-item tiled-gallery-item-large\" itemprop=\"associatedMedia\" itemscope itemtype=\"http:\/\/schema.org\/ImageObject\"> <a href=\"https:\/\/eltrabajo.cl\/portal\/la-familia-sanchez-hizo-de-las-suyas-en-estas-fiestas-patrias\/ramada2-2\/\" border=\"0\" itemprop=\"url\"> <meta itemprop=\"width\" content=\"358\"> <meta itemprop=\"height\" content=\"243\"> <img decoding=\"async\" class=\"\" data-attachment-id=\"51372\" data-orig-file=\"https:\/\/eltrabajo.cl\/portal\/wp-content\/uploads\/2014\/09\/Ramada21.jpg\" data-orig-size=\"529,358\" data-comments-opened=\"1\" data-image-meta=\"{&quot;aperture&quot;:&quot;0&quot;,&quot;credit&quot;:&quot;&quot;,&quot;camera&quot;:&quot;&quot;,&quot;caption&quot;:&quot;&quot;,&quot;created_timestamp&quot;:&quot;0&quot;,&quot;copyright&quot;:&quot;&quot;,&quot;focal_length&quot;:&quot;0&quot;,&quot;iso&quot;:&quot;0&quot;,&quot;shutter_speed&quot;:&quot;0&quot;,&quot;title&quot;:&quot;&quot;}\" data-image-title=\"Ramada2\" data-image-description=\"&lt;p&gt;TEATRO EN VIVO.- Estos Artistas populares tambi\u00e9n realizaron varias representaciones art\u00edsticas, entre ellas \u00abRupertina\u00bb, accidentes y mil ocurrencias fueron interpretadas en escena.&lt;\/p&gt; \" data-medium-file=\"https:\/\/i0.wp.com\/eltrabajo.cl\/portal\/wp-content\/uploads\/2014\/09\/Ramada21.jpg?fit=300%2C203&#038;ssl=1\" data-large-file=\"https:\/\/i0.wp.com\/eltrabajo.cl\/portal\/wp-content\/uploads\/2014\/09\/Ramada21.jpg?fit=529%2C358&#038;ssl=1\" src=\"https:\/\/i0.wp.com\/eltrabajo.cl\/portal\/wp-content\/uploads\/2014\/09\/Ramada21.jpg?w=358&#038;h=243&#038;ssl=1\" srcset=\"https:\/\/i0.wp.com\/eltrabajo.cl\/portal\/wp-content\/uploads\/2014\/09\/Ramada21.jpg?w=529&amp;ssl=1 529w, https:\/\/i0.wp.com\/eltrabajo.cl\/portal\/wp-content\/uploads\/2014\/09\/Ramada21.jpg?resize=200%2C135&amp;ssl=1 200w, https:\/\/i0.wp.com\/eltrabajo.cl\/portal\/wp-content\/uploads\/2014\/09\/Ramada21.jpg?resize=300%2C203&amp;ssl=1 300w, https:\/\/i0.wp.com\/eltrabajo.cl\/portal\/wp-content\/uploads\/2014\/09\/Ramada21.jpg?resize=150%2C101&amp;ssl=1 150w, https:\/\/i0.wp.com\/eltrabajo.cl\/portal\/wp-content\/uploads\/2014\/09\/Ramada21.jpg?resize=400%2C270&amp;ssl=1 400w\" width=\"358\" height=\"243\" loading=\"lazy\" data-original-width=\"358\" data-original-height=\"243\" itemprop=\"http:\/\/schema.org\/image\" title=\"Ramada2\" alt=\"TEATRO EN VIVO.- Estos Artistas populares tambi\u00e9n realizaron varias representaciones art\u00edsticas, entre ellas &quot;Rupertina&quot;, accidentes y mil ocurrencias fueron interpretadas en escena.\" style=\"width: 358px; height: 243px;\" \/> <\/a> <div class=\"tiled-gallery-caption\" itemprop=\"caption description\"> TEATRO EN VIVO.- Estos Artistas populares tambi\u00e9n realizaron varias representaciones art\u00edsticas, entre ellas \u00abRupertina\u00bb, accidentes y mil ocurrencias fueron interpretadas en escena. <\/div> <\/div> <\/div> <!-- close group --> <div class=\"gallery-group images-1\" style=\"width: 278px; height: 247px;\" data-original-width=\"278\" data-original-height=\"247\" > <div class=\"tiled-gallery-item tiled-gallery-item-large\" itemprop=\"associatedMedia\" itemscope itemtype=\"http:\/\/schema.org\/ImageObject\"> <a href=\"https:\/\/eltrabajo.cl\/portal\/la-familia-sanchez-hizo-de-las-suyas-en-estas-fiestas-patrias\/ramada3\/\" border=\"0\" itemprop=\"url\"> <meta itemprop=\"width\" content=\"274\"> <meta itemprop=\"height\" content=\"243\"> <img decoding=\"async\" class=\"\" data-attachment-id=\"51373\" data-orig-file=\"https:\/\/eltrabajo.cl\/portal\/wp-content\/uploads\/2014\/09\/Ramada3.jpg\" data-orig-size=\"529,469\" data-comments-opened=\"1\" data-image-meta=\"{&quot;aperture&quot;:&quot;0&quot;,&quot;credit&quot;:&quot;&quot;,&quot;camera&quot;:&quot;&quot;,&quot;caption&quot;:&quot;&quot;,&quot;created_timestamp&quot;:&quot;0&quot;,&quot;copyright&quot;:&quot;&quot;,&quot;focal_length&quot;:&quot;0&quot;,&quot;iso&quot;:&quot;0&quot;,&quot;shutter_speed&quot;:&quot;0&quot;,&quot;title&quot;:&quot;&quot;}\" data-image-title=\"Ramada3\" data-image-description=\"&lt;p&gt;ELECTRIZANTE.- Volando por los aires, esta jovencita no se limit\u00f3 a estar viendo el show desde la barrera, ella salt\u00f3 a la aventura y lo pas\u00f3 concho en estas Fiestas Patrias.&lt;\/p&gt; \" data-medium-file=\"https:\/\/i0.wp.com\/eltrabajo.cl\/portal\/wp-content\/uploads\/2014\/09\/Ramada3.jpg?fit=300%2C265&#038;ssl=1\" data-large-file=\"https:\/\/i0.wp.com\/eltrabajo.cl\/portal\/wp-content\/uploads\/2014\/09\/Ramada3.jpg?fit=529%2C469&#038;ssl=1\" src=\"https:\/\/i0.wp.com\/eltrabajo.cl\/portal\/wp-content\/uploads\/2014\/09\/Ramada3.jpg?w=274&#038;h=243&#038;ssl=1\" srcset=\"https:\/\/i0.wp.com\/eltrabajo.cl\/portal\/wp-content\/uploads\/2014\/09\/Ramada3.jpg?w=529&amp;ssl=1 529w, https:\/\/i0.wp.com\/eltrabajo.cl\/portal\/wp-content\/uploads\/2014\/09\/Ramada3.jpg?resize=169%2C150&amp;ssl=1 169w, https:\/\/i0.wp.com\/eltrabajo.cl\/portal\/wp-content\/uploads\/2014\/09\/Ramada3.jpg?resize=300%2C265&amp;ssl=1 300w, https:\/\/i0.wp.com\/eltrabajo.cl\/portal\/wp-content\/uploads\/2014\/09\/Ramada3.jpg?resize=150%2C132&amp;ssl=1 150w, https:\/\/i0.wp.com\/eltrabajo.cl\/portal\/wp-content\/uploads\/2014\/09\/Ramada3.jpg?resize=400%2C354&amp;ssl=1 400w\" width=\"274\" height=\"243\" loading=\"lazy\" data-original-width=\"274\" data-original-height=\"243\" itemprop=\"http:\/\/schema.org\/image\" title=\"Ramada3\" alt=\"ELECTRIZANTE.- Volando por los aires, esta jovencita no se limit\u00f3 a estar viendo el show desde la barrera, ella salt\u00f3 a la aventura y lo pas\u00f3 concho en estas Fiestas Patrias.\" style=\"width: 274px; height: 243px;\" \/> <\/a> <div class=\"tiled-gallery-caption\" itemprop=\"caption description\"> ELECTRIZANTE.- Volando por los aires, esta jovencita no se limit\u00f3 a estar viendo el show desde la barrera, ella salt\u00f3 a la aventura y lo pas\u00f3 concho en estas Fiestas Patrias. <\/div> <\/div> <\/div> <!-- close group --> <\/div> <!-- close row --> <\/div>\n","protected":false},"excerpt":{"rendered":"<p>PUTAENDO.- Sin lugar a dudas la Familia S\u00e1nchez ha demostrado con creces que sigue manteniendo vivas las m\u00e1s antiguas tradiciones del campo chileno y el legado que dejar\u00e1 el patriarca de la&#8230;<\/p>\n","protected":false},"author":482,"featured_media":51371,"comment_status":"open","ping_status":"closed","sticky":false,"template":"","format":"standard","meta":{"advanced_seo_description":"","jetpack_seo_html_title":"","jetpack_seo_noindex":false,"_jetpack_memberships_contains_paid_content":false,"footnotes":""},"categories":[15],"tags":[],"class_list":["post-51370","post","type-post","status-publish","format-standard","has-post-thumbnail","hentry","category-comunidad"],"jetpack_featured_media_url":"https:\/\/i0.wp.com\/eltrabajo.cl\/portal\/wp-content\/uploads\/2014\/09\/Ramada11.jpg?fit=529%2C358&ssl=1","jetpack_sharing_enabled":true,"jetpack_likes_enabled":true,"jetpack-related-posts":[],"_links":{"self":[{"href":"https:\/\/eltrabajo.cl\/portal\/wp-json\/wp\/v2\/posts\/51370","targetHints":{"allow":["GET"]}}],"collection":[{"href":"https:\/\/eltrabajo.cl\/portal\/wp-json\/wp\/v2\/posts"}],"about":[{"href":"https:\/\/eltrabajo.cl\/portal\/wp-json\/wp\/v2\/types\/post"}],"author":[{"embeddable":true,"href":"https:\/\/eltrabajo.cl\/portal\/wp-json\/wp\/v2\/users\/482"}],"replies":[{"embeddable":true,"href":"https:\/\/eltrabajo.cl\/portal\/wp-json\/wp\/v2\/comments?post=51370"}],"version-history":[{"count":0,"href":"https:\/\/eltrabajo.cl\/portal\/wp-json\/wp\/v2\/posts\/51370\/revisions"}],"wp:featuredmedia":[{"embeddable":true,"href":"https:\/\/eltrabajo.cl\/portal\/wp-json\/wp\/v2\/media\/51371"}],"wp:attachment":[{"href":"https:\/\/eltrabajo.cl\/portal\/wp-json\/wp\/v2\/media?parent=51370"}],"wp:term":[{"taxonomy":"category","embeddable":true,"href":"https:\/\/eltrabajo.cl\/portal\/wp-json\/wp\/v2\/categories?post=51370"},{"taxonomy":"post_tag","embeddable":true,"href":"https:\/\/eltrabajo.cl\/portal\/wp-json\/wp\/v2\/tags?post=51370"}],"curies":[{"name":"wp","href":"https:\/\/api.w.org\/{rel}","templated":true}]}}