{"id":51387,"date":"2014-09-23T09:03:13","date_gmt":"2014-09-23T12:03:13","guid":{"rendered":"http:\/\/www.eltrabajo.cl\/portal\/?p=51387"},"modified":"2014-09-23T09:03:13","modified_gmt":"2014-09-23T12:03:13","slug":"demandan-a-municipio-llayllaino-por-atraso-en-millonario-pago","status":"publish","type":"post","link":"https:\/\/eltrabajo.cl\/portal\/demandan-a-municipio-llayllaino-por-atraso-en-millonario-pago\/","title":{"rendered":"Demandan a municipio llaylla\u00edno por atraso en millonario pago"},"content":{"rendered":"<figure id=\"attachment_51388\" aria-describedby=\"caption-attachment-51388\" style=\"width: 317px\" class=\"wp-caption alignleft\"><a href=\"https:\/\/i0.wp.com\/www.eltrabajo.cl\/portal\/wp-content\/uploads\/2014\/09\/alex-delgado.jpg\"><img data-recalc-dims=\"1\" loading=\"lazy\" decoding=\"async\" class=\" wp-image-51388 \" alt=\"Alex Delgado, afectado y demandante.\" src=\"https:\/\/i0.wp.com\/www.eltrabajo.cl\/portal\/wp-content\/uploads\/2014\/09\/alex-delgado.jpg?resize=317%2C292\" width=\"317\" height=\"292\" srcset=\"https:\/\/i0.wp.com\/eltrabajo.cl\/portal\/wp-content\/uploads\/2014\/09\/alex-delgado.jpg?w=529&amp;ssl=1 529w, https:\/\/i0.wp.com\/eltrabajo.cl\/portal\/wp-content\/uploads\/2014\/09\/alex-delgado.jpg?resize=163%2C150&amp;ssl=1 163w, https:\/\/i0.wp.com\/eltrabajo.cl\/portal\/wp-content\/uploads\/2014\/09\/alex-delgado.jpg?resize=300%2C275&amp;ssl=1 300w, https:\/\/i0.wp.com\/eltrabajo.cl\/portal\/wp-content\/uploads\/2014\/09\/alex-delgado.jpg?resize=150%2C137&amp;ssl=1 150w, https:\/\/i0.wp.com\/eltrabajo.cl\/portal\/wp-content\/uploads\/2014\/09\/alex-delgado.jpg?resize=400%2C367&amp;ssl=1 400w\" sizes=\"auto, (max-width: 317px) 100vw, 317px\" \/><\/a><figcaption id=\"caption-attachment-51388\" class=\"wp-caption-text\">Alex Delgado, afectado y demandante.<\/figcaption><\/figure>\n<p>Muchas veces escuchamos en la opini\u00f3n popular, la queja de la inoperancia del sistema judicial, de la puerta giratoria y de otras instancias de penas demasiado blandas, pero sin dudas, lo m\u00e1s frustrante debe ser que un dictamen judicial no se cumpla y poco se pueda hacer al respecto. Es el caso de Alex Delgado Orme\u00f1o, quien el 2011 demand\u00f3 al municipio de Llay Llay por Negligencia, debido a que un cami\u00f3n recolector de la basura pas\u00f3 a llevar un cable de luz, acci\u00f3n de la cual se percat\u00f3 la tripulaci\u00f3n del cami\u00f3n, sin embargo se marcharon dej\u00e1ndolo colgando a media calle. Alex se dirig\u00eda en su bicicleta por la arteria cuando se le insert\u00f3 el cable colgante en su ojo derecho, caus\u00e1ndole graves da\u00f1os que lo llevaron a estar a punto de perder totalmente la visi\u00f3n de su ojo y a someterse a intervenciones quir\u00fargicas. Sin embargo la visi\u00f3n de Alex jam\u00e1s volvi\u00f3 a recuperarse del todo y a ra\u00edz de esta negligencia, demand\u00f3 a la Municipalidad de Lla Llay, ganando todas las instancias, incluso la apelaci\u00f3n a la corte suprema, por lo cual el municipio est\u00e1 condenado a pagarle una indemnizaci\u00f3n de $20 millones, resoluci\u00f3n de junio del 2014. Sin embargo, la frustraci\u00f3n de Alex Delgado es que hasta la fecha la municipalidad no se ha contactado para efectuar el pago del dictamen judicial. Seg\u00fan el joven, la lesi\u00f3n es de por vida y los sue\u00f1os truncados tambi\u00e9n: \u00abDe cierta forma, al ver la forma de actuar que manifiestan me molesta en demas\u00eda ya que es un organismo que representa a toda la comunidad en donde la responsabilidad, la lealtad y el honor deben primar, pero no ha sido as\u00ed \u00ablamentablemente mi deporte era un deporte de contacto, el Kick Boxing y ya no lo puedo practicar, ni menos competir, lo cual me frustra bastante, porque ten\u00eda una carrera prometedora\u00bb. Alex sufre de foto-sensibilidad y no debiera exponerse a la luz solar, pero su profesi\u00f3n de profesor de educaci\u00f3n f\u00edsica lo condena a largas horas al sol. Consultado el Abogado Guido Witto del Estudio Rosenberg Herrera, manifest\u00f3 que la situaci\u00f3n puede llegar a generar una orden de arresto al Alcalde Mario Marillanca, \u00abyo hago un llamado al Alcalde Marillanca que cumpla su compromiso, contra\u00eddo al momento de jurar como alcalde de cumplir con las leyes y la constituci\u00f3n de nuestra rep\u00fablica. Que no haga sino ejecutar una resoluci\u00f3n dictaminada por nuestro m\u00e1s alto tribunal de justicia. No hacerlo, habla muy mal de la Municipalidad de Llay Llay, lejos de eso, en la \u00faltima semana la ha llenado de acciones dilatorias para no pagar\u00bb.<\/p>\n<figure id=\"attachment_51389\" aria-describedby=\"caption-attachment-51389\" style=\"width: 317px\" class=\"wp-caption alignright\"><a href=\"https:\/\/i0.wp.com\/www.eltrabajo.cl\/portal\/wp-content\/uploads\/2014\/09\/marillanca.jpg\"><img data-recalc-dims=\"1\" loading=\"lazy\" decoding=\"async\" class=\" wp-image-51389 \" alt=\"Mario Marillanca, Alcalde de Llay Llay.\" src=\"https:\/\/i0.wp.com\/www.eltrabajo.cl\/portal\/wp-content\/uploads\/2014\/09\/marillanca.jpg?resize=317%2C297\" width=\"317\" height=\"297\" srcset=\"https:\/\/i0.wp.com\/eltrabajo.cl\/portal\/wp-content\/uploads\/2014\/09\/marillanca.jpg?w=529&amp;ssl=1 529w, https:\/\/i0.wp.com\/eltrabajo.cl\/portal\/wp-content\/uploads\/2014\/09\/marillanca.jpg?resize=160%2C150&amp;ssl=1 160w, https:\/\/i0.wp.com\/eltrabajo.cl\/portal\/wp-content\/uploads\/2014\/09\/marillanca.jpg?resize=300%2C280&amp;ssl=1 300w, https:\/\/i0.wp.com\/eltrabajo.cl\/portal\/wp-content\/uploads\/2014\/09\/marillanca.jpg?resize=150%2C140&amp;ssl=1 150w, https:\/\/i0.wp.com\/eltrabajo.cl\/portal\/wp-content\/uploads\/2014\/09\/marillanca.jpg?resize=400%2C374&amp;ssl=1 400w\" sizes=\"auto, (max-width: 317px) 100vw, 317px\" \/><\/a><figcaption id=\"caption-attachment-51389\" class=\"wp-caption-text\">Mario Marillanca, Alcalde de Llay Llay.<\/figcaption><\/figure>\n<p>El Abogado Witto dijo existir ya la petici\u00f3n de orden de arresto del Alcalde Marillanca, misma que no se ha oficiado a\u00fan, ya que se est\u00e1 resolviendo el embargo de $22 millones en una cuenta corriente del municipio, pero posteriormente de resuelta esta instancia y de persistir la intenci\u00f3n de no pago, se insistir\u00eda en la petici\u00f3n de orden de arresto por un periodo de 60 d\u00edas seg\u00fan la legislaci\u00f3n vigente del Alcalde Marillanca.<\/p>\n<p>Por su parte el edil se refiri\u00f3 al tema diciendo que por ning\u00fan motivo era la intenci\u00f3n de no pagar, sino que hab\u00edan sufrido un embargo de una cuenta de la municipalidad, la cual qued\u00f3 inhabilitada para extraer la suma adeudada, \u00abnosotros siempre respetamos las decisiones judiciales. En este caso estamos llanos a pagar. Pero aqu\u00ed pasa una cosa curiosa. Inmediatamente despu\u00e9s que la Corte Suprema ratificara la indemnizaci\u00f3n del municipio, los abogados querellantes embargaron la cuenta de la municipalidad. Entonces eso nos inmoviliz\u00f3, porque nosotros no podemos mover dinero, As\u00ed es que estamos pidiendo al Tribunal de San Felipe que levante el embargo para pagar, es lamentable lo que pas\u00f3 a este joven y seguramente va a tener secuelas a futuro. Pero nosotros respetamos la decisi\u00f3n judicial\u00bb.<\/p>\n<p>Roberto Mercado Aced<\/p>\n<p>&nbsp;<\/p>\n","protected":false},"excerpt":{"rendered":"<p>Muchas veces escuchamos en la opini\u00f3n popular, la queja de la inoperancia del sistema judicial, de la puerta giratoria y de otras instancias de penas demasiado blandas, pero sin dudas, lo m\u00e1s&#8230;<\/p>\n","protected":false},"author":482,"featured_media":51388,"comment_status":"open","ping_status":"closed","sticky":false,"template":"","format":"standard","meta":{"advanced_seo_description":"","jetpack_seo_html_title":"","jetpack_seo_noindex":false,"_jetpack_memberships_contains_paid_content":false,"footnotes":""},"categories":[15],"tags":[],"class_list":["post-51387","post","type-post","status-publish","format-standard","has-post-thumbnail","hentry","category-comunidad"],"jetpack_featured_media_url":"https:\/\/i0.wp.com\/eltrabajo.cl\/portal\/wp-content\/uploads\/2014\/09\/alex-delgado.jpg?fit=529%2C486&ssl=1","jetpack_sharing_enabled":true,"jetpack_likes_enabled":true,"jetpack-related-posts":[],"_links":{"self":[{"href":"https:\/\/eltrabajo.cl\/portal\/wp-json\/wp\/v2\/posts\/51387","targetHints":{"allow":["GET"]}}],"collection":[{"href":"https:\/\/eltrabajo.cl\/portal\/wp-json\/wp\/v2\/posts"}],"about":[{"href":"https:\/\/eltrabajo.cl\/portal\/wp-json\/wp\/v2\/types\/post"}],"author":[{"embeddable":true,"href":"https:\/\/eltrabajo.cl\/portal\/wp-json\/wp\/v2\/users\/482"}],"replies":[{"embeddable":true,"href":"https:\/\/eltrabajo.cl\/portal\/wp-json\/wp\/v2\/comments?post=51387"}],"version-history":[{"count":0,"href":"https:\/\/eltrabajo.cl\/portal\/wp-json\/wp\/v2\/posts\/51387\/revisions"}],"wp:featuredmedia":[{"embeddable":true,"href":"https:\/\/eltrabajo.cl\/portal\/wp-json\/wp\/v2\/media\/51388"}],"wp:attachment":[{"href":"https:\/\/eltrabajo.cl\/portal\/wp-json\/wp\/v2\/media?parent=51387"}],"wp:term":[{"taxonomy":"category","embeddable":true,"href":"https:\/\/eltrabajo.cl\/portal\/wp-json\/wp\/v2\/categories?post=51387"},{"taxonomy":"post_tag","embeddable":true,"href":"https:\/\/eltrabajo.cl\/portal\/wp-json\/wp\/v2\/tags?post=51387"}],"curies":[{"name":"wp","href":"https:\/\/api.w.org\/{rel}","templated":true}]}}