{"id":51392,"date":"2014-09-23T09:06:09","date_gmt":"2014-09-23T12:06:09","guid":{"rendered":"http:\/\/www.eltrabajo.cl\/portal\/?p=51392"},"modified":"2014-09-23T09:06:09","modified_gmt":"2014-09-23T12:06:09","slug":"atienden-directo-a-hijo-de-funcionario-mientras-ellos-esperan-dos-horas","status":"publish","type":"post","link":"https:\/\/eltrabajo.cl\/portal\/atienden-directo-a-hijo-de-funcionario-mientras-ellos-esperan-dos-horas\/","title":{"rendered":"Atienden directo a hijo de funcionario mientras ellos esperan dos horas"},"content":{"rendered":"<figure id=\"attachment_51393\" aria-describedby=\"caption-attachment-51393\" style=\"width: 370px\" class=\"wp-caption alignleft\"><a href=\"https:\/\/i0.wp.com\/www.eltrabajo.cl\/portal\/wp-content\/uploads\/2014\/09\/Urgencias1.jpg\"><img data-recalc-dims=\"1\" loading=\"lazy\" decoding=\"async\" class=\" wp-image-51393 \" alt=\"La denunciante dijo que realizaron el reclamo formal, al igual que el padre de otra menor de edad, por lo que esperan que esta situaci\u00f3n no vuelva a ocurrir.\" src=\"https:\/\/i0.wp.com\/www.eltrabajo.cl\/portal\/wp-content\/uploads\/2014\/09\/Urgencias1.jpg?resize=370%2C263\" width=\"370\" height=\"263\" srcset=\"https:\/\/i0.wp.com\/eltrabajo.cl\/portal\/wp-content\/uploads\/2014\/09\/Urgencias1.jpg?w=529&amp;ssl=1 529w, https:\/\/i0.wp.com\/eltrabajo.cl\/portal\/wp-content\/uploads\/2014\/09\/Urgencias1.jpg?resize=200%2C142&amp;ssl=1 200w, https:\/\/i0.wp.com\/eltrabajo.cl\/portal\/wp-content\/uploads\/2014\/09\/Urgencias1.jpg?resize=300%2C213&amp;ssl=1 300w, https:\/\/i0.wp.com\/eltrabajo.cl\/portal\/wp-content\/uploads\/2014\/09\/Urgencias1.jpg?resize=150%2C106&amp;ssl=1 150w, https:\/\/i0.wp.com\/eltrabajo.cl\/portal\/wp-content\/uploads\/2014\/09\/Urgencias1.jpg?resize=400%2C284&amp;ssl=1 400w\" sizes=\"auto, (max-width: 370px) 100vw, 370px\" \/><\/a><figcaption id=\"caption-attachment-51393\" class=\"wp-caption-text\">La denunciante dijo que realizaron el reclamo formal, al igual que el padre de otra menor de edad, por lo que esperan que esta situaci\u00f3n no vuelva a ocurrir.<\/figcaption><\/figure>\n<p><strong>PUTAENDO<\/strong>.- Su profunda molestia expresaron familiares de un usuario del Hospital San Antonio de Putaendo, luego que esperaran por m\u00e1s de dos horas en el Servicio de Urgencia y se percataron que un funcionario de Salud ingres\u00f3 con un familiar al box de Urgencia sin respetar a las personas que esperaban por una atenci\u00f3n.<\/p>\n<p>Alejandra Cataldo asegur\u00f3 que junto a otros familiares llevaron a su padre hasta el Servicio de Urgencia del Hospital San Antonio la noche del s\u00e1bado pasado, viendo que eran muchas las personas que esperaban atenci\u00f3n, entre ellas un Adulto Mayor y ni\u00f1os, comprobando que todos llevaban esperando en promedio de aproximadamente dos horas.<\/p>\n<p>La mujer indica que repentinamente llego al Servicio de Urgencia el Param\u00e9dico Pedro Gallardo Lobos, acompa\u00f1ado de su hija y que este s\u00f3lo mir\u00f3 a las personas que esperaban atenci\u00f3n e ingres\u00f3 al box de urgencia, donde fue atendida su hija de inmediato, generando la molestia y el reclamo de varios usuarios, por lo que consideraron una situaci\u00f3n totalmente injusta.<\/p>\n<p>Cataldo sostuvo que al reclamarle al m\u00e9dico de turno, este se ri\u00f3 de la situaci\u00f3n y las amenaz\u00f3 con llamar a Carabineros, por lo que la situaci\u00f3n de torn\u00f3 bastante complicada, agregando eso s\u00ed, que tanto ella como los otros usuarios nunca insultaron al m\u00e9dico y s\u00f3lo reclamaron lo que les pareci\u00f3 injusto.<\/p>\n<p>La denunciante dijo que realizaron el reclamo formal, al igual que el padre de otra menor de edad, por lo que esperan que esta situaci\u00f3n no vuelva a ocurrir.<\/p>\n<p><strong>RECONOCEN ERROR<\/strong><\/p>\n<p>Ante esta denuncia, quisimos saber la opini\u00f3n de la Directora del Hospital San Antonio, Massiel Bruna, quien indic\u00f3 que se encuentra recopilando todos los antecedentes de este caso, pero asegur\u00f3 que convers\u00f3 con el funcionario aludido, el que habr\u00eda ingresado al servicio de urgencia preocupado pues su hija se encuentra en estado de gestaci\u00f3n y presentaba muchos v\u00f3mitos.<\/p>\n<p>Bruna indic\u00f3 que la hija del funcionario fue categorizada como todos los pacientes y no fue atendida en forma inmediata, pero s\u00ed reconoci\u00f3 que el funcionario cometi\u00f3 un error, pues est\u00e1 claramente establecido que todos los funcionarios que lleven un familiar al servicio de urgencia deben esperar su turno como todos los usuarios, agregando que una vez que converse con el m\u00e9dico de turno, tendr\u00e1 mayores antecedentes para responder por escrito a quienes hicieron el reclamo formal.<\/p>\n<p>Patricio Gallardo M.<\/p>\n<p>&nbsp;<\/p>\n","protected":false},"excerpt":{"rendered":"<p>PUTAENDO.- Su profunda molestia expresaron familiares de un usuario del Hospital San Antonio de Putaendo, luego que esperaran por m\u00e1s de dos horas en el Servicio de Urgencia y se percataron que&#8230;<\/p>\n","protected":false},"author":482,"featured_media":51393,"comment_status":"open","ping_status":"closed","sticky":false,"template":"","format":"standard","meta":{"advanced_seo_description":"","jetpack_seo_html_title":"","jetpack_seo_noindex":false,"_jetpack_memberships_contains_paid_content":false,"footnotes":""},"categories":[15],"tags":[],"class_list":["post-51392","post","type-post","status-publish","format-standard","has-post-thumbnail","hentry","category-comunidad"],"jetpack_featured_media_url":"https:\/\/i0.wp.com\/eltrabajo.cl\/portal\/wp-content\/uploads\/2014\/09\/Urgencias1.jpg?fit=529%2C376&ssl=1","jetpack_sharing_enabled":true,"jetpack_likes_enabled":true,"jetpack-related-posts":[],"_links":{"self":[{"href":"https:\/\/eltrabajo.cl\/portal\/wp-json\/wp\/v2\/posts\/51392","targetHints":{"allow":["GET"]}}],"collection":[{"href":"https:\/\/eltrabajo.cl\/portal\/wp-json\/wp\/v2\/posts"}],"about":[{"href":"https:\/\/eltrabajo.cl\/portal\/wp-json\/wp\/v2\/types\/post"}],"author":[{"embeddable":true,"href":"https:\/\/eltrabajo.cl\/portal\/wp-json\/wp\/v2\/users\/482"}],"replies":[{"embeddable":true,"href":"https:\/\/eltrabajo.cl\/portal\/wp-json\/wp\/v2\/comments?post=51392"}],"version-history":[{"count":0,"href":"https:\/\/eltrabajo.cl\/portal\/wp-json\/wp\/v2\/posts\/51392\/revisions"}],"wp:featuredmedia":[{"embeddable":true,"href":"https:\/\/eltrabajo.cl\/portal\/wp-json\/wp\/v2\/media\/51393"}],"wp:attachment":[{"href":"https:\/\/eltrabajo.cl\/portal\/wp-json\/wp\/v2\/media?parent=51392"}],"wp:term":[{"taxonomy":"category","embeddable":true,"href":"https:\/\/eltrabajo.cl\/portal\/wp-json\/wp\/v2\/categories?post=51392"},{"taxonomy":"post_tag","embeddable":true,"href":"https:\/\/eltrabajo.cl\/portal\/wp-json\/wp\/v2\/tags?post=51392"}],"curies":[{"name":"wp","href":"https:\/\/api.w.org\/{rel}","templated":true}]}}