{"id":51396,"date":"2014-09-23T09:07:37","date_gmt":"2014-09-23T12:07:37","guid":{"rendered":"http:\/\/www.eltrabajo.cl\/portal\/?p=51396"},"modified":"2014-09-23T09:07:37","modified_gmt":"2014-09-23T12:07:37","slug":"mas-de-cien-mascotas-participaron-en-la-primera-perroton","status":"publish","type":"post","link":"https:\/\/eltrabajo.cl\/portal\/mas-de-cien-mascotas-participaron-en-la-primera-perroton\/","title":{"rendered":"M\u00e1s de cien mascotas participaron en la primera \u2018perrot\u00f3n\u2019"},"content":{"rendered":"<figure id=\"attachment_51397\" aria-describedby=\"caption-attachment-51397\" style=\"width: 529px\" class=\"wp-caption alignnone\"><a href=\"https:\/\/i0.wp.com\/www.eltrabajo.cl\/portal\/wp-content\/uploads\/2014\/09\/Perroton1.jpg\"><img data-recalc-dims=\"1\" loading=\"lazy\" decoding=\"async\" class=\"size-full wp-image-51397\" alt=\"En la feria participaron veterinarios, grupos animalistas y de adopci\u00f3n de mascotas, quienes respondieron a todas las preguntas que realizaron los participantes.\" src=\"https:\/\/i0.wp.com\/www.eltrabajo.cl\/portal\/wp-content\/uploads\/2014\/09\/Perroton1.jpg?resize=529%2C401\" width=\"529\" height=\"401\" srcset=\"https:\/\/i0.wp.com\/eltrabajo.cl\/portal\/wp-content\/uploads\/2014\/09\/Perroton1.jpg?w=529&amp;ssl=1 529w, https:\/\/i0.wp.com\/eltrabajo.cl\/portal\/wp-content\/uploads\/2014\/09\/Perroton1.jpg?resize=197%2C150&amp;ssl=1 197w, https:\/\/i0.wp.com\/eltrabajo.cl\/portal\/wp-content\/uploads\/2014\/09\/Perroton1.jpg?resize=300%2C227&amp;ssl=1 300w, https:\/\/i0.wp.com\/eltrabajo.cl\/portal\/wp-content\/uploads\/2014\/09\/Perroton1.jpg?resize=150%2C113&amp;ssl=1 150w, https:\/\/i0.wp.com\/eltrabajo.cl\/portal\/wp-content\/uploads\/2014\/09\/Perroton1.jpg?resize=400%2C303&amp;ssl=1 400w\" sizes=\"auto, (max-width: 529px) 100vw, 529px\" \/><\/a><figcaption id=\"caption-attachment-51397\" class=\"wp-caption-text\">En la feria participaron veterinarios, grupos animalistas y de adopci\u00f3n de mascotas, quienes respondieron a todas las preguntas que realizaron los participantes.<\/figcaption><\/figure>\n<p>Alrededor de 100 vecinos de nuestra comuna y acompa\u00f1ados de sus mascotas, participaron en la primera \u2018perrot\u00f3n\u2019 que se realiz\u00f3 en San Felipe, una entretenida iniciativa que desarroll\u00f3 la Municipalidad de San Felipe a trav\u00e9s de la Unidad de Medioambiente y el departamento de Deportes.<\/p>\n<figure id=\"attachment_51398\" aria-describedby=\"caption-attachment-51398\" style=\"width: 370px\" class=\"wp-caption alignright\"><a href=\"https:\/\/i0.wp.com\/www.eltrabajo.cl\/portal\/wp-content\/uploads\/2014\/09\/Perroton2.jpg\"><img data-recalc-dims=\"1\" loading=\"lazy\" decoding=\"async\" class=\" wp-image-51398 \" alt=\"Alrededor de 100 vecinos de nuestra comuna y acompa\u00f1ados de sus mascotas, participaron en la primera \u2018perrot\u00f3n\u2019 que se realiz\u00f3 en San Felipe.\" src=\"https:\/\/i0.wp.com\/www.eltrabajo.cl\/portal\/wp-content\/uploads\/2014\/09\/Perroton2.jpg?resize=370%2C281\" width=\"370\" height=\"281\" srcset=\"https:\/\/i0.wp.com\/eltrabajo.cl\/portal\/wp-content\/uploads\/2014\/09\/Perroton2.jpg?w=529&amp;ssl=1 529w, https:\/\/i0.wp.com\/eltrabajo.cl\/portal\/wp-content\/uploads\/2014\/09\/Perroton2.jpg?resize=197%2C150&amp;ssl=1 197w, https:\/\/i0.wp.com\/eltrabajo.cl\/portal\/wp-content\/uploads\/2014\/09\/Perroton2.jpg?resize=300%2C227&amp;ssl=1 300w, https:\/\/i0.wp.com\/eltrabajo.cl\/portal\/wp-content\/uploads\/2014\/09\/Perroton2.jpg?resize=150%2C113&amp;ssl=1 150w, https:\/\/i0.wp.com\/eltrabajo.cl\/portal\/wp-content\/uploads\/2014\/09\/Perroton2.jpg?resize=400%2C303&amp;ssl=1 400w\" sizes=\"auto, (max-width: 370px) 100vw, 370px\" \/><\/a><figcaption id=\"caption-attachment-51398\" class=\"wp-caption-text\">Alrededor de 100 vecinos de nuestra comuna y acompa\u00f1ados de sus mascotas, participaron en la primera \u2018perrot\u00f3n\u2019 que se realiz\u00f3 en San Felipe.<\/figcaption><\/figure>\n<p>La actividad fue desarrollada en el marco del programa de tenencia responsable de mascotas que lleva adelante la unidad de medioambiente y es la primera que se realizaba en la comuna, siendo un \u00e9xito de participaci\u00f3n, ya que los organizadores lograron congregar a m\u00e1s de cien perros en la corrida, mientras que en la feria participaron alrededor de 300 personas con sus mascotas, quienes realizaron distintas consultas en relaci\u00f3n al cuidado de sus animales.<\/p>\n<p>En la feria participaron veterinarios, grupos animalistas y de adopci\u00f3n de mascotas, quienes respondieron a todas las preguntas que realizaron los participantes. Esta es la primera versi\u00f3n de la actividad y la idea de la Unidad de Medioambiente es volver a realizarla a fines del mes de octubre dado el alto inter\u00e9s que gener\u00f3 la iniciativa.<\/p>\n<p>&nbsp;<\/p>\n","protected":false},"excerpt":{"rendered":"<p>Alrededor de 100 vecinos de nuestra comuna y acompa\u00f1ados de sus mascotas, participaron en la primera \u2018perrot\u00f3n\u2019 que se realiz\u00f3 en San Felipe, una entretenida iniciativa que desarroll\u00f3 la Municipalidad de San&#8230;<\/p>\n","protected":false},"author":482,"featured_media":51397,"comment_status":"open","ping_status":"closed","sticky":false,"template":"","format":"standard","meta":{"advanced_seo_description":"","jetpack_seo_html_title":"","jetpack_seo_noindex":false,"_jetpack_memberships_contains_paid_content":false,"footnotes":""},"categories":[15],"tags":[],"class_list":["post-51396","post","type-post","status-publish","format-standard","has-post-thumbnail","hentry","category-comunidad"],"jetpack_featured_media_url":"https:\/\/i0.wp.com\/eltrabajo.cl\/portal\/wp-content\/uploads\/2014\/09\/Perroton1.jpg?fit=529%2C401&ssl=1","jetpack_sharing_enabled":true,"jetpack_likes_enabled":true,"jetpack-related-posts":[],"_links":{"self":[{"href":"https:\/\/eltrabajo.cl\/portal\/wp-json\/wp\/v2\/posts\/51396","targetHints":{"allow":["GET"]}}],"collection":[{"href":"https:\/\/eltrabajo.cl\/portal\/wp-json\/wp\/v2\/posts"}],"about":[{"href":"https:\/\/eltrabajo.cl\/portal\/wp-json\/wp\/v2\/types\/post"}],"author":[{"embeddable":true,"href":"https:\/\/eltrabajo.cl\/portal\/wp-json\/wp\/v2\/users\/482"}],"replies":[{"embeddable":true,"href":"https:\/\/eltrabajo.cl\/portal\/wp-json\/wp\/v2\/comments?post=51396"}],"version-history":[{"count":0,"href":"https:\/\/eltrabajo.cl\/portal\/wp-json\/wp\/v2\/posts\/51396\/revisions"}],"wp:featuredmedia":[{"embeddable":true,"href":"https:\/\/eltrabajo.cl\/portal\/wp-json\/wp\/v2\/media\/51397"}],"wp:attachment":[{"href":"https:\/\/eltrabajo.cl\/portal\/wp-json\/wp\/v2\/media?parent=51396"}],"wp:term":[{"taxonomy":"category","embeddable":true,"href":"https:\/\/eltrabajo.cl\/portal\/wp-json\/wp\/v2\/categories?post=51396"},{"taxonomy":"post_tag","embeddable":true,"href":"https:\/\/eltrabajo.cl\/portal\/wp-json\/wp\/v2\/tags?post=51396"}],"curies":[{"name":"wp","href":"https:\/\/api.w.org\/{rel}","templated":true}]}}