{"id":51405,"date":"2014-09-23T09:10:56","date_gmt":"2014-09-23T12:10:56","guid":{"rendered":"http:\/\/www.eltrabajo.cl\/portal\/?p=51405"},"modified":"2014-09-23T09:10:56","modified_gmt":"2014-09-23T12:10:56","slug":"ni-el-hospital-san-camilo-se-salvo-de-millonario-robo-esta-vez","status":"publish","type":"post","link":"https:\/\/eltrabajo.cl\/portal\/ni-el-hospital-san-camilo-se-salvo-de-millonario-robo-esta-vez\/","title":{"rendered":"Ni el Hospital San Camilo se salv\u00f3 de millonario robo esta vez"},"content":{"rendered":"<figure id=\"attachment_51406\" aria-describedby=\"caption-attachment-51406\" style=\"width: 317px\" class=\"wp-caption alignleft\"><a href=\"https:\/\/i0.wp.com\/www.eltrabajo.cl\/portal\/wp-content\/uploads\/2014\/09\/Nestor-Irribarra.jpg\"><img data-recalc-dims=\"1\" loading=\"lazy\" decoding=\"async\" class=\" wp-image-51406 \" alt=\"El Director del Hospital San Camilo, Doctor N\u00e9stor Iribarra, lament\u00f3 el episodio delictivo que ocurri\u00f3 en el edificio administrativo, cuyas p\u00e9rdidas ascienden a $5 millones.\" src=\"https:\/\/i0.wp.com\/www.eltrabajo.cl\/portal\/wp-content\/uploads\/2014\/09\/Nestor-Irribarra.jpg?resize=317%2C306\" width=\"317\" height=\"306\" srcset=\"https:\/\/i0.wp.com\/eltrabajo.cl\/portal\/wp-content\/uploads\/2014\/09\/Nestor-Irribarra.jpg?w=529&amp;ssl=1 529w, https:\/\/i0.wp.com\/eltrabajo.cl\/portal\/wp-content\/uploads\/2014\/09\/Nestor-Irribarra.jpg?resize=155%2C150&amp;ssl=1 155w, https:\/\/i0.wp.com\/eltrabajo.cl\/portal\/wp-content\/uploads\/2014\/09\/Nestor-Irribarra.jpg?resize=300%2C289&amp;ssl=1 300w, https:\/\/i0.wp.com\/eltrabajo.cl\/portal\/wp-content\/uploads\/2014\/09\/Nestor-Irribarra.jpg?resize=150%2C144&amp;ssl=1 150w, https:\/\/i0.wp.com\/eltrabajo.cl\/portal\/wp-content\/uploads\/2014\/09\/Nestor-Irribarra.jpg?resize=400%2C385&amp;ssl=1 400w\" sizes=\"auto, (max-width: 317px) 100vw, 317px\" \/><\/a><figcaption id=\"caption-attachment-51406\" class=\"wp-caption-text\">El Director del Hospital San Camilo, Doctor N\u00e9stor Iribarra, lament\u00f3 el episodio delictivo que ocurri\u00f3 en el edificio administrativo, cuyas p\u00e9rdidas ascienden a $5 millones.<\/figcaption><\/figure>\n<p>Desde la oficinas administrativas de la Direcci\u00f3n del Hospital San Camilo, delincuentes aprovecharon el feriado de Fiestas Patrias para invadir el edificio desde donde sustrajeron c\u00e1maras fotogr\u00e1ficas, equipos computacionales incluso hasta el notebook del mismo director del centro hospitalario. El hecho qued\u00f3 al descubierto a primeras horas de la ma\u00f1ana de ayer lunes, cuando el personal administrativo retornaba a sus labores habituales tras el largo fin de semana, encontr\u00e1ndose con los destrozos que realizaron los antisociales que sin ninguna complicaci\u00f3n se llevaron las especies avaluadas en $5.000 millones.<\/p>\n<p>\u00abProbablemente utilizaron herramientas porque forzaron las puertas, ventanas y los muebles de las diferentes oficinas de tal manera que hicieron muchos destrozos y se llevaron equipos de computaci\u00f3n, monitores, c\u00e1maras fotogr\u00e1ficas, fundamentalmente descerrajaron todo para buscar dinero. Hemos hecho la denuncia pertinente a Carabineros haciendo las pericias que corresponden\u00bb, se\u00f1al\u00f3 el Director del Hospital San Camilo, Doctor N\u00e9stor Iribarra.<\/p>\n<p>El facultativo a\u00f1adi\u00f3 que los antisociales se llevaron su notebook que contiene informaci\u00f3n administrativa, por lo que lament\u00f3 estos hechos asegurando que se mejorar\u00e1n las medidas de seguridad para la tranquilidad de todos los funcionarios.<\/p>\n<p><strong>\u00a0<\/strong><strong>ESCUELA TAMBI\u00c9N<\/strong><\/p>\n<p>Otro hecho delictual se produjo durante el fin de semana, cuando un grupo de determinado de desconocidos ingresaron hasta las dependencias de la Escuela El Almendral de San Felipe, donde se registraron destrozos a los mobiliarios de las salas de clases y destrucci\u00f3n de utensilios en ba\u00f1os y oficinas sin llevarse ning\u00fan tipo de especies por lo que se atribuye a un acto de vandalismo.<\/p>\n<p>Las autoridades educaciones debieron suspender las actividades escolares durante el d\u00eda de ayer y de hoy martes mientras se realizan las respectivas reparaciones generando una amplia molestia entre los funcionarios que afectan directamente a los mismos alumnos.<\/p>\n<p>Pablo Salinas Sald\u00edas<\/p>\n<p>&nbsp;<\/p>\n","protected":false},"excerpt":{"rendered":"<p>Desde la oficinas administrativas de la Direcci\u00f3n del Hospital San Camilo, delincuentes aprovecharon el feriado de Fiestas Patrias para invadir el edificio desde donde sustrajeron c\u00e1maras fotogr\u00e1ficas, equipos computacionales incluso hasta el&#8230;<\/p>\n","protected":false},"author":482,"featured_media":51406,"comment_status":"open","ping_status":"closed","sticky":false,"template":"","format":"standard","meta":{"advanced_seo_description":"","jetpack_seo_html_title":"","jetpack_seo_noindex":false,"_jetpack_memberships_contains_paid_content":false,"footnotes":""},"categories":[21],"tags":[],"class_list":["post-51405","post","type-post","status-publish","format-standard","has-post-thumbnail","hentry","category-policial"],"jetpack_featured_media_url":"https:\/\/i0.wp.com\/eltrabajo.cl\/portal\/wp-content\/uploads\/2014\/09\/Nestor-Irribarra.jpg?fit=529%2C510&ssl=1","jetpack_sharing_enabled":true,"jetpack_likes_enabled":true,"jetpack-related-posts":[],"_links":{"self":[{"href":"https:\/\/eltrabajo.cl\/portal\/wp-json\/wp\/v2\/posts\/51405","targetHints":{"allow":["GET"]}}],"collection":[{"href":"https:\/\/eltrabajo.cl\/portal\/wp-json\/wp\/v2\/posts"}],"about":[{"href":"https:\/\/eltrabajo.cl\/portal\/wp-json\/wp\/v2\/types\/post"}],"author":[{"embeddable":true,"href":"https:\/\/eltrabajo.cl\/portal\/wp-json\/wp\/v2\/users\/482"}],"replies":[{"embeddable":true,"href":"https:\/\/eltrabajo.cl\/portal\/wp-json\/wp\/v2\/comments?post=51405"}],"version-history":[{"count":0,"href":"https:\/\/eltrabajo.cl\/portal\/wp-json\/wp\/v2\/posts\/51405\/revisions"}],"wp:featuredmedia":[{"embeddable":true,"href":"https:\/\/eltrabajo.cl\/portal\/wp-json\/wp\/v2\/media\/51406"}],"wp:attachment":[{"href":"https:\/\/eltrabajo.cl\/portal\/wp-json\/wp\/v2\/media?parent=51405"}],"wp:term":[{"taxonomy":"category","embeddable":true,"href":"https:\/\/eltrabajo.cl\/portal\/wp-json\/wp\/v2\/categories?post=51405"},{"taxonomy":"post_tag","embeddable":true,"href":"https:\/\/eltrabajo.cl\/portal\/wp-json\/wp\/v2\/tags?post=51405"}],"curies":[{"name":"wp","href":"https:\/\/api.w.org\/{rel}","templated":true}]}}