{"id":51409,"date":"2014-09-23T09:14:46","date_gmt":"2014-09-23T12:14:46","guid":{"rendered":"http:\/\/www.eltrabajo.cl\/portal\/?p=51409"},"modified":"2014-09-23T09:14:46","modified_gmt":"2014-09-23T12:14:46","slug":"encapuchados-casi-lo-deguellan-en-violento-asalto","status":"publish","type":"post","link":"https:\/\/eltrabajo.cl\/portal\/encapuchados-casi-lo-deguellan-en-violento-asalto\/","title":{"rendered":"Encapuchados casi lo deg\u00fcellan en violento asalto"},"content":{"rendered":"<figure id=\"attachment_51410\" aria-describedby=\"caption-attachment-51410\" style=\"width: 254px\" class=\"wp-caption alignleft\"><a href=\"https:\/\/i0.wp.com\/www.eltrabajo.cl\/portal\/wp-content\/uploads\/2014\/09\/Zoilo.jpg\"><img data-recalc-dims=\"1\" loading=\"lazy\" decoding=\"async\" class=\" wp-image-51410  \" alt=\"Zoilo Mu\u00f1oz Aranda, conocido comerciante que fue atacado por dos delincuentes y a quien le cortaron el rostro y le provocaron una herida utilizando cuchillos con la intensi\u00f3n de asaltarlo. \" src=\"https:\/\/i0.wp.com\/www.eltrabajo.cl\/portal\/wp-content\/uploads\/2014\/09\/Zoilo.jpg?resize=254%2C337\" width=\"254\" height=\"337\" srcset=\"https:\/\/i0.wp.com\/eltrabajo.cl\/portal\/wp-content\/uploads\/2014\/09\/Zoilo.jpg?w=529&amp;ssl=1 529w, https:\/\/i0.wp.com\/eltrabajo.cl\/portal\/wp-content\/uploads\/2014\/09\/Zoilo.jpg?resize=113%2C150&amp;ssl=1 113w, https:\/\/i0.wp.com\/eltrabajo.cl\/portal\/wp-content\/uploads\/2014\/09\/Zoilo.jpg?resize=226%2C300&amp;ssl=1 226w, https:\/\/i0.wp.com\/eltrabajo.cl\/portal\/wp-content\/uploads\/2014\/09\/Zoilo.jpg?resize=400%2C530&amp;ssl=1 400w\" sizes=\"auto, (max-width: 254px) 100vw, 254px\" \/><\/a><figcaption id=\"caption-attachment-51410\" class=\"wp-caption-text\">Zoilo Mu\u00f1oz Aranda, conocido comerciante que fue atacado por dos delincuentes y a quien le cortaron el rostro y le provocaron una herida utilizando cuchillos con la intensi\u00f3n de asaltarlo.<\/figcaption><\/figure>\n<ul>\n<li><strong>Un nuevo y violento atraco se registr\u00f3 en Minimarket Rosita, en el centro de San Felipe, en el cual un Adulto Mayor se tuvo que enfrentar a golpes contra dos delincuentes, en virtud que Carabineros y la PDI nunca atendi\u00f3 su emergencia.<\/strong><\/li>\n<\/ul>\n<p>Por m\u00e1s de 40 a\u00f1os \u00e9l se ha desempe\u00f1ado como comerciante. Zoilo Mu\u00f1oz Aranda, de 63 a\u00f1os de edad, ha tenido que lidiar con la delincuencia ya en tres ocasiones en que ha sido v\u00edctima de robo. Pero el pasado s\u00e1bado fue mucho m\u00e1s extremo cuando enfrent\u00f3 a dos encapuchados, quienes premunidos de armas blancas lo intimidaron a \u00e9l y su esposa, oblig\u00e1ndolos a entregar el dinero que manten\u00eda en la caja registradora.<\/p>\n<p><strong>\u00a0PU\u00d1AL AL CUELLO<\/strong><\/p>\n<p>Fue a eso de las 22:15 horas cuando el propietario de Minimarket Rosita, ubicado en la intersecci\u00f3n de calles San Mart\u00edn con Traslavi\u00f1a, se encontraba atendiendo normalmente a su clientela, circunstancia en la cual irrumpieron dos j\u00f3venes encapuchados con enormes cuchillos, intimidando a Don Zoilo en el cuello para que hiciera entrega del dinero recaudado.<\/p>\n<p>Al mismo tiempo el otro sujeto apuntaba su arma blanca a la esposa del comerciante, quien estaba sentada a su lado, transform\u00e1ndose esos momentos en eternos minutos de terror. Sin embargo Don Zoilo sin pensarlo dos veces, para salvar la vida de su esposa y la suya propia, se abalanz\u00f3 sobre el sujeto para arrebatarle el cuchillo con golpes de pu\u00f1o.<\/p>\n<p>Pero desafortunadamente recibi\u00f3 cortes visibles en su cara y una puntada en su cabeza que lo hicieron sangrar, por lo que los sujetos decidieron huir sin lograr llevarse consigo ninguna especie del minimarket ni dinero en efectivo.<\/p>\n<figure id=\"attachment_51411\" aria-describedby=\"caption-attachment-51411\" style=\"width: 333px\" class=\"wp-caption alignright\"><a href=\"https:\/\/i0.wp.com\/www.eltrabajo.cl\/portal\/wp-content\/uploads\/2014\/09\/Minimarket.jpg\"><img data-recalc-dims=\"1\" loading=\"lazy\" decoding=\"async\" class=\" wp-image-51411  \" alt=\"En esta esquina entre las calles San Mart\u00edn con Traslavi\u00f1a, Minimarket Rosita fue blanco de dos delincuentes que agredieron a su propietario con la finalidad de cometer un robo.\" src=\"https:\/\/i0.wp.com\/www.eltrabajo.cl\/portal\/wp-content\/uploads\/2014\/09\/Minimarket.jpg?resize=333%2C253\" width=\"333\" height=\"253\" srcset=\"https:\/\/i0.wp.com\/eltrabajo.cl\/portal\/wp-content\/uploads\/2014\/09\/Minimarket.jpg?w=529&amp;ssl=1 529w, https:\/\/i0.wp.com\/eltrabajo.cl\/portal\/wp-content\/uploads\/2014\/09\/Minimarket.jpg?resize=197%2C150&amp;ssl=1 197w, https:\/\/i0.wp.com\/eltrabajo.cl\/portal\/wp-content\/uploads\/2014\/09\/Minimarket.jpg?resize=300%2C227&amp;ssl=1 300w, https:\/\/i0.wp.com\/eltrabajo.cl\/portal\/wp-content\/uploads\/2014\/09\/Minimarket.jpg?resize=150%2C113&amp;ssl=1 150w, https:\/\/i0.wp.com\/eltrabajo.cl\/portal\/wp-content\/uploads\/2014\/09\/Minimarket.jpg?resize=400%2C303&amp;ssl=1 400w\" sizes=\"auto, (max-width: 333px) 100vw, 333px\" \/><\/a><figcaption id=\"caption-attachment-51411\" class=\"wp-caption-text\">En esta esquina entre las calles San Mart\u00edn con Traslavi\u00f1a, Minimarket Rosita fue blanco de dos delincuentes que agredieron a su propietario con la finalidad de cometer un robo.<\/figcaption><\/figure>\n<p>\u00abMe atacaron con el cuchillo, mi se\u00f1ora qued\u00f3 pr\u00e1cticamente como reh\u00e9n en la silla con el tipo encima y el otro me atac\u00f3. Me trenc\u00e9 a golpes con \u00e9l y me cort\u00f3 el rostro, mientras que el otro sujeto me clav\u00f3 su cuchillo en la cabeza y ah\u00ed escaparon\u00bb, recuerda muy nervioso Don Zoilo a Diario El Trabajo.<\/p>\n<p><strong>\u00abCARABINEROS JAM\u00c1S\u00a0ATENDI\u00d3 LA EMERGENCIA\u00bb<\/strong><\/p>\n<p>Argumenta que tras diversos llamados al tel\u00e9fono del Plan Cuadrante de Carabineros, nunca contestaron sus llamadas. Posteriormente llamaron al 133 e incluso hasta el n\u00famero de la Polic\u00eda de Investigaciones, pero los intentos fueron fallidos pese a la violenta situaci\u00f3n vivida.<\/p>\n<p>\u00abCarabineros nunca concurri\u00f3 al local, de ah\u00ed me tuve que ir a primero auxilios y ah\u00ed pude hacer una denuncia. Me encontr\u00e9 con que Carabineros estaban todos all\u00e1 en el hospital, la ciudad estaba abandonada y supuestamente estaban en una diligencia de un herido a bala, pero no se justifica que todos los carabineros est\u00e9n todos all\u00e1, hab\u00edan m\u00e1s patrullas que ambulancias\u00bb, relata Zoilo Mu\u00f1oz.<\/p>\n<p><strong>\u00a0PDI INVISIBLE<\/strong><\/p>\n<p>Asegura que hizo cerca de 20 llamadas al cuartel de la Polic\u00eda de Investigaciones, pero nunca atendieron el llamado de denuncia, por lo que el afectado se encuentra visiblemente molesto por la inseguridad producida durante el feriado de Fiestas Patrias, donde se registraron diversos delitos de robos en Calle San Mart\u00edn.<\/p>\n<p>Zoilo Mu\u00f1oz concluy\u00f3 que tras este violento episodio no se dejar\u00e1 amedrentar por la delincuencia y continuar\u00e1 atendiendo a su clientela con las cautelas de estar armado ante un suceso similar, por lo cual expuso su vida y la de su esposa, \u00abSimplemente yo ahora voy a usar mi arma, porque si no tenemos Polic\u00edas, no concurren a los hechos, estamos abandonados, me pude dar cuenta, entonces tenemos que defendernos duro no podemos dar un paso atr\u00e1s, porque ellos ser\u00e1n ganadores y nosotros perdedores\u00bb, subray\u00f3.<\/p>\n<p><strong>ROBO EN \u2018EL PENECA\u2019<\/strong><\/p>\n<p>A pocos metros de Minimarket Rosita por Calle San Mart\u00edn 232 en San Felipe, el Jard\u00edn Infantil El Peneca fue v\u00edctima de un robo, cuando un indigente ingres\u00f3 hasta una de las salas de clases sustrayendo electrodom\u00e9sticos, como un televisor, equipo de DVD, radio musical, una mesa, sillas incluso hasta una ca\u00f1er\u00eda de cobre.<\/p>\n<p>El delito cometido en horas de la madrugada del pasado s\u00e1bado se frustr\u00f3 cuando Carabineros advirti\u00f3 la situaci\u00f3n y pudo detener al sujeto quedando a disposici\u00f3n del Ministerio P\u00fablico.<\/p>\n<p>Pablo Salinas Sald\u00edas<\/p>\n<p>&nbsp;<\/p>\n","protected":false},"excerpt":{"rendered":"<p>Un nuevo y violento atraco se registr\u00f3 en Minimarket Rosita, en el centro de San Felipe, en el cual un Adulto Mayor se tuvo que enfrentar a golpes contra dos delincuentes, en&#8230;<\/p>\n","protected":false},"author":482,"featured_media":51410,"comment_status":"open","ping_status":"closed","sticky":false,"template":"","format":"standard","meta":{"advanced_seo_description":"","jetpack_seo_html_title":"","jetpack_seo_noindex":false,"_jetpack_memberships_contains_paid_content":false,"footnotes":""},"categories":[21],"tags":[],"class_list":["post-51409","post","type-post","status-publish","format-standard","has-post-thumbnail","hentry","category-policial"],"jetpack_featured_media_url":"https:\/\/i0.wp.com\/eltrabajo.cl\/portal\/wp-content\/uploads\/2014\/09\/Zoilo.jpg?fit=529%2C701&ssl=1","jetpack_sharing_enabled":true,"jetpack_likes_enabled":true,"jetpack-related-posts":[],"_links":{"self":[{"href":"https:\/\/eltrabajo.cl\/portal\/wp-json\/wp\/v2\/posts\/51409","targetHints":{"allow":["GET"]}}],"collection":[{"href":"https:\/\/eltrabajo.cl\/portal\/wp-json\/wp\/v2\/posts"}],"about":[{"href":"https:\/\/eltrabajo.cl\/portal\/wp-json\/wp\/v2\/types\/post"}],"author":[{"embeddable":true,"href":"https:\/\/eltrabajo.cl\/portal\/wp-json\/wp\/v2\/users\/482"}],"replies":[{"embeddable":true,"href":"https:\/\/eltrabajo.cl\/portal\/wp-json\/wp\/v2\/comments?post=51409"}],"version-history":[{"count":0,"href":"https:\/\/eltrabajo.cl\/portal\/wp-json\/wp\/v2\/posts\/51409\/revisions"}],"wp:featuredmedia":[{"embeddable":true,"href":"https:\/\/eltrabajo.cl\/portal\/wp-json\/wp\/v2\/media\/51410"}],"wp:attachment":[{"href":"https:\/\/eltrabajo.cl\/portal\/wp-json\/wp\/v2\/media?parent=51409"}],"wp:term":[{"taxonomy":"category","embeddable":true,"href":"https:\/\/eltrabajo.cl\/portal\/wp-json\/wp\/v2\/categories?post=51409"},{"taxonomy":"post_tag","embeddable":true,"href":"https:\/\/eltrabajo.cl\/portal\/wp-json\/wp\/v2\/tags?post=51409"}],"curies":[{"name":"wp","href":"https:\/\/api.w.org\/{rel}","templated":true}]}}