{"id":51425,"date":"2014-09-24T09:21:48","date_gmt":"2014-09-24T12:21:48","guid":{"rendered":"http:\/\/www.eltrabajo.cl\/portal\/?p=51425"},"modified":"2014-09-24T09:21:48","modified_gmt":"2014-09-24T12:21:48","slug":"ex-empleados-de-pixels-aseguran-que-fueron-humillados-para-recibir-su-finiquito","status":"publish","type":"post","link":"https:\/\/eltrabajo.cl\/portal\/ex-empleados-de-pixels-aseguran-que-fueron-humillados-para-recibir-su-finiquito\/","title":{"rendered":"Ex-empleados de Pixels aseguran que fueron humillados para recibir su finiquito"},"content":{"rendered":"<figure id=\"attachment_51426\" aria-describedby=\"caption-attachment-51426\" style=\"width: 529px\" class=\"wp-caption alignnone\"><a href=\"https:\/\/i0.wp.com\/www.eltrabajo.cl\/portal\/wp-content\/uploads\/2014\/09\/Pixel1.jpg\"><img data-recalc-dims=\"1\" loading=\"lazy\" decoding=\"async\" class=\"size-full wp-image-51426\" alt=\"Un grupo de trabajadores que prest\u00f3 servicios a la empresa Pixels y que fueron despedidos d\u00edas atr\u00e1s, denunciaron que hoy se sienten humillados por la empresa al querer cobrar sus finiquitos.\" src=\"https:\/\/i0.wp.com\/www.eltrabajo.cl\/portal\/wp-content\/uploads\/2014\/09\/Pixel1.jpg?resize=529%2C358\" width=\"529\" height=\"358\" srcset=\"https:\/\/i0.wp.com\/eltrabajo.cl\/portal\/wp-content\/uploads\/2014\/09\/Pixel1.jpg?w=529&amp;ssl=1 529w, https:\/\/i0.wp.com\/eltrabajo.cl\/portal\/wp-content\/uploads\/2014\/09\/Pixel1.jpg?resize=200%2C135&amp;ssl=1 200w, https:\/\/i0.wp.com\/eltrabajo.cl\/portal\/wp-content\/uploads\/2014\/09\/Pixel1.jpg?resize=300%2C203&amp;ssl=1 300w, https:\/\/i0.wp.com\/eltrabajo.cl\/portal\/wp-content\/uploads\/2014\/09\/Pixel1.jpg?resize=150%2C101&amp;ssl=1 150w, https:\/\/i0.wp.com\/eltrabajo.cl\/portal\/wp-content\/uploads\/2014\/09\/Pixel1.jpg?resize=400%2C270&amp;ssl=1 400w\" sizes=\"auto, (max-width: 529px) 100vw, 529px\" \/><\/a><figcaption id=\"caption-attachment-51426\" class=\"wp-caption-text\">Un grupo de trabajadores que prest\u00f3 servicios a la empresa Pixels y que fueron despedidos d\u00edas atr\u00e1s, denunciaron que hoy se sienten humillados por la empresa al querer cobrar sus finiquitos.<\/figcaption><\/figure>\n<p><strong>PUTAENDO<\/strong>.- Un grupo de trabajadores que prest\u00f3 servicios a la empresa Pixels y que fueron despedidos d\u00edas atr\u00e1s, denunciaron que hoy se sienten humillados por la empresa al querer cobrar sus finiquitos. Alex N\u00fa\u00f1ez asegur\u00f3 a nuestro medio que el d\u00eda 5 del presente mes fueron notificados que quedaba sin trabajo un grupo de 30 trabajadores, en su mayor\u00eda por t\u00e9rmino de obra o t\u00e9rmino de contrato, donde la empresa les notific\u00f3 que su finiquito seria pagado el martes 23 de este mes.<\/p>\n<p>El ex-trabajador de Pixels indic\u00f3 que hoy martes 23 de septiembre todos los trabajadores despedidos llegaron hasta la empresa, misma que realiza los trabajos de remodelaci\u00f3n del hospital psiqui\u00e1trico y que luego de esperar varias horas sin que nadie les atendiera, un funcionario administrativo sali\u00f3 y les se\u00f1alo que \u201cno hay plata y a lo mejor les pagamos el viernes, si les gusta bien y si no les gusta vayan a reclamar a donde quieran\u201d.<\/p>\n<p>A esto se suma, que seg\u00fan lo se\u00f1alado por el denunciante que adem\u00e1s est\u00e1 respaldado por otros dos trabajadores, fueron victimas de burlas por parte del representante de la empresa Pixels, por lo que hoy decidieron hacer p\u00fablica esta situaci\u00f3n y emplazaron directamente a las autoridades del Servicio de Salud Aconcagua, para que de una vez por todas hagan algo y la empresa Pixels termine con los continuos abusos y humillaciones hacia los trabajadores.<\/p>\n<p>\u201cNos sentimos humillados y nadie se preocupa de nosotros, no estamos limosneando, s\u00f3lo queremos que nos paguen lo que nos corresponde, nos dieron una fecha y todos necesitamos el dinero, hoy se burlan de nosotros y nos cierran la puerta en la cara; esto ya no tiene nombre y es un abuso m\u00e1s de Pixels y con el benepl\u00e1cito de las autoridades de salud, a quienes les pedimos por favor que nos ayuden y no nos dejen solos\u201d, sostuvo \u00c1lex N\u00fa\u00f1ez.<\/p>\n<p>Patricio Gallardo M.<\/p>\n<p>&nbsp;<\/p>\n","protected":false},"excerpt":{"rendered":"<p>PUTAENDO.- Un grupo de trabajadores que prest\u00f3 servicios a la empresa Pixels y que fueron despedidos d\u00edas atr\u00e1s, denunciaron que hoy se sienten humillados por la empresa al querer cobrar sus finiquitos&#8230;.<\/p>\n","protected":false},"author":482,"featured_media":51426,"comment_status":"open","ping_status":"closed","sticky":false,"template":"","format":"standard","meta":{"advanced_seo_description":"","jetpack_seo_html_title":"","jetpack_seo_noindex":false,"_jetpack_memberships_contains_paid_content":false,"footnotes":""},"categories":[15],"tags":[],"class_list":["post-51425","post","type-post","status-publish","format-standard","has-post-thumbnail","hentry","category-comunidad"],"jetpack_featured_media_url":"https:\/\/i0.wp.com\/eltrabajo.cl\/portal\/wp-content\/uploads\/2014\/09\/Pixel1.jpg?fit=529%2C358&ssl=1","jetpack_sharing_enabled":true,"jetpack_likes_enabled":true,"jetpack-related-posts":[],"_links":{"self":[{"href":"https:\/\/eltrabajo.cl\/portal\/wp-json\/wp\/v2\/posts\/51425","targetHints":{"allow":["GET"]}}],"collection":[{"href":"https:\/\/eltrabajo.cl\/portal\/wp-json\/wp\/v2\/posts"}],"about":[{"href":"https:\/\/eltrabajo.cl\/portal\/wp-json\/wp\/v2\/types\/post"}],"author":[{"embeddable":true,"href":"https:\/\/eltrabajo.cl\/portal\/wp-json\/wp\/v2\/users\/482"}],"replies":[{"embeddable":true,"href":"https:\/\/eltrabajo.cl\/portal\/wp-json\/wp\/v2\/comments?post=51425"}],"version-history":[{"count":0,"href":"https:\/\/eltrabajo.cl\/portal\/wp-json\/wp\/v2\/posts\/51425\/revisions"}],"wp:featuredmedia":[{"embeddable":true,"href":"https:\/\/eltrabajo.cl\/portal\/wp-json\/wp\/v2\/media\/51426"}],"wp:attachment":[{"href":"https:\/\/eltrabajo.cl\/portal\/wp-json\/wp\/v2\/media?parent=51425"}],"wp:term":[{"taxonomy":"category","embeddable":true,"href":"https:\/\/eltrabajo.cl\/portal\/wp-json\/wp\/v2\/categories?post=51425"},{"taxonomy":"post_tag","embeddable":true,"href":"https:\/\/eltrabajo.cl\/portal\/wp-json\/wp\/v2\/tags?post=51425"}],"curies":[{"name":"wp","href":"https:\/\/api.w.org\/{rel}","templated":true}]}}