{"id":51429,"date":"2014-09-24T09:25:04","date_gmt":"2014-09-24T12:25:04","guid":{"rendered":"http:\/\/www.eltrabajo.cl\/portal\/?p=51429"},"modified":"2014-09-24T09:25:04","modified_gmt":"2014-09-24T12:25:04","slug":"chicos-del-liceo-pedro-aguirre-cerda-ganan-campeonato-bi-provincial-de-futbol","status":"publish","type":"post","link":"https:\/\/eltrabajo.cl\/portal\/chicos-del-liceo-pedro-aguirre-cerda-ganan-campeonato-bi-provincial-de-futbol\/","title":{"rendered":"Chicos del Liceo Pedro Aguirre Cerda ganan campeonato bi-provincial de f\u00fatbol"},"content":{"rendered":"<figure id=\"attachment_51430\" aria-describedby=\"caption-attachment-51430\" style=\"width: 529px\" class=\"wp-caption alignnone\"><a href=\"https:\/\/i0.wp.com\/www.eltrabajo.cl\/portal\/wp-content\/uploads\/2014\/09\/Sele1.jpg\"><img data-recalc-dims=\"1\" loading=\"lazy\" decoding=\"async\" class=\"size-full wp-image-51430\" alt=\"Tras el triunfo los j\u00f3venes estudiantes viajar\u00e1n a Vi\u00f1a del Mar a competir por un cupo en el torneo organizado por el Instituto Profesional AIEP. \" src=\"https:\/\/i0.wp.com\/www.eltrabajo.cl\/portal\/wp-content\/uploads\/2014\/09\/Sele1.jpg?resize=529%2C357\" width=\"529\" height=\"357\" srcset=\"https:\/\/i0.wp.com\/eltrabajo.cl\/portal\/wp-content\/uploads\/2014\/09\/Sele1.jpg?w=529&amp;ssl=1 529w, https:\/\/i0.wp.com\/eltrabajo.cl\/portal\/wp-content\/uploads\/2014\/09\/Sele1.jpg?resize=200%2C134&amp;ssl=1 200w, https:\/\/i0.wp.com\/eltrabajo.cl\/portal\/wp-content\/uploads\/2014\/09\/Sele1.jpg?resize=300%2C202&amp;ssl=1 300w, https:\/\/i0.wp.com\/eltrabajo.cl\/portal\/wp-content\/uploads\/2014\/09\/Sele1.jpg?resize=150%2C101&amp;ssl=1 150w, https:\/\/i0.wp.com\/eltrabajo.cl\/portal\/wp-content\/uploads\/2014\/09\/Sele1.jpg?resize=400%2C269&amp;ssl=1 400w\" sizes=\"auto, (max-width: 529px) 100vw, 529px\" \/><\/a><figcaption id=\"caption-attachment-51430\" class=\"wp-caption-text\">Tras el triunfo los j\u00f3venes estudiantes viajar\u00e1n a Vi\u00f1a del Mar a competir por un cupo en el torneo organizado por el Instituto Profesional AIEP.<\/figcaption><\/figure>\n<p><strong>CALLE LARGA.<\/strong>&#8211; Un destacado desempe\u00f1o tuvo hace unas semanas la selecci\u00f3n de f\u00fatbol del Liceo Pedro Aguirre Cerda de Calle Larga, quienes resultaron campeones en el torneo bi-provincial, organizado por el Instituto Profesional AIEP. En este campeonato los j\u00f3venes estudiantes se enfrentaron a establecimientos educacionales de las provincias de Los Andes y San Felipe y este s\u00e1bado 27 de septiembre viajar\u00e1n hasta Vi\u00f1a del Mar, donde se seleccionar\u00e1 al representante regional que participar\u00e1 en la final a nivel nacional.<\/p>\n<p>Sobre el excelente desempe\u00f1o de la selecci\u00f3n, como tambi\u00e9n de las expectativas que se tienen para este s\u00e1bado, se refiri\u00f3 Miguel N\u00fa\u00f1ez Escobar, Profesor de Educaci\u00f3n F\u00edsica del Liceo Pedro Aguirre Cerda.<\/p>\n<p>\u201cEstamos sumamente contentos con el buen resultado que obtuvimos en el campeonato que se disput\u00f3 en San Felipe, ya que nuestros j\u00f3venes representaron de una buen\u00edsima forma a nuestro establecimiento. Actualmente nos estamos preparando para obtener un buen resultado en Vi\u00f1a del Mar y poder participar as\u00ed en la final del campeonato\u201d, manifest\u00f3 N\u00fa\u00f1ez.<\/p>\n<p>Por su parte Jorge C\u00e1rcamo, destac\u00f3 la buena experiencia que han tenido los estudiantes durante este campeonato. \u201cHa sido s\u00faper bueno estar en este campeonato ya que hemos conocido estudiantes de otros colegios y nos dimos cuenta del nivel deportivo en el que nos encontramos. Estamos muy contentos por lo que hicimos en San Felipe y esperamos que nos vaya bien tambi\u00e9n en Vi\u00f1a\u201d, sostuvo Jorge C\u00e1rcamo.<\/p>\n<p>Tambi\u00e9n la directora del Liceo Pedro Aguirre Cerda destac\u00f3 el desempe\u00f1o de los j\u00f3venes. \u201cComo establecimiento nos sentimos orgullosos de que un grupo de j\u00f3venes los hayan representado tan bien, demostrando coraje, perseverancia y por sobre todo compromiso y responsabilidad, logrando coronarse con el primer lugar de este campeonato un reconocimiento donde se reconoce el esfuerzo\u201d.<\/p>\n","protected":false},"excerpt":{"rendered":"<p>CALLE LARGA.&#8211; Un destacado desempe\u00f1o tuvo hace unas semanas la selecci\u00f3n de f\u00fatbol del Liceo Pedro Aguirre Cerda de Calle Larga, quienes resultaron campeones en el torneo bi-provincial, organizado por el Instituto&#8230;<\/p>\n","protected":false},"author":482,"featured_media":51430,"comment_status":"open","ping_status":"closed","sticky":false,"template":"","format":"standard","meta":{"advanced_seo_description":"","jetpack_seo_html_title":"","jetpack_seo_noindex":false,"_jetpack_memberships_contains_paid_content":false,"footnotes":""},"categories":[15],"tags":[],"class_list":["post-51429","post","type-post","status-publish","format-standard","has-post-thumbnail","hentry","category-comunidad"],"jetpack_featured_media_url":"https:\/\/i0.wp.com\/eltrabajo.cl\/portal\/wp-content\/uploads\/2014\/09\/Sele1.jpg?fit=529%2C357&ssl=1","jetpack_sharing_enabled":true,"jetpack_likes_enabled":true,"jetpack-related-posts":[],"_links":{"self":[{"href":"https:\/\/eltrabajo.cl\/portal\/wp-json\/wp\/v2\/posts\/51429","targetHints":{"allow":["GET"]}}],"collection":[{"href":"https:\/\/eltrabajo.cl\/portal\/wp-json\/wp\/v2\/posts"}],"about":[{"href":"https:\/\/eltrabajo.cl\/portal\/wp-json\/wp\/v2\/types\/post"}],"author":[{"embeddable":true,"href":"https:\/\/eltrabajo.cl\/portal\/wp-json\/wp\/v2\/users\/482"}],"replies":[{"embeddable":true,"href":"https:\/\/eltrabajo.cl\/portal\/wp-json\/wp\/v2\/comments?post=51429"}],"version-history":[{"count":0,"href":"https:\/\/eltrabajo.cl\/portal\/wp-json\/wp\/v2\/posts\/51429\/revisions"}],"wp:featuredmedia":[{"embeddable":true,"href":"https:\/\/eltrabajo.cl\/portal\/wp-json\/wp\/v2\/media\/51430"}],"wp:attachment":[{"href":"https:\/\/eltrabajo.cl\/portal\/wp-json\/wp\/v2\/media?parent=51429"}],"wp:term":[{"taxonomy":"category","embeddable":true,"href":"https:\/\/eltrabajo.cl\/portal\/wp-json\/wp\/v2\/categories?post=51429"},{"taxonomy":"post_tag","embeddable":true,"href":"https:\/\/eltrabajo.cl\/portal\/wp-json\/wp\/v2\/tags?post=51429"}],"curies":[{"name":"wp","href":"https:\/\/api.w.org\/{rel}","templated":true}]}}