{"id":51451,"date":"2014-09-24T09:36:00","date_gmt":"2014-09-24T12:36:00","guid":{"rendered":"http:\/\/www.eltrabajo.cl\/portal\/?p=51451"},"modified":"2014-09-24T09:36:00","modified_gmt":"2014-09-24T12:36:00","slug":"construiran-multicancha-y-ampliaran-sede-en-villa-pablo-neruda","status":"publish","type":"post","link":"https:\/\/eltrabajo.cl\/portal\/construiran-multicancha-y-ampliaran-sede-en-villa-pablo-neruda\/","title":{"rendered":"Construir\u00e1n multicancha y ampliar\u00e1n sede en Villa Pablo Neruda"},"content":{"rendered":"<figure id=\"attachment_51452\" aria-describedby=\"caption-attachment-51452\" style=\"width: 529px\" class=\"wp-caption alignnone\"><a href=\"https:\/\/i0.wp.com\/www.eltrabajo.cl\/portal\/wp-content\/uploads\/2014\/09\/Planos2.jpg\"><img data-recalc-dims=\"1\" loading=\"lazy\" decoding=\"async\" class=\"size-full wp-image-51452\" alt=\"Personeros a cargo de los proyectos explicaron a los presentes cada uno de los detalles de estos trabajos.\" src=\"https:\/\/i0.wp.com\/www.eltrabajo.cl\/portal\/wp-content\/uploads\/2014\/09\/Planos2.jpg?resize=529%2C335\" width=\"529\" height=\"335\" srcset=\"https:\/\/i0.wp.com\/eltrabajo.cl\/portal\/wp-content\/uploads\/2014\/09\/Planos2.jpg?w=529&amp;ssl=1 529w, https:\/\/i0.wp.com\/eltrabajo.cl\/portal\/wp-content\/uploads\/2014\/09\/Planos2.jpg?resize=200%2C126&amp;ssl=1 200w, https:\/\/i0.wp.com\/eltrabajo.cl\/portal\/wp-content\/uploads\/2014\/09\/Planos2.jpg?resize=300%2C189&amp;ssl=1 300w, https:\/\/i0.wp.com\/eltrabajo.cl\/portal\/wp-content\/uploads\/2014\/09\/Planos2.jpg?resize=150%2C94&amp;ssl=1 150w, https:\/\/i0.wp.com\/eltrabajo.cl\/portal\/wp-content\/uploads\/2014\/09\/Planos2.jpg?resize=400%2C253&amp;ssl=1 400w\" sizes=\"auto, (max-width: 529px) 100vw, 529px\" \/><\/a><figcaption id=\"caption-attachment-51452\" class=\"wp-caption-text\">Personeros a cargo de los proyectos explicaron a los presentes cada uno de los detalles de estos trabajos.<\/figcaption><\/figure>\n<p><strong>LLAY LLAY.<\/strong>&#8211; Vecinos de Villa Pablo Neruda recibieron los planos de dos proyectos que se har\u00e1n realidad en los pr\u00f3ximos meses: la construcci\u00f3n de una multicancha y la ampliaci\u00f3n de su sede vecinal. Una inversi\u00f3n por m\u00e1s de $80 millones, tal como lo anunci\u00f3 el Alcalde Mario Marillanca. \u201cEste es un proyecto que se va a hacer realidad con recursos del Gobierno Regional y el cual gestionamos y ganamos para nuestra comuna, y que beneficia a los vecinos de este sector. Tenemos los recursos aprobados y hoy d\u00eda entregamos los planos\u201d, explic\u00f3 el alcalde.<\/p>\n<figure id=\"attachment_51453\" aria-describedby=\"caption-attachment-51453\" style=\"width: 317px\" class=\"wp-caption alignright\"><a href=\"https:\/\/i0.wp.com\/www.eltrabajo.cl\/portal\/wp-content\/uploads\/2014\/09\/Planos1.jpg\"><img data-recalc-dims=\"1\" loading=\"lazy\" decoding=\"async\" class=\" wp-image-51453 \" alt=\"Los vecinos de Villa Pablo Neruda est\u00e1n muy contentos con el anuncio de estos dos proyectos.\" src=\"https:\/\/i0.wp.com\/www.eltrabajo.cl\/portal\/wp-content\/uploads\/2014\/09\/Planos1.jpg?resize=317%2C241\" width=\"317\" height=\"241\" srcset=\"https:\/\/i0.wp.com\/eltrabajo.cl\/portal\/wp-content\/uploads\/2014\/09\/Planos1.jpg?w=528&amp;ssl=1 528w, https:\/\/i0.wp.com\/eltrabajo.cl\/portal\/wp-content\/uploads\/2014\/09\/Planos1.jpg?resize=197%2C150&amp;ssl=1 197w, https:\/\/i0.wp.com\/eltrabajo.cl\/portal\/wp-content\/uploads\/2014\/09\/Planos1.jpg?resize=300%2C227&amp;ssl=1 300w, https:\/\/i0.wp.com\/eltrabajo.cl\/portal\/wp-content\/uploads\/2014\/09\/Planos1.jpg?resize=150%2C113&amp;ssl=1 150w, https:\/\/i0.wp.com\/eltrabajo.cl\/portal\/wp-content\/uploads\/2014\/09\/Planos1.jpg?resize=400%2C303&amp;ssl=1 400w\" sizes=\"auto, (max-width: 317px) 100vw, 317px\" \/><\/a><figcaption id=\"caption-attachment-51453\" class=\"wp-caption-text\">Los vecinos de Villa Pablo Neruda est\u00e1n muy contentos con el anuncio de estos dos proyectos.<\/figcaption><\/figure>\n<p>El presidente de la junta de vecinos, Jos\u00e9 Garate, dijo estar contento y satisfecho por las dos obras que se concretan para el sector, que incentivan el deporte y la vida sana; que mejora la calidad de vida de los vecinos de Villa Pablo Neruda.<\/p>\n","protected":false},"excerpt":{"rendered":"<p>LLAY LLAY.&#8211; Vecinos de Villa Pablo Neruda recibieron los planos de dos proyectos que se har\u00e1n realidad en los pr\u00f3ximos meses: la construcci\u00f3n de una multicancha y la ampliaci\u00f3n de su sede&#8230;<\/p>\n","protected":false},"author":482,"featured_media":51452,"comment_status":"open","ping_status":"closed","sticky":false,"template":"","format":"standard","meta":{"advanced_seo_description":"","jetpack_seo_html_title":"","jetpack_seo_noindex":false,"_jetpack_memberships_contains_paid_content":false,"footnotes":""},"categories":[15],"tags":[],"class_list":["post-51451","post","type-post","status-publish","format-standard","has-post-thumbnail","hentry","category-comunidad"],"jetpack_featured_media_url":"https:\/\/i0.wp.com\/eltrabajo.cl\/portal\/wp-content\/uploads\/2014\/09\/Planos2.jpg?fit=529%2C335&ssl=1","jetpack_sharing_enabled":true,"jetpack_likes_enabled":true,"jetpack-related-posts":[],"_links":{"self":[{"href":"https:\/\/eltrabajo.cl\/portal\/wp-json\/wp\/v2\/posts\/51451","targetHints":{"allow":["GET"]}}],"collection":[{"href":"https:\/\/eltrabajo.cl\/portal\/wp-json\/wp\/v2\/posts"}],"about":[{"href":"https:\/\/eltrabajo.cl\/portal\/wp-json\/wp\/v2\/types\/post"}],"author":[{"embeddable":true,"href":"https:\/\/eltrabajo.cl\/portal\/wp-json\/wp\/v2\/users\/482"}],"replies":[{"embeddable":true,"href":"https:\/\/eltrabajo.cl\/portal\/wp-json\/wp\/v2\/comments?post=51451"}],"version-history":[{"count":0,"href":"https:\/\/eltrabajo.cl\/portal\/wp-json\/wp\/v2\/posts\/51451\/revisions"}],"wp:featuredmedia":[{"embeddable":true,"href":"https:\/\/eltrabajo.cl\/portal\/wp-json\/wp\/v2\/media\/51452"}],"wp:attachment":[{"href":"https:\/\/eltrabajo.cl\/portal\/wp-json\/wp\/v2\/media?parent=51451"}],"wp:term":[{"taxonomy":"category","embeddable":true,"href":"https:\/\/eltrabajo.cl\/portal\/wp-json\/wp\/v2\/categories?post=51451"},{"taxonomy":"post_tag","embeddable":true,"href":"https:\/\/eltrabajo.cl\/portal\/wp-json\/wp\/v2\/tags?post=51451"}],"curies":[{"name":"wp","href":"https:\/\/api.w.org\/{rel}","templated":true}]}}