{"id":51460,"date":"2014-09-24T09:38:38","date_gmt":"2014-09-24T12:38:38","guid":{"rendered":"http:\/\/www.eltrabajo.cl\/portal\/?p=51460"},"modified":"2014-09-24T09:38:38","modified_gmt":"2014-09-24T12:38:38","slug":"vehiculo-policial-contara-con-telefono-celular-para-atender-a-la-comunidad","status":"publish","type":"post","link":"https:\/\/eltrabajo.cl\/portal\/vehiculo-policial-contara-con-telefono-celular-para-atender-a-la-comunidad\/","title":{"rendered":"Veh\u00edculo policial contar\u00e1 con tel\u00e9fono celular para atender a la comunidad"},"content":{"rendered":"<figure id=\"attachment_51461\" aria-describedby=\"caption-attachment-51461\" style=\"width: 528px\" class=\"wp-caption alignnone\"><a href=\"https:\/\/i0.wp.com\/www.eltrabajo.cl\/portal\/wp-content\/uploads\/2014\/09\/Telefono1.jpg\"><img data-recalc-dims=\"1\" loading=\"lazy\" decoding=\"async\" class=\"size-full wp-image-51461\" alt=\"El Teniente \u00c1ngelo Acevedo entreg\u00f3 el tel\u00e9fono celular a los dirigentes vecinales Mar\u00eda Salinas y Claudio Tapia, quienes lo entregaron al personal policial que ya cuenta con este tel\u00e9fono celular totalmente operativo y a disposici\u00f3n de toda la comunidad.\" src=\"https:\/\/i0.wp.com\/www.eltrabajo.cl\/portal\/wp-content\/uploads\/2014\/09\/Telefono1.jpg?resize=528%2C372\" width=\"528\" height=\"372\" srcset=\"https:\/\/i0.wp.com\/eltrabajo.cl\/portal\/wp-content\/uploads\/2014\/09\/Telefono1.jpg?w=528&amp;ssl=1 528w, https:\/\/i0.wp.com\/eltrabajo.cl\/portal\/wp-content\/uploads\/2014\/09\/Telefono1.jpg?resize=200%2C140&amp;ssl=1 200w, https:\/\/i0.wp.com\/eltrabajo.cl\/portal\/wp-content\/uploads\/2014\/09\/Telefono1.jpg?resize=300%2C211&amp;ssl=1 300w, https:\/\/i0.wp.com\/eltrabajo.cl\/portal\/wp-content\/uploads\/2014\/09\/Telefono1.jpg?resize=150%2C105&amp;ssl=1 150w, https:\/\/i0.wp.com\/eltrabajo.cl\/portal\/wp-content\/uploads\/2014\/09\/Telefono1.jpg?resize=400%2C281&amp;ssl=1 400w\" sizes=\"auto, (max-width: 528px) 100vw, 528px\" \/><\/a><figcaption id=\"caption-attachment-51461\" class=\"wp-caption-text\">El Teniente \u00c1ngelo Acevedo entreg\u00f3 el tel\u00e9fono celular a los dirigentes vecinales Mar\u00eda Salinas y Claudio Tapia, quienes lo entregaron al personal policial que ya cuenta con este tel\u00e9fono celular totalmente operativo y a disposici\u00f3n de toda la comunidad.<\/figcaption><\/figure>\n<p><strong>PUTAENDO.<\/strong>&#8211; Una muy buena iniciativa ha implementado Carabineros de Putaendo, que dispondr\u00e1 de un tel\u00e9fono celular en el vehiculo policial que patrulla la comuna durante las 24 horas del d\u00eda, para recibir los llamados de la comunidad y ayudar a mejorar la comunicaci\u00f3n con el personal policial.<\/p>\n<p>\u00c1ngelo Acevedo, Teniente de Carabineros de Putaendo, indic\u00f3 que la idea naci\u00f3 luego de analizar la situaci\u00f3n que muchas veces ocurre con Nivel 133, que en ocasiones se ve colapsado por la gran cantidad de llamados o por las contantes pitanzas que reciben, sobre todo en la tenencia de Putaendo, por lo que decidieron poner un tel\u00e9fono celular en el vehiculo policial que constantemente est\u00e1 en las calles, lo que permitir\u00e1 tener una v\u00eda m\u00e1s de comunicaci\u00f3n.<\/p>\n<p>En este sentido, Acevedo asegur\u00f3 que la comunidad podr\u00e1 llamar directamente al tel\u00e9fono celular y entregar su denuncia, o por ejemplo si ven que la unidad policial est\u00e1 patrullando su sector y desean entregar informaci\u00f3n al momento de lo que puede estar ocurriendo en ese lugar, lo pueden realizar con total confianza, pues todas las llamadas que reciba el tel\u00e9fono que estar\u00e1 en el carro policial, ser\u00e1n confid\u00e9nciales y se garantizar\u00e1 absoluta reserva de quien se comunique al tel\u00e9fono para entregar informaci\u00f3n o para solicitar la presencia policial.<\/p>\n<p>El tel\u00e9fono que ya est\u00e1 disponible en el veh\u00edculo de Carabineros de Putaendo es el 53206834, \u00faselo con responsabilidad, de usted depende que la labor preventiva de Carabineros sea cada d\u00eda mas efectiva.<\/p>\n<p>Patricio Gallardo M.<\/p>\n","protected":false},"excerpt":{"rendered":"<p>PUTAENDO.&#8211; Una muy buena iniciativa ha implementado Carabineros de Putaendo, que dispondr\u00e1 de un tel\u00e9fono celular en el vehiculo policial que patrulla la comuna durante las 24 horas del d\u00eda, para recibir&#8230;<\/p>\n","protected":false},"author":482,"featured_media":51461,"comment_status":"open","ping_status":"closed","sticky":false,"template":"","format":"standard","meta":{"advanced_seo_description":"","jetpack_seo_html_title":"","jetpack_seo_noindex":false,"_jetpack_memberships_contains_paid_content":false,"footnotes":""},"categories":[15],"tags":[],"class_list":["post-51460","post","type-post","status-publish","format-standard","has-post-thumbnail","hentry","category-comunidad"],"jetpack_featured_media_url":"https:\/\/i0.wp.com\/eltrabajo.cl\/portal\/wp-content\/uploads\/2014\/09\/Telefono1.jpg?fit=528%2C372&ssl=1","jetpack_sharing_enabled":true,"jetpack_likes_enabled":true,"jetpack-related-posts":[],"_links":{"self":[{"href":"https:\/\/eltrabajo.cl\/portal\/wp-json\/wp\/v2\/posts\/51460","targetHints":{"allow":["GET"]}}],"collection":[{"href":"https:\/\/eltrabajo.cl\/portal\/wp-json\/wp\/v2\/posts"}],"about":[{"href":"https:\/\/eltrabajo.cl\/portal\/wp-json\/wp\/v2\/types\/post"}],"author":[{"embeddable":true,"href":"https:\/\/eltrabajo.cl\/portal\/wp-json\/wp\/v2\/users\/482"}],"replies":[{"embeddable":true,"href":"https:\/\/eltrabajo.cl\/portal\/wp-json\/wp\/v2\/comments?post=51460"}],"version-history":[{"count":0,"href":"https:\/\/eltrabajo.cl\/portal\/wp-json\/wp\/v2\/posts\/51460\/revisions"}],"wp:featuredmedia":[{"embeddable":true,"href":"https:\/\/eltrabajo.cl\/portal\/wp-json\/wp\/v2\/media\/51461"}],"wp:attachment":[{"href":"https:\/\/eltrabajo.cl\/portal\/wp-json\/wp\/v2\/media?parent=51460"}],"wp:term":[{"taxonomy":"category","embeddable":true,"href":"https:\/\/eltrabajo.cl\/portal\/wp-json\/wp\/v2\/categories?post=51460"},{"taxonomy":"post_tag","embeddable":true,"href":"https:\/\/eltrabajo.cl\/portal\/wp-json\/wp\/v2\/tags?post=51460"}],"curies":[{"name":"wp","href":"https:\/\/api.w.org\/{rel}","templated":true}]}}