{"id":51469,"date":"2014-09-24T09:44:14","date_gmt":"2014-09-24T12:44:14","guid":{"rendered":"http:\/\/www.eltrabajo.cl\/portal\/?p=51469"},"modified":"2014-09-24T09:44:14","modified_gmt":"2014-09-24T12:44:14","slug":"el-renegado-acusado-de-incendiar-casita-en-cerro-yevide","status":"publish","type":"post","link":"https:\/\/eltrabajo.cl\/portal\/el-renegado-acusado-de-incendiar-casita-en-cerro-yevide\/","title":{"rendered":"\u2018El Renegado\u2019 acusado de incendiar casita en Cerro Yevide"},"content":{"rendered":"<figure id=\"attachment_51470\" aria-describedby=\"caption-attachment-51470\" style=\"width: 529px\" class=\"wp-caption alignnone\"><a href=\"https:\/\/i0.wp.com\/www.eltrabajo.cl\/portal\/wp-content\/uploads\/2014\/09\/Incendio-1-.jpg\"><img data-recalc-dims=\"1\" loading=\"lazy\" decoding=\"async\" class=\"size-full wp-image-51470\" alt=\"Personal de Bomberos sofoc\u00f3 las llamas del incendio que consumi\u00f3 en minutos la vivienda ubicada en la ladera del cerro Yevide sector El Almendral de San Felipe.\" src=\"https:\/\/i0.wp.com\/www.eltrabajo.cl\/portal\/wp-content\/uploads\/2014\/09\/Incendio-1-.jpg?resize=529%2C401\" width=\"529\" height=\"401\" srcset=\"https:\/\/i0.wp.com\/eltrabajo.cl\/portal\/wp-content\/uploads\/2014\/09\/Incendio-1-.jpg?w=529&amp;ssl=1 529w, https:\/\/i0.wp.com\/eltrabajo.cl\/portal\/wp-content\/uploads\/2014\/09\/Incendio-1-.jpg?resize=197%2C150&amp;ssl=1 197w, https:\/\/i0.wp.com\/eltrabajo.cl\/portal\/wp-content\/uploads\/2014\/09\/Incendio-1-.jpg?resize=300%2C227&amp;ssl=1 300w, https:\/\/i0.wp.com\/eltrabajo.cl\/portal\/wp-content\/uploads\/2014\/09\/Incendio-1-.jpg?resize=150%2C113&amp;ssl=1 150w, https:\/\/i0.wp.com\/eltrabajo.cl\/portal\/wp-content\/uploads\/2014\/09\/Incendio-1-.jpg?resize=400%2C303&amp;ssl=1 400w\" sizes=\"auto, (max-width: 529px) 100vw, 529px\" \/><\/a><figcaption id=\"caption-attachment-51470\" class=\"wp-caption-text\">Personal de Bomberos sofoc\u00f3 las llamas del incendio que consumi\u00f3 en minutos la vivienda ubicada en la ladera del cerro Yevide sector El Almendral de San Felipe.<\/figcaption><\/figure>\n<p>Completamente incinerada qued\u00f3 una modesta vivienda que fue consumida por las llamas en un voraz incendio que se produjo cerca de las 15:00 horas del pasado lunes en la ladera del Cerro Yevide en el sector de El Almendral de San Felipe, cuyos residentes se encontraban en su lugar de trabajo, asegurando que el siniestro habr\u00eda sido intencional aparentemente por el propietario del terreno.<\/p>\n<p>Al llamado de emergencia por incendio estructural debieron concurrir dos unidades especializadas de Bomberos que sofocaron las llamas para evitar su propagaci\u00f3n, pero lamentablemente la destrucci\u00f3n de la vivienda fue de un 100% ya que se trataba de una estructura de madera que fue consumida en cuesti\u00f3n de minutos.<\/p>\n<p>Tras el siniestro no se registraron personas heridas por el fuego, dado que sus residentes se encontraban trabajando como lavadores de veh\u00edculos en la Plaza de Armas de San Felipe, por lo que no alcanzaron a salvar sus enseres, quedando literalmente en la calle y con lo puesto.<\/p>\n<p>Cabe destacar que el matrimonio que resid\u00eda en la vivienda acusa que el atentado podr\u00eda haber sido ocasionado por el propietario del terreno, identificado como V\u00edctor A.M. apodado \u2018El Renegado\u2019, toda vez que horas antes del siniestro el imputado habr\u00eda concurrido hasta la Plaza de Armas de San Felipe, donde los habr\u00eda amenazado con incendiar la vivienda si no abandonaban el lugar debido a problemas anteriores de convivencia.<\/p>\n<p>Coincidentemente minutos m\u00e1s tarde el fuego se desat\u00f3 en el inmueble sin que el matrimonio afectado se percatara de lo ocurrido hasta que se dio la alarma a Bomberos que trabaj\u00f3 arduamente para sofocar las llamas. Hasta el lugar de los hechos concurri\u00f3 Carabineros quienes acogieron la denuncia y detuvieron al acusado por el delito de Amenazas.<\/p>\n<p>No obstante, la fiscal\u00eda instruy\u00f3 diligencias para establecer por medio de pericias si el origen del fuego fue intencional o accidental con el objetivo de atribuirle o no la participaci\u00f3n del imputado en estos hechos luego de formalizarlo por Amenazas la ma\u00f1ana de ayer martes en el Juzgado de Garant\u00eda de San Felipe, requiriendo ante el tribunal la cautelar de prohibici\u00f3n de acercarse a las v\u00edctimas y la prohibici\u00f3n de salir del pa\u00eds mientras dure el plazo de investigaci\u00f3n.<\/p>\n<p>En paralelo el Departamento T\u00e9cnico de Bomberos emitir\u00e1 un informe a trav\u00e9s de su personal calificado para dar cuenta de los resultados de sus pericias, como la presunta utilizaci\u00f3n de alg\u00fan tipo de acelerante o desperfecto el\u00e9ctrico entre otras hip\u00f3tesis que confirmen o descarten cient\u00edficamente el da\u00f1o ocasionado a esta familia.<\/p>\n<p>Pablo Salinas Sald\u00edas<\/p>\n<div class=\"tiled-gallery type-rectangular tiled-gallery-unresized\" data-original-width=\"640\" data-carousel-extra='null' itemscope itemtype=\"http:\/\/schema.org\/ImageGallery\" > <div class=\"gallery-row\" style=\"width: 640px; height: 244px;\" data-original-width=\"640\" data-original-height=\"244\" > <div class=\"gallery-group images-1\" style=\"width: 320px; height: 244px;\" data-original-width=\"320\" data-original-height=\"244\" > <div class=\"tiled-gallery-item tiled-gallery-item-large\" itemprop=\"associatedMedia\" itemscope itemtype=\"http:\/\/schema.org\/ImageObject\"> <a href=\"https:\/\/eltrabajo.cl\/portal\/el-renegado-acusado-de-incendiar-casita-en-cerro-yevide\/incendio-2-7\/\" border=\"0\" itemprop=\"url\"> <meta itemprop=\"width\" content=\"316\"> <meta itemprop=\"height\" content=\"240\"> <img decoding=\"async\" class=\"\" data-attachment-id=\"51471\" data-orig-file=\"https:\/\/eltrabajo.cl\/portal\/wp-content\/uploads\/2014\/09\/Incendio-2.jpg\" data-orig-size=\"529,401\" data-comments-opened=\"1\" data-image-meta=\"{&quot;aperture&quot;:&quot;0&quot;,&quot;credit&quot;:&quot;&quot;,&quot;camera&quot;:&quot;&quot;,&quot;caption&quot;:&quot;&quot;,&quot;created_timestamp&quot;:&quot;0&quot;,&quot;copyright&quot;:&quot;&quot;,&quot;focal_length&quot;:&quot;0&quot;,&quot;iso&quot;:&quot;0&quot;,&quot;shutter_speed&quot;:&quot;0&quot;,&quot;title&quot;:&quot;&quot;}\" data-image-title=\"Incendio 2\" data-image-description=\"&lt;p&gt;Los afectados acusan al due\u00f1o del terreno que los amenaz\u00f3 con incendiar su vivienda si no desalojaban el lugar tras problemas anteriores que deber\u00e1n ser investigados por peritos si hubo o no intencionalidad en el siniestro. (Fotos Comandancia Bomberos)&lt;\/p&gt; \" data-medium-file=\"https:\/\/i0.wp.com\/eltrabajo.cl\/portal\/wp-content\/uploads\/2014\/09\/Incendio-2.jpg?fit=300%2C227&#038;ssl=1\" data-large-file=\"https:\/\/i0.wp.com\/eltrabajo.cl\/portal\/wp-content\/uploads\/2014\/09\/Incendio-2.jpg?fit=529%2C401&#038;ssl=1\" src=\"https:\/\/i0.wp.com\/eltrabajo.cl\/portal\/wp-content\/uploads\/2014\/09\/Incendio-2.jpg?w=316&#038;h=240&#038;ssl=1\" srcset=\"https:\/\/i0.wp.com\/eltrabajo.cl\/portal\/wp-content\/uploads\/2014\/09\/Incendio-2.jpg?w=529&amp;ssl=1 529w, https:\/\/i0.wp.com\/eltrabajo.cl\/portal\/wp-content\/uploads\/2014\/09\/Incendio-2.jpg?resize=197%2C150&amp;ssl=1 197w, https:\/\/i0.wp.com\/eltrabajo.cl\/portal\/wp-content\/uploads\/2014\/09\/Incendio-2.jpg?resize=300%2C227&amp;ssl=1 300w, https:\/\/i0.wp.com\/eltrabajo.cl\/portal\/wp-content\/uploads\/2014\/09\/Incendio-2.jpg?resize=150%2C113&amp;ssl=1 150w, https:\/\/i0.wp.com\/eltrabajo.cl\/portal\/wp-content\/uploads\/2014\/09\/Incendio-2.jpg?resize=400%2C303&amp;ssl=1 400w\" width=\"316\" height=\"240\" loading=\"lazy\" data-original-width=\"316\" data-original-height=\"240\" itemprop=\"http:\/\/schema.org\/image\" title=\"Incendio 2\" alt=\"Los afectados acusan al due\u00f1o del terreno que los amenaz\u00f3 con incendiar su vivienda si no desalojaban el lugar tras problemas anteriores que deber\u00e1n ser investigados por peritos si hubo o no intencionalidad en el siniestro. (Fotos Comandancia Bomberos)\" style=\"width: 316px; height: 240px;\" \/> <\/a> <div class=\"tiled-gallery-caption\" itemprop=\"caption description\"> Los afectados acusan al due\u00f1o del terreno que los amenaz\u00f3 con incendiar su vivienda si no desalojaban el lugar tras problemas anteriores que deber\u00e1n ser investigados por peritos si hubo o no intencionalidad en el siniestro. (Fotos Comandancia Bomberos) <\/div> <\/div> <\/div> <!-- close group --> <div class=\"gallery-group images-1\" style=\"width: 320px; height: 244px;\" data-original-width=\"320\" data-original-height=\"244\" > <div class=\"tiled-gallery-item tiled-gallery-item-large\" itemprop=\"associatedMedia\" itemscope itemtype=\"http:\/\/schema.org\/ImageObject\"> <a href=\"https:\/\/eltrabajo.cl\/portal\/el-renegado-acusado-de-incendiar-casita-en-cerro-yevide\/incendio-3-4\/\" border=\"0\" itemprop=\"url\"> <meta itemprop=\"width\" content=\"316\"> <meta itemprop=\"height\" content=\"240\"> <img decoding=\"async\" class=\"\" data-attachment-id=\"51472\" data-orig-file=\"https:\/\/eltrabajo.cl\/portal\/wp-content\/uploads\/2014\/09\/Incendio-3.jpg\" data-orig-size=\"529,401\" data-comments-opened=\"1\" data-image-meta=\"{&quot;aperture&quot;:&quot;0&quot;,&quot;credit&quot;:&quot;&quot;,&quot;camera&quot;:&quot;&quot;,&quot;caption&quot;:&quot;&quot;,&quot;created_timestamp&quot;:&quot;0&quot;,&quot;copyright&quot;:&quot;&quot;,&quot;focal_length&quot;:&quot;0&quot;,&quot;iso&quot;:&quot;0&quot;,&quot;shutter_speed&quot;:&quot;0&quot;,&quot;title&quot;:&quot;&quot;}\" data-image-title=\"Incendio 3\" data-image-description=\"&lt;p&gt;El incendio estructural fue declarado tras recibir la alarma de auxilio donde debieron concurrir dos unidades especializadas de Bomberos.&lt;\/p&gt; \" data-medium-file=\"https:\/\/i0.wp.com\/eltrabajo.cl\/portal\/wp-content\/uploads\/2014\/09\/Incendio-3.jpg?fit=300%2C227&#038;ssl=1\" data-large-file=\"https:\/\/i0.wp.com\/eltrabajo.cl\/portal\/wp-content\/uploads\/2014\/09\/Incendio-3.jpg?fit=529%2C401&#038;ssl=1\" src=\"https:\/\/i0.wp.com\/eltrabajo.cl\/portal\/wp-content\/uploads\/2014\/09\/Incendio-3.jpg?w=316&#038;h=240&#038;ssl=1\" srcset=\"https:\/\/i0.wp.com\/eltrabajo.cl\/portal\/wp-content\/uploads\/2014\/09\/Incendio-3.jpg?w=529&amp;ssl=1 529w, https:\/\/i0.wp.com\/eltrabajo.cl\/portal\/wp-content\/uploads\/2014\/09\/Incendio-3.jpg?resize=197%2C150&amp;ssl=1 197w, https:\/\/i0.wp.com\/eltrabajo.cl\/portal\/wp-content\/uploads\/2014\/09\/Incendio-3.jpg?resize=300%2C227&amp;ssl=1 300w, https:\/\/i0.wp.com\/eltrabajo.cl\/portal\/wp-content\/uploads\/2014\/09\/Incendio-3.jpg?resize=150%2C113&amp;ssl=1 150w, https:\/\/i0.wp.com\/eltrabajo.cl\/portal\/wp-content\/uploads\/2014\/09\/Incendio-3.jpg?resize=400%2C303&amp;ssl=1 400w\" width=\"316\" height=\"240\" loading=\"lazy\" data-original-width=\"316\" data-original-height=\"240\" itemprop=\"http:\/\/schema.org\/image\" title=\"Incendio 3\" alt=\"El incendio estructural fue declarado tras recibir la alarma de auxilio donde debieron concurrir dos unidades especializadas de Bomberos.\" style=\"width: 316px; height: 240px;\" \/> <\/a> <div class=\"tiled-gallery-caption\" itemprop=\"caption description\"> El incendio estructural fue declarado tras recibir la alarma de auxilio donde debieron concurrir dos unidades especializadas de Bomberos. <\/div> <\/div> <\/div> <!-- close group --> <\/div> <!-- close row --> <\/div>\n","protected":false},"excerpt":{"rendered":"<p>Completamente incinerada qued\u00f3 una modesta vivienda que fue consumida por las llamas en un voraz incendio que se produjo cerca de las 15:00 horas del pasado lunes en la ladera del Cerro&#8230;<\/p>\n","protected":false},"author":482,"featured_media":51470,"comment_status":"open","ping_status":"closed","sticky":false,"template":"","format":"standard","meta":{"advanced_seo_description":"","jetpack_seo_html_title":"","jetpack_seo_noindex":false,"_jetpack_memberships_contains_paid_content":false,"footnotes":""},"categories":[21],"tags":[],"class_list":["post-51469","post","type-post","status-publish","format-standard","has-post-thumbnail","hentry","category-policial"],"jetpack_featured_media_url":"https:\/\/i0.wp.com\/eltrabajo.cl\/portal\/wp-content\/uploads\/2014\/09\/Incendio-1-.jpg?fit=529%2C401&ssl=1","jetpack_sharing_enabled":true,"jetpack_likes_enabled":true,"jetpack-related-posts":[],"_links":{"self":[{"href":"https:\/\/eltrabajo.cl\/portal\/wp-json\/wp\/v2\/posts\/51469","targetHints":{"allow":["GET"]}}],"collection":[{"href":"https:\/\/eltrabajo.cl\/portal\/wp-json\/wp\/v2\/posts"}],"about":[{"href":"https:\/\/eltrabajo.cl\/portal\/wp-json\/wp\/v2\/types\/post"}],"author":[{"embeddable":true,"href":"https:\/\/eltrabajo.cl\/portal\/wp-json\/wp\/v2\/users\/482"}],"replies":[{"embeddable":true,"href":"https:\/\/eltrabajo.cl\/portal\/wp-json\/wp\/v2\/comments?post=51469"}],"version-history":[{"count":0,"href":"https:\/\/eltrabajo.cl\/portal\/wp-json\/wp\/v2\/posts\/51469\/revisions"}],"wp:featuredmedia":[{"embeddable":true,"href":"https:\/\/eltrabajo.cl\/portal\/wp-json\/wp\/v2\/media\/51470"}],"wp:attachment":[{"href":"https:\/\/eltrabajo.cl\/portal\/wp-json\/wp\/v2\/media?parent=51469"}],"wp:term":[{"taxonomy":"category","embeddable":true,"href":"https:\/\/eltrabajo.cl\/portal\/wp-json\/wp\/v2\/categories?post=51469"},{"taxonomy":"post_tag","embeddable":true,"href":"https:\/\/eltrabajo.cl\/portal\/wp-json\/wp\/v2\/tags?post=51469"}],"curies":[{"name":"wp","href":"https:\/\/api.w.org\/{rel}","templated":true}]}}