{"id":51480,"date":"2014-09-25T09:12:44","date_gmt":"2014-09-25T12:12:44","guid":{"rendered":"http:\/\/www.eltrabajo.cl\/portal\/?p=51480"},"modified":"2014-09-25T09:12:44","modified_gmt":"2014-09-25T12:12:44","slug":"advierten-sobre-bajo-consumo-de-leche","status":"publish","type":"post","link":"https:\/\/eltrabajo.cl\/portal\/advierten-sobre-bajo-consumo-de-leche\/","title":{"rendered":"Advierten sobre bajo consumo de leche"},"content":{"rendered":"<figure id=\"attachment_51481\" aria-describedby=\"caption-attachment-51481\" style=\"width: 529px\" class=\"wp-caption alignnone\"><a href=\"https:\/\/i0.wp.com\/www.eltrabajo.cl\/portal\/wp-content\/uploads\/2014\/09\/Leche1.jpg\"><img data-recalc-dims=\"1\" loading=\"lazy\" decoding=\"async\" class=\"size-full wp-image-51481\" alt=\"A pesar de los innumerables beneficios, Chile sigue mostrando un bajo consumo de leche en comparaci\u00f3n con grandes potencias mundiales.\" src=\"https:\/\/i0.wp.com\/www.eltrabajo.cl\/portal\/wp-content\/uploads\/2014\/09\/Leche1.jpg?resize=529%2C416\" width=\"529\" height=\"416\" srcset=\"https:\/\/i0.wp.com\/eltrabajo.cl\/portal\/wp-content\/uploads\/2014\/09\/Leche1.jpg?w=529&amp;ssl=1 529w, https:\/\/i0.wp.com\/eltrabajo.cl\/portal\/wp-content\/uploads\/2014\/09\/Leche1.jpg?resize=190%2C150&amp;ssl=1 190w, https:\/\/i0.wp.com\/eltrabajo.cl\/portal\/wp-content\/uploads\/2014\/09\/Leche1.jpg?resize=300%2C235&amp;ssl=1 300w, https:\/\/i0.wp.com\/eltrabajo.cl\/portal\/wp-content\/uploads\/2014\/09\/Leche1.jpg?resize=150%2C117&amp;ssl=1 150w, https:\/\/i0.wp.com\/eltrabajo.cl\/portal\/wp-content\/uploads\/2014\/09\/Leche1.jpg?resize=400%2C314&amp;ssl=1 400w\" sizes=\"auto, (max-width: 529px) 100vw, 529px\" \/><\/a><figcaption id=\"caption-attachment-51481\" class=\"wp-caption-text\">A pesar de los innumerables beneficios, Chile sigue mostrando un bajo consumo de leche en comparaci\u00f3n con grandes potencias mundiales.<\/figcaption><\/figure>\n<p><strong>ACONCAGUA<\/strong>.- Huesos m\u00e1s d\u00e9biles, bajos niveles de calcio y vitamina D, deficiencia de macro y micronutrientes y la probabilidad de sufrir osteopenia u osteoporosis en la adultez, son s\u00f3lo algunos de los problemas que podr\u00edan sufrir los ni\u00f1os ante el bajo consumo de leche que se registra en nuestro pa\u00eds. Y es que tanto la leche como sus derivados son un alimento imprescindible en la dieta de los m\u00e1s peque\u00f1os, ya que aportan una serie de beneficios para su desarrollo por su gran aporte de prote\u00ednas de alto valor biol\u00f3gico, calcio y vitamina D.<\/p>\n<p>Seg\u00fan el Presidente de la Sociedad Chilena de Pediatr\u00eda, Dr. Francisco Moraga, \u201cen per\u00edodos de crecimiento acelerado como en los ni\u00f1os, las necesidades de prote\u00ednas, y por ende de amino\u00e1cidos aumentan, ya que las prote\u00ednas son macro nutrientes esenciales para la formaci\u00f3n de m\u00fasculos, huesos, tejidos, s\u00edntesis de hormonas y enzimas, entre otras importantes funciones. De ah\u00ed que los l\u00e1cteos fomentan un crecimiento y desarrollo adecuado de los ni\u00f1os porque constituyen una fuente muy valiosa de prote\u00edna de alto valor biol\u00f3gico\u201d.<\/p>\n<p>&nbsp;<\/p>\n","protected":false},"excerpt":{"rendered":"<p>ACONCAGUA.- Huesos m\u00e1s d\u00e9biles, bajos niveles de calcio y vitamina D, deficiencia de macro y micronutrientes y la probabilidad de sufrir osteopenia u osteoporosis en la adultez, son s\u00f3lo algunos de los&#8230;<\/p>\n","protected":false},"author":482,"featured_media":51481,"comment_status":"open","ping_status":"closed","sticky":false,"template":"","format":"standard","meta":{"advanced_seo_description":"","jetpack_seo_html_title":"","jetpack_seo_noindex":false,"_jetpack_memberships_contains_paid_content":false,"footnotes":""},"categories":[15],"tags":[],"class_list":["post-51480","post","type-post","status-publish","format-standard","has-post-thumbnail","hentry","category-comunidad"],"jetpack_featured_media_url":"https:\/\/i0.wp.com\/eltrabajo.cl\/portal\/wp-content\/uploads\/2014\/09\/Leche1.jpg?fit=529%2C416&ssl=1","jetpack_sharing_enabled":true,"jetpack_likes_enabled":true,"jetpack-related-posts":[],"_links":{"self":[{"href":"https:\/\/eltrabajo.cl\/portal\/wp-json\/wp\/v2\/posts\/51480","targetHints":{"allow":["GET"]}}],"collection":[{"href":"https:\/\/eltrabajo.cl\/portal\/wp-json\/wp\/v2\/posts"}],"about":[{"href":"https:\/\/eltrabajo.cl\/portal\/wp-json\/wp\/v2\/types\/post"}],"author":[{"embeddable":true,"href":"https:\/\/eltrabajo.cl\/portal\/wp-json\/wp\/v2\/users\/482"}],"replies":[{"embeddable":true,"href":"https:\/\/eltrabajo.cl\/portal\/wp-json\/wp\/v2\/comments?post=51480"}],"version-history":[{"count":0,"href":"https:\/\/eltrabajo.cl\/portal\/wp-json\/wp\/v2\/posts\/51480\/revisions"}],"wp:featuredmedia":[{"embeddable":true,"href":"https:\/\/eltrabajo.cl\/portal\/wp-json\/wp\/v2\/media\/51481"}],"wp:attachment":[{"href":"https:\/\/eltrabajo.cl\/portal\/wp-json\/wp\/v2\/media?parent=51480"}],"wp:term":[{"taxonomy":"category","embeddable":true,"href":"https:\/\/eltrabajo.cl\/portal\/wp-json\/wp\/v2\/categories?post=51480"},{"taxonomy":"post_tag","embeddable":true,"href":"https:\/\/eltrabajo.cl\/portal\/wp-json\/wp\/v2\/tags?post=51480"}],"curies":[{"name":"wp","href":"https:\/\/api.w.org\/{rel}","templated":true}]}}