{"id":51494,"date":"2014-09-25T09:27:53","date_gmt":"2014-09-25T12:27:53","guid":{"rendered":"http:\/\/www.eltrabajo.cl\/portal\/?p=51494"},"modified":"2014-09-25T09:27:53","modified_gmt":"2014-09-25T12:27:53","slug":"director-regional-del-sernac-de-visita-en-la-zona","status":"publish","type":"post","link":"https:\/\/eltrabajo.cl\/portal\/director-regional-del-sernac-de-visita-en-la-zona\/","title":{"rendered":"Director Regional del Sernac de visita en la zona"},"content":{"rendered":"<figure id=\"attachment_51495\" aria-describedby=\"caption-attachment-51495\" style=\"width: 529px\" class=\"wp-caption alignnone\"><a href=\"https:\/\/i0.wp.com\/www.eltrabajo.cl\/portal\/wp-content\/uploads\/2014\/09\/Radio10.jpg\"><img data-recalc-dims=\"1\" loading=\"lazy\" decoding=\"async\" class=\"size-full wp-image-51495\" alt=\"Nicol\u00e1s Corval\u00e1n y el encargado de la Oficina Municipal de Atenci\u00f3n al Consumidor de San Felipe, Wladimir Tapia, visitaron los estudios de Radio FM 10.\" src=\"https:\/\/i0.wp.com\/www.eltrabajo.cl\/portal\/wp-content\/uploads\/2014\/09\/Radio10.jpg?resize=529%2C318\" width=\"529\" height=\"318\" srcset=\"https:\/\/i0.wp.com\/eltrabajo.cl\/portal\/wp-content\/uploads\/2014\/09\/Radio10.jpg?w=529&amp;ssl=1 529w, https:\/\/i0.wp.com\/eltrabajo.cl\/portal\/wp-content\/uploads\/2014\/09\/Radio10.jpg?resize=200%2C120&amp;ssl=1 200w, https:\/\/i0.wp.com\/eltrabajo.cl\/portal\/wp-content\/uploads\/2014\/09\/Radio10.jpg?resize=300%2C180&amp;ssl=1 300w, https:\/\/i0.wp.com\/eltrabajo.cl\/portal\/wp-content\/uploads\/2014\/09\/Radio10.jpg?resize=150%2C90&amp;ssl=1 150w, https:\/\/i0.wp.com\/eltrabajo.cl\/portal\/wp-content\/uploads\/2014\/09\/Radio10.jpg?resize=400%2C240&amp;ssl=1 400w\" sizes=\"auto, (max-width: 529px) 100vw, 529px\" \/><\/a><figcaption id=\"caption-attachment-51495\" class=\"wp-caption-text\">Nicol\u00e1s Corval\u00e1n y el encargado de la Oficina Municipal de Atenci\u00f3n al Consumidor de San Felipe, Wladimir Tapia, visitaron los estudios de Radio FM 10.<\/figcaption><\/figure>\n<p>Pasado el medio d\u00eda de ayer, el Director Regional del Sernac, Nicol\u00e1s Corval\u00e1n y acompa\u00f1ado del encargado de la Oficina Municipal de Atenci\u00f3n al Consumidor de San Felipe, Wladimir Tapia, visitaron los estudios de Radio FM 10, con el objetivo de difundir diversos aspectos sobre los derechos de los consumidores, entre otros los alcances de la nueva legislaci\u00f3n que busca dotar de mayores facultades y del rol fiscalizador a dicha repartici\u00f3n p\u00fablica.<\/p>\n<p>En horas de la tarde en tanto, Nicol\u00e1s Corval\u00e1n se reuni\u00f3 con diversas organizaciones sociales para abordar el tema del consumo seguro y la importancia de la participaci\u00f3n ciudadana en este \u00e1mbito como principales fiscalizadores de los productos que consumen.<\/p>\n","protected":false},"excerpt":{"rendered":"<p>Pasado el medio d\u00eda de ayer, el Director Regional del Sernac, Nicol\u00e1s Corval\u00e1n y acompa\u00f1ado del encargado de la Oficina Municipal de Atenci\u00f3n al Consumidor de San Felipe, Wladimir Tapia, visitaron los&#8230;<\/p>\n","protected":false},"author":482,"featured_media":51495,"comment_status":"open","ping_status":"closed","sticky":false,"template":"","format":"standard","meta":{"advanced_seo_description":"","jetpack_seo_html_title":"","jetpack_seo_noindex":false,"_jetpack_memberships_contains_paid_content":false,"footnotes":""},"categories":[15],"tags":[],"class_list":["post-51494","post","type-post","status-publish","format-standard","has-post-thumbnail","hentry","category-comunidad"],"jetpack_featured_media_url":"https:\/\/i0.wp.com\/eltrabajo.cl\/portal\/wp-content\/uploads\/2014\/09\/Radio10.jpg?fit=529%2C318&ssl=1","jetpack_sharing_enabled":true,"jetpack_likes_enabled":true,"jetpack-related-posts":[],"_links":{"self":[{"href":"https:\/\/eltrabajo.cl\/portal\/wp-json\/wp\/v2\/posts\/51494","targetHints":{"allow":["GET"]}}],"collection":[{"href":"https:\/\/eltrabajo.cl\/portal\/wp-json\/wp\/v2\/posts"}],"about":[{"href":"https:\/\/eltrabajo.cl\/portal\/wp-json\/wp\/v2\/types\/post"}],"author":[{"embeddable":true,"href":"https:\/\/eltrabajo.cl\/portal\/wp-json\/wp\/v2\/users\/482"}],"replies":[{"embeddable":true,"href":"https:\/\/eltrabajo.cl\/portal\/wp-json\/wp\/v2\/comments?post=51494"}],"version-history":[{"count":0,"href":"https:\/\/eltrabajo.cl\/portal\/wp-json\/wp\/v2\/posts\/51494\/revisions"}],"wp:featuredmedia":[{"embeddable":true,"href":"https:\/\/eltrabajo.cl\/portal\/wp-json\/wp\/v2\/media\/51495"}],"wp:attachment":[{"href":"https:\/\/eltrabajo.cl\/portal\/wp-json\/wp\/v2\/media?parent=51494"}],"wp:term":[{"taxonomy":"category","embeddable":true,"href":"https:\/\/eltrabajo.cl\/portal\/wp-json\/wp\/v2\/categories?post=51494"},{"taxonomy":"post_tag","embeddable":true,"href":"https:\/\/eltrabajo.cl\/portal\/wp-json\/wp\/v2\/tags?post=51494"}],"curies":[{"name":"wp","href":"https:\/\/api.w.org\/{rel}","templated":true}]}}