{"id":51501,"date":"2014-09-25T09:31:55","date_gmt":"2014-09-25T12:31:55","guid":{"rendered":"http:\/\/www.eltrabajo.cl\/portal\/?p=51501"},"modified":"2014-09-25T09:31:55","modified_gmt":"2014-09-25T12:31:55","slug":"pavimentaran-importante-avenida-en-poblacion-san-antonio","status":"publish","type":"post","link":"https:\/\/eltrabajo.cl\/portal\/pavimentaran-importante-avenida-en-poblacion-san-antonio\/","title":{"rendered":"Pavimentar\u00e1n importante avenida en Poblaci\u00f3n San Antonio"},"content":{"rendered":"<figure id=\"attachment_51502\" aria-describedby=\"caption-attachment-51502\" style=\"width: 529px\" class=\"wp-caption alignnone\"><a href=\"https:\/\/i0.wp.com\/www.eltrabajo.cl\/portal\/wp-content\/uploads\/2014\/09\/Vecinos11.jpg\"><img data-recalc-dims=\"1\" loading=\"lazy\" decoding=\"async\" class=\"size-full wp-image-51502\" alt=\"Los vecinos de Poblaci\u00f3n San Antonio hoy est\u00e1n felices, esto tras conocerse de manera oficial que un millonario proyecto permitir\u00e1 la pavimentaci\u00f3n y la mejora de las calles Justo Estay y Combate Las Coimas.\" src=\"https:\/\/i0.wp.com\/www.eltrabajo.cl\/portal\/wp-content\/uploads\/2014\/09\/Vecinos11.jpg?resize=529%2C282\" width=\"529\" height=\"282\" srcset=\"https:\/\/i0.wp.com\/eltrabajo.cl\/portal\/wp-content\/uploads\/2014\/09\/Vecinos11.jpg?w=529&amp;ssl=1 529w, https:\/\/i0.wp.com\/eltrabajo.cl\/portal\/wp-content\/uploads\/2014\/09\/Vecinos11.jpg?resize=200%2C106&amp;ssl=1 200w, https:\/\/i0.wp.com\/eltrabajo.cl\/portal\/wp-content\/uploads\/2014\/09\/Vecinos11.jpg?resize=300%2C159&amp;ssl=1 300w, https:\/\/i0.wp.com\/eltrabajo.cl\/portal\/wp-content\/uploads\/2014\/09\/Vecinos11.jpg?resize=150%2C79&amp;ssl=1 150w, https:\/\/i0.wp.com\/eltrabajo.cl\/portal\/wp-content\/uploads\/2014\/09\/Vecinos11.jpg?resize=400%2C213&amp;ssl=1 400w\" sizes=\"auto, (max-width: 529px) 100vw, 529px\" \/><\/a><figcaption id=\"caption-attachment-51502\" class=\"wp-caption-text\">Los vecinos de Poblaci\u00f3n San Antonio hoy est\u00e1n felices, esto tras conocerse de manera oficial que un millonario proyecto permitir\u00e1 la pavimentaci\u00f3n y la mejora de las calles Justo Estay y Combate Las Coimas.<\/figcaption><\/figure>\n<p><strong>PUTAENDO.<\/strong>&#8211; Los vecinos de Poblaci\u00f3n San Antonio hoy est\u00e1n felices y no pueden ocultar su alegr\u00eda, esto tras conocerse de manera oficial que un millonario proyecto permitir\u00e1 la pavimentaci\u00f3n y la mejora de las calles Justo Estay y Combate Las Coimas.<\/p>\n<p>La ma\u00f1ana de este mi\u00e9rcoles el Presidente de la Junta de Vecinos de Poblaci\u00f3n San Antonio, Alejandro Meza, pos\u00f3 para el lente de Diario El Trabajo junto a varios vecinos, justo en el sector donde hist\u00f3ricamente siempre se ha producido el colapso del alcantarillado y dijo que la ejecuci\u00f3n de este proyecto a\u00f1orado por largos a\u00f1os, es un premio a la perseverancia de los vecinos, de los dirigentes, y por supuesto agradeci\u00f3 a las autoridades comunales y regionales por haber aprobado este tan a\u00f1orado proyecto.<\/p>\n<p>En tanto Mar\u00eda S\u00e1nchez, asegur\u00f3 que desde que lleg\u00f3 a Poblaci\u00f3n San Antonio hace ya muchos a\u00f1os, siempre imagin\u00f3 que alg\u00fan d\u00eda el camino podr\u00eda terminar de pavimentarse y se terminar\u00eda el tierral que deben soportar durante gran parte del a\u00f1o, por lo que feliz convers\u00f3 con nuestro medio e indic\u00f3 que ya est\u00e1n pensando en c\u00f3mo van a celebrar cuando los trabajos sean inaugurados, pues para quienes por a\u00f1os han tenido que soportar la tierra, es un sue\u00f1o hecho realidad que les cambiar\u00e1 positivamente su estilo de vida.<\/p>\n<p>Eduardo Toro, otro vecino ampliamente conocido en la poblaci\u00f3n como \u2018Torito\u2019, sostuvo que en su caso lo que m\u00e1s contento lo pone es que se terminaran los zancudos, pues cuando llueve se rompe una matriz, se sale un canal en la parte alta de Putaendo y toda el agua se apoza en la intersecci\u00f3n de Justo Estay y Combate Las Coimas, y esa agua despu\u00e9s comienza a podrirse y aparece una plaga de zancudos, sin considerar el barro que tambi\u00e9n se descompone y genera malos olores que llegan a su casa y a la de los dem\u00e1s vecinos, por lo que tambi\u00e9n expres\u00f3 que es un sue\u00f1o hecho realidad el anuncio de pavimentaci\u00f3n y mejora de ese sector.<\/p>\n<p>Patricio Gallardo M.<\/p>\n<div class=\"tiled-gallery type-rectangular tiled-gallery-unresized\" data-original-width=\"640\" data-carousel-extra='null' itemscope itemtype=\"http:\/\/schema.org\/ImageGallery\" > <div class=\"gallery-row\" style=\"width: 640px; height: 393px;\" data-original-width=\"640\" data-original-height=\"393\" > <div class=\"gallery-group images-1\" style=\"width: 429px; height: 393px;\" data-original-width=\"429\" data-original-height=\"393\" > <div class=\"tiled-gallery-item tiled-gallery-item-large\" itemprop=\"associatedMedia\" itemscope itemtype=\"http:\/\/schema.org\/ImageObject\"> <a href=\"https:\/\/eltrabajo.cl\/portal\/pavimentaran-importante-avenida-en-poblacion-san-antonio\/alejandro-meza\/\" border=\"0\" itemprop=\"url\"> <meta itemprop=\"width\" content=\"425\"> <meta itemprop=\"height\" content=\"389\"> <img decoding=\"async\" class=\"\" data-attachment-id=\"51503\" data-orig-file=\"https:\/\/eltrabajo.cl\/portal\/wp-content\/uploads\/2014\/09\/Alejandro-Meza.jpg\" data-orig-size=\"529,485\" data-comments-opened=\"1\" data-image-meta=\"{&quot;aperture&quot;:&quot;0&quot;,&quot;credit&quot;:&quot;&quot;,&quot;camera&quot;:&quot;&quot;,&quot;caption&quot;:&quot;&quot;,&quot;created_timestamp&quot;:&quot;0&quot;,&quot;copyright&quot;:&quot;[wopmind]&quot;,&quot;focal_length&quot;:&quot;0&quot;,&quot;iso&quot;:&quot;0&quot;,&quot;shutter_speed&quot;:&quot;0&quot;,&quot;title&quot;:&quot;&quot;}\" data-image-title=\"Alejandro Meza\" data-image-description=\"&lt;p&gt;Presidente Junta de Vecinos de Poblaci\u00f3n San Antonio, Alejandro Meza.&lt;\/p&gt; \" data-medium-file=\"https:\/\/i0.wp.com\/eltrabajo.cl\/portal\/wp-content\/uploads\/2014\/09\/Alejandro-Meza.jpg?fit=300%2C275&#038;ssl=1\" data-large-file=\"https:\/\/i0.wp.com\/eltrabajo.cl\/portal\/wp-content\/uploads\/2014\/09\/Alejandro-Meza.jpg?fit=529%2C485&#038;ssl=1\" src=\"https:\/\/i0.wp.com\/eltrabajo.cl\/portal\/wp-content\/uploads\/2014\/09\/Alejandro-Meza.jpg?w=425&#038;h=389&#038;ssl=1\" srcset=\"https:\/\/i0.wp.com\/eltrabajo.cl\/portal\/wp-content\/uploads\/2014\/09\/Alejandro-Meza.jpg?w=529&amp;ssl=1 529w, https:\/\/i0.wp.com\/eltrabajo.cl\/portal\/wp-content\/uploads\/2014\/09\/Alejandro-Meza.jpg?resize=163%2C150&amp;ssl=1 163w, https:\/\/i0.wp.com\/eltrabajo.cl\/portal\/wp-content\/uploads\/2014\/09\/Alejandro-Meza.jpg?resize=300%2C275&amp;ssl=1 300w, https:\/\/i0.wp.com\/eltrabajo.cl\/portal\/wp-content\/uploads\/2014\/09\/Alejandro-Meza.jpg?resize=150%2C137&amp;ssl=1 150w, https:\/\/i0.wp.com\/eltrabajo.cl\/portal\/wp-content\/uploads\/2014\/09\/Alejandro-Meza.jpg?resize=400%2C366&amp;ssl=1 400w\" width=\"425\" height=\"389\" loading=\"lazy\" data-original-width=\"425\" data-original-height=\"389\" itemprop=\"http:\/\/schema.org\/image\" title=\"Alejandro Meza\" alt=\"Presidente Junta de Vecinos de Poblaci\u00f3n San Antonio, Alejandro Meza.\" style=\"width: 425px; height: 389px;\" \/> <\/a> <div class=\"tiled-gallery-caption\" itemprop=\"caption description\"> Presidente Junta de Vecinos de Poblaci\u00f3n San Antonio, Alejandro Meza. <\/div> <\/div> <\/div> <!-- close group --> <div class=\"gallery-group images-2\" style=\"width: 211px; height: 393px;\" data-original-width=\"211\" data-original-height=\"393\" > <div class=\"tiled-gallery-item tiled-gallery-item-small\" itemprop=\"associatedMedia\" itemscope itemtype=\"http:\/\/schema.org\/ImageObject\"> <a href=\"https:\/\/eltrabajo.cl\/portal\/pavimentaran-importante-avenida-en-poblacion-san-antonio\/eduardo-toro\/\" border=\"0\" itemprop=\"url\"> <meta itemprop=\"width\" content=\"207\"> <meta itemprop=\"height\" content=\"196\"> <img decoding=\"async\" class=\"\" data-attachment-id=\"51504\" data-orig-file=\"https:\/\/eltrabajo.cl\/portal\/wp-content\/uploads\/2014\/09\/Eduardo-Toro.jpg\" data-orig-size=\"529,502\" data-comments-opened=\"1\" data-image-meta=\"{&quot;aperture&quot;:&quot;0&quot;,&quot;credit&quot;:&quot;&quot;,&quot;camera&quot;:&quot;&quot;,&quot;caption&quot;:&quot;&quot;,&quot;created_timestamp&quot;:&quot;0&quot;,&quot;copyright&quot;:&quot;[wopmind]&quot;,&quot;focal_length&quot;:&quot;0&quot;,&quot;iso&quot;:&quot;0&quot;,&quot;shutter_speed&quot;:&quot;0&quot;,&quot;title&quot;:&quot;&quot;}\" data-image-title=\"Eduardo Toro\" data-image-description=\"&lt;p&gt;Eduardo Toro, otro vecino ampliamente conocido en la poblaci\u00f3n.&lt;\/p&gt; \" data-medium-file=\"https:\/\/i0.wp.com\/eltrabajo.cl\/portal\/wp-content\/uploads\/2014\/09\/Eduardo-Toro.jpg?fit=300%2C284&#038;ssl=1\" data-large-file=\"https:\/\/i0.wp.com\/eltrabajo.cl\/portal\/wp-content\/uploads\/2014\/09\/Eduardo-Toro.jpg?fit=529%2C502&#038;ssl=1\" src=\"https:\/\/i0.wp.com\/eltrabajo.cl\/portal\/wp-content\/uploads\/2014\/09\/Eduardo-Toro.jpg?w=207&#038;h=196&#038;ssl=1\" srcset=\"https:\/\/i0.wp.com\/eltrabajo.cl\/portal\/wp-content\/uploads\/2014\/09\/Eduardo-Toro.jpg?w=529&amp;ssl=1 529w, https:\/\/i0.wp.com\/eltrabajo.cl\/portal\/wp-content\/uploads\/2014\/09\/Eduardo-Toro.jpg?resize=158%2C150&amp;ssl=1 158w, https:\/\/i0.wp.com\/eltrabajo.cl\/portal\/wp-content\/uploads\/2014\/09\/Eduardo-Toro.jpg?resize=300%2C284&amp;ssl=1 300w, https:\/\/i0.wp.com\/eltrabajo.cl\/portal\/wp-content\/uploads\/2014\/09\/Eduardo-Toro.jpg?resize=150%2C142&amp;ssl=1 150w, https:\/\/i0.wp.com\/eltrabajo.cl\/portal\/wp-content\/uploads\/2014\/09\/Eduardo-Toro.jpg?resize=400%2C379&amp;ssl=1 400w\" width=\"207\" height=\"196\" loading=\"lazy\" data-original-width=\"207\" data-original-height=\"196\" itemprop=\"http:\/\/schema.org\/image\" title=\"Eduardo Toro\" alt=\"Eduardo Toro, otro vecino ampliamente conocido en la poblaci\u00f3n.\" style=\"width: 207px; height: 196px;\" \/> <\/a> <div class=\"tiled-gallery-caption\" itemprop=\"caption description\"> Eduardo Toro, otro vecino ampliamente conocido en la poblaci\u00f3n. <\/div> <\/div> <div class=\"tiled-gallery-item tiled-gallery-item-small\" itemprop=\"associatedMedia\" itemscope itemtype=\"http:\/\/schema.org\/ImageObject\"> <a href=\"https:\/\/eltrabajo.cl\/portal\/pavimentaran-importante-avenida-en-poblacion-san-antonio\/maria-sanchez-3\/\" border=\"0\" itemprop=\"url\"> <meta itemprop=\"width\" content=\"207\"> <meta itemprop=\"height\" content=\"189\"> <img decoding=\"async\" class=\"\" data-attachment-id=\"51505\" data-orig-file=\"https:\/\/eltrabajo.cl\/portal\/wp-content\/uploads\/2014\/09\/Maria-Sanchez.jpg\" data-orig-size=\"529,482\" data-comments-opened=\"1\" data-image-meta=\"{&quot;aperture&quot;:&quot;0&quot;,&quot;credit&quot;:&quot;&quot;,&quot;camera&quot;:&quot;&quot;,&quot;caption&quot;:&quot;&quot;,&quot;created_timestamp&quot;:&quot;0&quot;,&quot;copyright&quot;:&quot;[wopmind]&quot;,&quot;focal_length&quot;:&quot;0&quot;,&quot;iso&quot;:&quot;0&quot;,&quot;shutter_speed&quot;:&quot;0&quot;,&quot;title&quot;:&quot;&quot;}\" data-image-title=\"Maria Sanchez\" data-image-description=\"&lt;p&gt;Mar\u00eda S\u00e1nchez, vecina del lugar.&lt;\/p&gt; \" data-medium-file=\"https:\/\/i0.wp.com\/eltrabajo.cl\/portal\/wp-content\/uploads\/2014\/09\/Maria-Sanchez.jpg?fit=300%2C273&#038;ssl=1\" data-large-file=\"https:\/\/i0.wp.com\/eltrabajo.cl\/portal\/wp-content\/uploads\/2014\/09\/Maria-Sanchez.jpg?fit=529%2C482&#038;ssl=1\" src=\"https:\/\/i0.wp.com\/eltrabajo.cl\/portal\/wp-content\/uploads\/2014\/09\/Maria-Sanchez.jpg?w=207&#038;h=189&#038;ssl=1\" srcset=\"https:\/\/i0.wp.com\/eltrabajo.cl\/portal\/wp-content\/uploads\/2014\/09\/Maria-Sanchez.jpg?w=529&amp;ssl=1 529w, https:\/\/i0.wp.com\/eltrabajo.cl\/portal\/wp-content\/uploads\/2014\/09\/Maria-Sanchez.jpg?resize=164%2C150&amp;ssl=1 164w, https:\/\/i0.wp.com\/eltrabajo.cl\/portal\/wp-content\/uploads\/2014\/09\/Maria-Sanchez.jpg?resize=300%2C273&amp;ssl=1 300w, https:\/\/i0.wp.com\/eltrabajo.cl\/portal\/wp-content\/uploads\/2014\/09\/Maria-Sanchez.jpg?resize=150%2C136&amp;ssl=1 150w, https:\/\/i0.wp.com\/eltrabajo.cl\/portal\/wp-content\/uploads\/2014\/09\/Maria-Sanchez.jpg?resize=400%2C364&amp;ssl=1 400w\" width=\"207\" height=\"189\" loading=\"lazy\" data-original-width=\"207\" data-original-height=\"189\" itemprop=\"http:\/\/schema.org\/image\" title=\"Maria Sanchez\" alt=\"Mar\u00eda S\u00e1nchez, vecina del lugar.\" style=\"width: 207px; height: 189px;\" \/> <\/a> <div class=\"tiled-gallery-caption\" itemprop=\"caption description\"> Mar\u00eda S\u00e1nchez, vecina del lugar. <\/div> <\/div> <\/div> <!-- close group --> <\/div> <!-- close row --> <\/div>\n","protected":false},"excerpt":{"rendered":"<p>PUTAENDO.&#8211; Los vecinos de Poblaci\u00f3n San Antonio hoy est\u00e1n felices y no pueden ocultar su alegr\u00eda, esto tras conocerse de manera oficial que un millonario proyecto permitir\u00e1 la pavimentaci\u00f3n y la mejora&#8230;<\/p>\n","protected":false},"author":482,"featured_media":51502,"comment_status":"open","ping_status":"closed","sticky":false,"template":"","format":"standard","meta":{"advanced_seo_description":"","jetpack_seo_html_title":"","jetpack_seo_noindex":false,"_jetpack_memberships_contains_paid_content":false,"footnotes":""},"categories":[15],"tags":[],"class_list":["post-51501","post","type-post","status-publish","format-standard","has-post-thumbnail","hentry","category-comunidad"],"jetpack_featured_media_url":"https:\/\/i0.wp.com\/eltrabajo.cl\/portal\/wp-content\/uploads\/2014\/09\/Vecinos11.jpg?fit=529%2C282&ssl=1","jetpack_sharing_enabled":true,"jetpack_likes_enabled":true,"jetpack-related-posts":[],"_links":{"self":[{"href":"https:\/\/eltrabajo.cl\/portal\/wp-json\/wp\/v2\/posts\/51501","targetHints":{"allow":["GET"]}}],"collection":[{"href":"https:\/\/eltrabajo.cl\/portal\/wp-json\/wp\/v2\/posts"}],"about":[{"href":"https:\/\/eltrabajo.cl\/portal\/wp-json\/wp\/v2\/types\/post"}],"author":[{"embeddable":true,"href":"https:\/\/eltrabajo.cl\/portal\/wp-json\/wp\/v2\/users\/482"}],"replies":[{"embeddable":true,"href":"https:\/\/eltrabajo.cl\/portal\/wp-json\/wp\/v2\/comments?post=51501"}],"version-history":[{"count":0,"href":"https:\/\/eltrabajo.cl\/portal\/wp-json\/wp\/v2\/posts\/51501\/revisions"}],"wp:featuredmedia":[{"embeddable":true,"href":"https:\/\/eltrabajo.cl\/portal\/wp-json\/wp\/v2\/media\/51502"}],"wp:attachment":[{"href":"https:\/\/eltrabajo.cl\/portal\/wp-json\/wp\/v2\/media?parent=51501"}],"wp:term":[{"taxonomy":"category","embeddable":true,"href":"https:\/\/eltrabajo.cl\/portal\/wp-json\/wp\/v2\/categories?post=51501"},{"taxonomy":"post_tag","embeddable":true,"href":"https:\/\/eltrabajo.cl\/portal\/wp-json\/wp\/v2\/tags?post=51501"}],"curies":[{"name":"wp","href":"https:\/\/api.w.org\/{rel}","templated":true}]}}