{"id":51512,"date":"2014-09-25T09:34:54","date_gmt":"2014-09-25T12:34:54","guid":{"rendered":"http:\/\/www.eltrabajo.cl\/portal\/?p=51512"},"modified":"2014-09-25T09:34:54","modified_gmt":"2014-09-25T12:34:54","slug":"mamas-felices-con-sus-hijos-seguros-con-programa-de-4-a-7","status":"publish","type":"post","link":"https:\/\/eltrabajo.cl\/portal\/mamas-felices-con-sus-hijos-seguros-con-programa-de-4-a-7\/","title":{"rendered":"Mam\u00e1s felices con sus hijos seguros con Programa De 4 a 7"},"content":{"rendered":"<figure id=\"attachment_51513\" aria-describedby=\"caption-attachment-51513\" style=\"width: 529px\" class=\"wp-caption alignnone\"><a href=\"https:\/\/i0.wp.com\/www.eltrabajo.cl\/portal\/wp-content\/uploads\/2014\/09\/Ellos11.jpg\"><img data-recalc-dims=\"1\" loading=\"lazy\" decoding=\"async\" class=\"size-full wp-image-51513\" alt=\"Ver\u00f3nica Mart\u00ednez con sus dos hijos, ambos beneficiarios del programa. Se trata de Selene e Isa\u00edas Funes.\" src=\"https:\/\/i0.wp.com\/www.eltrabajo.cl\/portal\/wp-content\/uploads\/2014\/09\/Ellos11.jpg?resize=529%2C358\" width=\"529\" height=\"358\" srcset=\"https:\/\/i0.wp.com\/eltrabajo.cl\/portal\/wp-content\/uploads\/2014\/09\/Ellos11.jpg?w=529&amp;ssl=1 529w, https:\/\/i0.wp.com\/eltrabajo.cl\/portal\/wp-content\/uploads\/2014\/09\/Ellos11.jpg?resize=200%2C135&amp;ssl=1 200w, https:\/\/i0.wp.com\/eltrabajo.cl\/portal\/wp-content\/uploads\/2014\/09\/Ellos11.jpg?resize=300%2C203&amp;ssl=1 300w, https:\/\/i0.wp.com\/eltrabajo.cl\/portal\/wp-content\/uploads\/2014\/09\/Ellos11.jpg?resize=150%2C101&amp;ssl=1 150w, https:\/\/i0.wp.com\/eltrabajo.cl\/portal\/wp-content\/uploads\/2014\/09\/Ellos11.jpg?resize=400%2C270&amp;ssl=1 400w\" sizes=\"auto, (max-width: 529px) 100vw, 529px\" \/><\/a><figcaption id=\"caption-attachment-51513\" class=\"wp-caption-text\">Ver\u00f3nica Mart\u00ednez con sus dos hijos, ambos beneficiarios del programa. Se trata de Selene e Isa\u00edas Funes.<\/figcaption><\/figure>\n<p>Felices y muy agradecidas, se mostraron las mam\u00e1s y pap\u00e1s, as\u00ed como abuelas y t\u00edas, de los 51 ni\u00f1os de la Escuela Jos\u00e9 Manso de Velasco, quienes se han visto favorecidos con el Programa De 4 a 7. La iniciativa permite que aquellos ni\u00f1os cuyos padres trabajan y enfrentan complicaciones para ir a buscarlos despu\u00e9s de clases, que normalmente finalizan a las 16:00 horas, puedan permanecer en el colegio, bien cuidados y realizando actividades, hasta las 19.: 0 horas.<\/p>\n<p>Se trata de un programa que ejecuta la municipalidad de San Felipe en convenio con Sernam y apunta a generar las condiciones para que los ni\u00f1os permanezcan en el colegio hasta que sus padres salgan del trabajo, participando en talleres art\u00edsticos y deportivos, as\u00ed como en instancias de apoyo para sus tareas escolares, lo que sin duda genera una enorme tranquilidad a los padres de muchos alumnos de esta escuela.<\/p>\n<p>Es el caso de Ver\u00f3nica Mart\u00ednez, quien tiene dos peque\u00f1itos de seis y nueve a\u00f1os en esta escuela y quienes han sido favorecidos con el programa. Seg\u00fan cuenta, esta iniciativa le ha sido de gran apoyo, ya que tanto ella como su esposo trabajan hasta pasadas las 18:00 horas.<\/p>\n<p>\u201cMi marido y yo trabajamos. Un d\u00eda estaban consultando e inscribiendo y yo anot\u00e9 a mis dos hijos, as\u00ed que desde entonces est\u00e1n participando. Esto me ayuda mucho, pero tambi\u00e9n es una oportunidad para los ni\u00f1os, porque est\u00e1n seguros y lo est\u00e1n pasando s\u00faper bien, por ejemplo, a mi hija le encanta el baile y puede ensayar casi a diario\u201d, se\u00f1al\u00f3 Mart\u00ednez.<\/p>\n<p>El programa tiene un car\u00e1cter piloto y seg\u00fan explic\u00f3 la directora regional de Sernam, Waleska Castillo ha tenido un positivo resultado en la Escuela Jos\u00e9 Manso de Velasco, lo que a su juicio es el producto del trabajo comprometido de la municipalidad a trav\u00e9s de la Direcci\u00f3n de Desarrollo Comunitario, as\u00ed como del respaldo permanente de la direcci\u00f3n del establecimiento que lidera la Profesora Paola Rojas.<\/p>\n<p>En tanto, al ser consultado el Director de Desarrollo Comunitario de la municipalidad, Pablo Silva sobre esta iniciativa, manifest\u00f3 que este establecimiento fue definido para la ejecuci\u00f3n del programa, a prop\u00f3sito de la gran cantidad de hijos de mujeres jefas de hogar, as\u00ed como de t\u00edas y abuelas que est\u00e1n al cuidado de alumnos de esta escuela, y que como tienen que trabajar, enfrentan muchas dificultades para ir a buscar a los peque\u00f1os en los horarios regulares de salida de clases y que ahora, tienen un enorme alivio al saber que ellos pueden permanecer en el colegio, en buenas manos.<\/p>\n<p>Son 51 ni\u00f1os los inscritos en el Programa De 4 a 7, quienes la tarde del martes fueron los protagonistas del lanzamiento de esta iniciativa, donde presentaron distintos n\u00fameros art\u00edsticos, dejando entrever que no s\u00f3lo en este colegio los ni\u00f1os est\u00e1n bien cuidados, sino que adem\u00e1s lo pasan bien y lo que es mejor, gracias al apoyo profesional en este tramo horario, han logrado incluso mejorar su rendimiento escolar.<\/p>\n<p>&nbsp;<\/p>\n","protected":false},"excerpt":{"rendered":"<p>Felices y muy agradecidas, se mostraron las mam\u00e1s y pap\u00e1s, as\u00ed como abuelas y t\u00edas, de los 51 ni\u00f1os de la Escuela Jos\u00e9 Manso de Velasco, quienes se han visto favorecidos con&#8230;<\/p>\n","protected":false},"author":482,"featured_media":51513,"comment_status":"open","ping_status":"closed","sticky":false,"template":"","format":"standard","meta":{"advanced_seo_description":"","jetpack_seo_html_title":"","jetpack_seo_noindex":false,"_jetpack_memberships_contains_paid_content":false,"footnotes":""},"categories":[15],"tags":[],"class_list":["post-51512","post","type-post","status-publish","format-standard","has-post-thumbnail","hentry","category-comunidad"],"jetpack_featured_media_url":"https:\/\/i0.wp.com\/eltrabajo.cl\/portal\/wp-content\/uploads\/2014\/09\/Ellos11.jpg?fit=529%2C358&ssl=1","jetpack_sharing_enabled":true,"jetpack_likes_enabled":true,"jetpack-related-posts":[],"_links":{"self":[{"href":"https:\/\/eltrabajo.cl\/portal\/wp-json\/wp\/v2\/posts\/51512","targetHints":{"allow":["GET"]}}],"collection":[{"href":"https:\/\/eltrabajo.cl\/portal\/wp-json\/wp\/v2\/posts"}],"about":[{"href":"https:\/\/eltrabajo.cl\/portal\/wp-json\/wp\/v2\/types\/post"}],"author":[{"embeddable":true,"href":"https:\/\/eltrabajo.cl\/portal\/wp-json\/wp\/v2\/users\/482"}],"replies":[{"embeddable":true,"href":"https:\/\/eltrabajo.cl\/portal\/wp-json\/wp\/v2\/comments?post=51512"}],"version-history":[{"count":0,"href":"https:\/\/eltrabajo.cl\/portal\/wp-json\/wp\/v2\/posts\/51512\/revisions"}],"wp:featuredmedia":[{"embeddable":true,"href":"https:\/\/eltrabajo.cl\/portal\/wp-json\/wp\/v2\/media\/51513"}],"wp:attachment":[{"href":"https:\/\/eltrabajo.cl\/portal\/wp-json\/wp\/v2\/media?parent=51512"}],"wp:term":[{"taxonomy":"category","embeddable":true,"href":"https:\/\/eltrabajo.cl\/portal\/wp-json\/wp\/v2\/categories?post=51512"},{"taxonomy":"post_tag","embeddable":true,"href":"https:\/\/eltrabajo.cl\/portal\/wp-json\/wp\/v2\/tags?post=51512"}],"curies":[{"name":"wp","href":"https:\/\/api.w.org\/{rel}","templated":true}]}}