{"id":51519,"date":"2014-09-25T09:38:44","date_gmt":"2014-09-25T12:38:44","guid":{"rendered":"http:\/\/www.eltrabajo.cl\/portal\/?p=51519"},"modified":"2014-09-25T09:47:39","modified_gmt":"2014-09-25T12:47:39","slug":"critico-estado-de-salud-del-conocido-y-querido-pollito-urzua","status":"publish","type":"post","link":"https:\/\/eltrabajo.cl\/portal\/critico-estado-de-salud-del-conocido-y-querido-pollito-urzua\/","title":{"rendered":"Cr\u00edtico estado de salud del conocido y querido \u2018Pollito\u2019 Urz\u00faa"},"content":{"rendered":"<figure id=\"attachment_51520\" aria-describedby=\"caption-attachment-51520\" style=\"width: 317px\" class=\"wp-caption alignleft\"><a href=\"https:\/\/i0.wp.com\/www.eltrabajo.cl\/portal\/wp-content\/uploads\/2014\/09\/Pollito1.jpg\"><img data-recalc-dims=\"1\" loading=\"lazy\" decoding=\"async\" class=\" wp-image-51520 \" alt=\"Miguel \u2018Pollito\u2019 Urz\u00faa Urz\u00faa, tiene aproximadamente 70 a\u00f1os.\" src=\"https:\/\/i0.wp.com\/www.eltrabajo.cl\/portal\/wp-content\/uploads\/2014\/09\/Pollito1.jpg?resize=317%2C265\" width=\"317\" height=\"265\" srcset=\"https:\/\/i0.wp.com\/eltrabajo.cl\/portal\/wp-content\/uploads\/2014\/09\/Pollito1.jpg?w=529&amp;ssl=1 529w, https:\/\/i0.wp.com\/eltrabajo.cl\/portal\/wp-content\/uploads\/2014\/09\/Pollito1.jpg?resize=179%2C150&amp;ssl=1 179w, https:\/\/i0.wp.com\/eltrabajo.cl\/portal\/wp-content\/uploads\/2014\/09\/Pollito1.jpg?resize=300%2C250&amp;ssl=1 300w, https:\/\/i0.wp.com\/eltrabajo.cl\/portal\/wp-content\/uploads\/2014\/09\/Pollito1.jpg?resize=150%2C125&amp;ssl=1 150w, https:\/\/i0.wp.com\/eltrabajo.cl\/portal\/wp-content\/uploads\/2014\/09\/Pollito1.jpg?resize=400%2C334&amp;ssl=1 400w\" sizes=\"auto, (max-width: 317px) 100vw, 317px\" \/><\/a><figcaption id=\"caption-attachment-51520\" class=\"wp-caption-text\">Miguel \u2018Pollito\u2019 Urz\u00faa Urz\u00faa, tiene aproximadamente 70 a\u00f1os.<\/figcaption><\/figure>\n<p><strong>PUTAENDO.<\/strong>&#8211; Lamentablemente el estado de salud del ampliamente conocido y querido por toda la comunidad, \u2018Pollito\u2019, es de estado cr\u00edtico y se encuentra internado en el Hospital San Camilo de San Felipe. Quiz\u00e1s muchos de nosotros desconocemos que el querido \u2018Pollito\u2019 lleva por nombre Miguel Urz\u00faa Urz\u00faa y tiene aproximadamente 70 a\u00f1os, adem\u00e1s de ser uno de los usuarios m\u00e1s antiguos del Hospital Psiqui\u00e1trico de Putaendo, el cual hace 27 a\u00f1os se encuentra viviendo en el Hogar de Acogida Los Ciruelos, ubicado en Calle Jos\u00e9 Antonio Salinas.<\/p>\n<p>Urz\u00faa estuvo hospitalizado 23 d\u00edas en el Hospital San Antonio de Putaendo, de donde posteriormente fue trasladado al Hospital San Camilo, y seg\u00fan indic\u00f3 la encargada del Hogar Los Ciruelos, Rosa Vega C\u00e9spedes, hoy su estado de salud es cr\u00edtico, pues est\u00e1 afectado por una trombosis en una de sus piernas, lo que sumado a su diabetes e hipertensi\u00f3n, han hecho que su estado de salud haya empeorado r\u00e1pida y bruscamente.<\/p>\n<figure id=\"attachment_51521\" aria-describedby=\"caption-attachment-51521\" style=\"width: 317px\" class=\"wp-caption alignright\"><a href=\"https:\/\/i0.wp.com\/www.eltrabajo.cl\/portal\/wp-content\/uploads\/2014\/09\/Rosa-Vega.jpg\"><img data-recalc-dims=\"1\" loading=\"lazy\" decoding=\"async\" class=\" wp-image-51521 \" alt=\"Encargada del Hogar Los Ciruelos, Rosa Vega C\u00e9spedes.\" src=\"https:\/\/i0.wp.com\/www.eltrabajo.cl\/portal\/wp-content\/uploads\/2014\/09\/Rosa-Vega.jpg?resize=317%2C215\" width=\"317\" height=\"215\" srcset=\"https:\/\/i0.wp.com\/eltrabajo.cl\/portal\/wp-content\/uploads\/2014\/09\/Rosa-Vega.jpg?w=529&amp;ssl=1 529w, https:\/\/i0.wp.com\/eltrabajo.cl\/portal\/wp-content\/uploads\/2014\/09\/Rosa-Vega.jpg?resize=200%2C135&amp;ssl=1 200w, https:\/\/i0.wp.com\/eltrabajo.cl\/portal\/wp-content\/uploads\/2014\/09\/Rosa-Vega.jpg?resize=300%2C203&amp;ssl=1 300w, https:\/\/i0.wp.com\/eltrabajo.cl\/portal\/wp-content\/uploads\/2014\/09\/Rosa-Vega.jpg?resize=150%2C101&amp;ssl=1 150w, https:\/\/i0.wp.com\/eltrabajo.cl\/portal\/wp-content\/uploads\/2014\/09\/Rosa-Vega.jpg?resize=400%2C270&amp;ssl=1 400w\" sizes=\"auto, (max-width: 317px) 100vw, 317px\" \/><\/a><figcaption id=\"caption-attachment-51521\" class=\"wp-caption-text\">Encargada del Hogar Los Ciruelos, Rosa Vega C\u00e9spedes.<\/figcaption><\/figure>\n<p>Rosa Vega no pudo contener sus lagrimas al se\u00f1alarnos c\u00f3mo era el d\u00eda a d\u00eda de \u2018Pollito\u2019, tanto en su hogar como en la comunidad y dijo que siempre ha sido muy respetuoso, colaborador y que su \u00fanica entretenci\u00f3n era ir todos los d\u00edas al pueblo, sentarse en la plaza y recorrer algunos sectores a pesar de sus dificultades para caminar.<\/p>\n<p><strong>\u00a0ABANDONADO\u00a0DESDE NI\u00d1O<\/strong><\/p>\n<p>No tal s\u00f3lo la se\u00f1ora Rosa, quien en esta fotograf\u00eda aparece en la cabecera de la cama que ocupaba \u2018Pollito\u2019, esperando que ojala pueda volver a usarla, hoy se encuentra afectada, sino que tambi\u00e9n los usuarios que ah\u00ed viven saben y conocen el estado cr\u00edtico de salud de su compa\u00f1ero y amigo que hoy est\u00e1 hospitalizado.<\/p>\n<p>Sobre c\u00f3mo este querido usuario llego al Hospital Psiqui\u00e1trico existen varias historias y todo indica que teniendo poco menos de diez a\u00f1os y lamentablemente como muchos otros usuarios, fue abandonado por sus padres y familiares en el frontis del hospital y fue justamente el hospital psiqui\u00e1trico el que se convirti\u00f3 en su hogar y los funcionarios que trabajaron y hoy trabajan en su gran familia.<\/p>\n<p><strong>TESORO VIVO<\/strong><\/p>\n<p>El a\u00f1o 2013 y con motivo del D\u00eda del Patrimonio, Miguel Urz\u00faa (Pollito) fue distinguido por el Consejo Municipal y el Alcalde Reyes como \u2018Tesoro vivo invaluable de toda la comunidad de Putaendo\u2019. Hoy, seg\u00fan nos confirma la se\u00f1ora Rosa, \u2018Pollito\u2019 pr\u00e1cticamente no conoce a nadie, a pesar de que ella lo visita todo los d\u00edas, lo que demuestra su cr\u00edtico estado donde recibe los cuidados y cari\u00f1os de los funcionarios de Medicina-Hombres del Hospital San Camilo, quienes lo han convertido en su paciente regal\u00f3n.<\/p>\n<p>A pesar de que Do\u00f1a Rosa no lo solicit\u00f3, las personas que deseen colaborar con pa\u00f1ales de adulto para \u2018Pollito\u2019, pueden hacerlos llegar directamente al Hogar Los Ciruelos ubicado en Calle Jos\u00e9 Antonio Salinas, pero s\u00ed lo que solicito encarecidamente la se\u00f1ora Rosa Vega fue pedir por la salud de \u2018Pollito\u2019, a quien considera un hijo m\u00e1s, pues asegur\u00f3 que aunque sabe que es muy dif\u00edcil no pierde las esperanzas que regrese a ocupar su cama al hogar de acogida.<\/p>\n<p>Patricio Gallardo M.<\/p>\n<p>&nbsp;<\/p>\n","protected":false},"excerpt":{"rendered":"<p>PUTAENDO.&#8211; Lamentablemente el estado de salud del ampliamente conocido y querido por toda la comunidad, \u2018Pollito\u2019, es de estado cr\u00edtico y se encuentra internado en el Hospital San Camilo de San Felipe&#8230;.<\/p>\n","protected":false},"author":482,"featured_media":51520,"comment_status":"open","ping_status":"closed","sticky":false,"template":"","format":"standard","meta":{"advanced_seo_description":"","jetpack_seo_html_title":"","jetpack_seo_noindex":false,"_jetpack_memberships_contains_paid_content":false,"footnotes":""},"categories":[15],"tags":[],"class_list":["post-51519","post","type-post","status-publish","format-standard","has-post-thumbnail","hentry","category-comunidad"],"jetpack_featured_media_url":"https:\/\/i0.wp.com\/eltrabajo.cl\/portal\/wp-content\/uploads\/2014\/09\/Pollito1.jpg?fit=529%2C442&ssl=1","jetpack_sharing_enabled":true,"jetpack_likes_enabled":true,"jetpack-related-posts":[],"_links":{"self":[{"href":"https:\/\/eltrabajo.cl\/portal\/wp-json\/wp\/v2\/posts\/51519","targetHints":{"allow":["GET"]}}],"collection":[{"href":"https:\/\/eltrabajo.cl\/portal\/wp-json\/wp\/v2\/posts"}],"about":[{"href":"https:\/\/eltrabajo.cl\/portal\/wp-json\/wp\/v2\/types\/post"}],"author":[{"embeddable":true,"href":"https:\/\/eltrabajo.cl\/portal\/wp-json\/wp\/v2\/users\/482"}],"replies":[{"embeddable":true,"href":"https:\/\/eltrabajo.cl\/portal\/wp-json\/wp\/v2\/comments?post=51519"}],"version-history":[{"count":0,"href":"https:\/\/eltrabajo.cl\/portal\/wp-json\/wp\/v2\/posts\/51519\/revisions"}],"wp:featuredmedia":[{"embeddable":true,"href":"https:\/\/eltrabajo.cl\/portal\/wp-json\/wp\/v2\/media\/51520"}],"wp:attachment":[{"href":"https:\/\/eltrabajo.cl\/portal\/wp-json\/wp\/v2\/media?parent=51519"}],"wp:term":[{"taxonomy":"category","embeddable":true,"href":"https:\/\/eltrabajo.cl\/portal\/wp-json\/wp\/v2\/categories?post=51519"},{"taxonomy":"post_tag","embeddable":true,"href":"https:\/\/eltrabajo.cl\/portal\/wp-json\/wp\/v2\/tags?post=51519"}],"curies":[{"name":"wp","href":"https:\/\/api.w.org\/{rel}","templated":true}]}}