{"id":51548,"date":"2014-09-26T09:26:22","date_gmt":"2014-09-26T12:26:22","guid":{"rendered":"http:\/\/www.eltrabajo.cl\/portal\/?p=51548"},"modified":"2014-09-26T09:26:22","modified_gmt":"2014-09-26T12:26:22","slug":"locatarios-de-ferias-libres-satisfechos-con-aporte-financiero-de-sercotec","status":"publish","type":"post","link":"https:\/\/eltrabajo.cl\/portal\/locatarios-de-ferias-libres-satisfechos-con-aporte-financiero-de-sercotec\/","title":{"rendered":"Locatarios de ferias libres satisfechos con aporte financiero de Sercotec"},"content":{"rendered":"<figure id=\"attachment_51549\" aria-describedby=\"caption-attachment-51549\" style=\"width: 528px\" class=\"wp-caption alignnone\"><a href=\"https:\/\/i0.wp.com\/www.eltrabajo.cl\/portal\/wp-content\/uploads\/2014\/09\/Feriantes1.jpg\"><img data-recalc-dims=\"1\" loading=\"lazy\" decoding=\"async\" class=\"size-full wp-image-51549\" alt=\"Unos 104  comerciantes llaylla\u00ednos fueron beneficiados por el Servicio de Cooperaci\u00f3n T\u00e9cnica (Sercotec), a trav\u00e9s del fondo concursable del Programa de Modernizaci\u00f3n de Ferias Libres.\" src=\"https:\/\/i0.wp.com\/www.eltrabajo.cl\/portal\/wp-content\/uploads\/2014\/09\/Feriantes1.jpg?resize=528%2C344\" width=\"528\" height=\"344\" srcset=\"https:\/\/i0.wp.com\/eltrabajo.cl\/portal\/wp-content\/uploads\/2014\/09\/Feriantes1.jpg?w=528&amp;ssl=1 528w, https:\/\/i0.wp.com\/eltrabajo.cl\/portal\/wp-content\/uploads\/2014\/09\/Feriantes1.jpg?resize=200%2C130&amp;ssl=1 200w, https:\/\/i0.wp.com\/eltrabajo.cl\/portal\/wp-content\/uploads\/2014\/09\/Feriantes1.jpg?resize=300%2C195&amp;ssl=1 300w, https:\/\/i0.wp.com\/eltrabajo.cl\/portal\/wp-content\/uploads\/2014\/09\/Feriantes1.jpg?resize=150%2C97&amp;ssl=1 150w, https:\/\/i0.wp.com\/eltrabajo.cl\/portal\/wp-content\/uploads\/2014\/09\/Feriantes1.jpg?resize=400%2C260&amp;ssl=1 400w\" sizes=\"auto, (max-width: 528px) 100vw, 528px\" \/><\/a><figcaption id=\"caption-attachment-51549\" class=\"wp-caption-text\">Unos 104 comerciantes llaylla\u00ednos fueron beneficiados por el Servicio de Cooperaci\u00f3n T\u00e9cnica (Sercotec), a trav\u00e9s del fondo concursable del Programa de Modernizaci\u00f3n de Ferias Libres.<\/figcaption><\/figure>\n<p><strong>LLAY LLAY<\/strong>.- Unos 104 comerciantes llaylla\u00ednos fueron beneficiados por el Servicio de Cooperaci\u00f3n T\u00e9cnica (Sercotec), a trav\u00e9s del fondo concursable del Programa de Modernizaci\u00f3n de Ferias Libres. \u201cEsta es una gran ayuda que llega a los emprendedores de nuestra comuna, que nos tiene muy contentos, ya que con el subsidio van a mejorar sus negocios. En una peque\u00f1a pero significativa ceremonia se entregaron m\u00e1s de $11 millones a locatarios de la Feria Libre de Llay Llay y la Agrupaci\u00f3n de Comerciantes Ferias Libres Latorre\u201d, relat\u00f3 el Alcalde Mario Marillanca.<\/p>\n<p>El Programa de Modernizaci\u00f3n de Ferias Libres de Sercotec es un fondo concursable que financia la ejecuci\u00f3n de proyectos colectivos presentados por representantes de una Feria Libre y orientados a la modernizaci\u00f3n de los servicios ofrecidos por \u00e9sta, su equipamiento y la infraestructura que posee.<\/p>\n<p>Una de las beneficiadas por este programa es Cristina Donoso, quien manifest\u00f3 estar muy contenta con este subsidio, al igual que el resto de locatarios que integran Feria EL Esfuerzo, donde ella tiene su puesto de venta de incienso y productos naturales, \u201cnosotros postulamos para comprar mesones, los que nos permitir\u00e1, mejores condiciones de trabajo y mejor presentaci\u00f3n de nuestros productos\u201d.<\/p>\n<p>&nbsp;<\/p>\n","protected":false},"excerpt":{"rendered":"<p>LLAY LLAY.- Unos 104 comerciantes llaylla\u00ednos fueron beneficiados por el Servicio de Cooperaci\u00f3n T\u00e9cnica (Sercotec), a trav\u00e9s del fondo concursable del Programa de Modernizaci\u00f3n de Ferias Libres. \u201cEsta es una gran ayuda&#8230;<\/p>\n","protected":false},"author":482,"featured_media":51549,"comment_status":"open","ping_status":"closed","sticky":false,"template":"","format":"standard","meta":{"advanced_seo_description":"","jetpack_seo_html_title":"","jetpack_seo_noindex":false,"_jetpack_memberships_contains_paid_content":false,"footnotes":""},"categories":[15],"tags":[],"class_list":["post-51548","post","type-post","status-publish","format-standard","has-post-thumbnail","hentry","category-comunidad"],"jetpack_featured_media_url":"https:\/\/i0.wp.com\/eltrabajo.cl\/portal\/wp-content\/uploads\/2014\/09\/Feriantes1.jpg?fit=528%2C344&ssl=1","jetpack_sharing_enabled":true,"jetpack_likes_enabled":true,"jetpack-related-posts":[],"_links":{"self":[{"href":"https:\/\/eltrabajo.cl\/portal\/wp-json\/wp\/v2\/posts\/51548","targetHints":{"allow":["GET"]}}],"collection":[{"href":"https:\/\/eltrabajo.cl\/portal\/wp-json\/wp\/v2\/posts"}],"about":[{"href":"https:\/\/eltrabajo.cl\/portal\/wp-json\/wp\/v2\/types\/post"}],"author":[{"embeddable":true,"href":"https:\/\/eltrabajo.cl\/portal\/wp-json\/wp\/v2\/users\/482"}],"replies":[{"embeddable":true,"href":"https:\/\/eltrabajo.cl\/portal\/wp-json\/wp\/v2\/comments?post=51548"}],"version-history":[{"count":0,"href":"https:\/\/eltrabajo.cl\/portal\/wp-json\/wp\/v2\/posts\/51548\/revisions"}],"wp:featuredmedia":[{"embeddable":true,"href":"https:\/\/eltrabajo.cl\/portal\/wp-json\/wp\/v2\/media\/51549"}],"wp:attachment":[{"href":"https:\/\/eltrabajo.cl\/portal\/wp-json\/wp\/v2\/media?parent=51548"}],"wp:term":[{"taxonomy":"category","embeddable":true,"href":"https:\/\/eltrabajo.cl\/portal\/wp-json\/wp\/v2\/categories?post=51548"},{"taxonomy":"post_tag","embeddable":true,"href":"https:\/\/eltrabajo.cl\/portal\/wp-json\/wp\/v2\/tags?post=51548"}],"curies":[{"name":"wp","href":"https:\/\/api.w.org\/{rel}","templated":true}]}}