{"id":51574,"date":"2014-09-26T09:37:19","date_gmt":"2014-09-26T12:37:19","guid":{"rendered":"http:\/\/www.eltrabajo.cl\/portal\/?p=51574"},"modified":"2014-09-26T09:37:19","modified_gmt":"2014-09-26T12:37:19","slug":"a-pleno-dia-asaltan-a-mano-armada-a-dueno-de-otro-minimarket","status":"publish","type":"post","link":"https:\/\/eltrabajo.cl\/portal\/a-pleno-dia-asaltan-a-mano-armada-a-dueno-de-otro-minimarket\/","title":{"rendered":"A pleno d\u00eda asaltan a mano armada a due\u00f1o de otro minimarket"},"content":{"rendered":"<figure id=\"attachment_51575\" aria-describedby=\"caption-attachment-51575\" style=\"width: 317px\" class=\"wp-caption alignleft\"><a href=\"https:\/\/i0.wp.com\/www.eltrabajo.cl\/portal\/wp-content\/uploads\/2014\/09\/ASALTO-1.jpg\"><img data-recalc-dims=\"1\" loading=\"lazy\" decoding=\"async\" class=\" wp-image-51575 \" alt=\"El due\u00f1o de Minimarket Luchito, ubicado en Calle Tocornal esquina Regidor Rodolfo Espinoza en Poblaci\u00f3n La Santita de San Felipe, ahora fue v\u00edctima de la delincuencia tras un asalto a plena luz del d\u00eda.\" src=\"https:\/\/i0.wp.com\/www.eltrabajo.cl\/portal\/wp-content\/uploads\/2014\/09\/ASALTO-1.jpg?resize=317%2C421\" width=\"317\" height=\"421\" srcset=\"https:\/\/i0.wp.com\/eltrabajo.cl\/portal\/wp-content\/uploads\/2014\/09\/ASALTO-1.jpg?w=529&amp;ssl=1 529w, https:\/\/i0.wp.com\/eltrabajo.cl\/portal\/wp-content\/uploads\/2014\/09\/ASALTO-1.jpg?resize=113%2C150&amp;ssl=1 113w, https:\/\/i0.wp.com\/eltrabajo.cl\/portal\/wp-content\/uploads\/2014\/09\/ASALTO-1.jpg?resize=226%2C300&amp;ssl=1 226w, https:\/\/i0.wp.com\/eltrabajo.cl\/portal\/wp-content\/uploads\/2014\/09\/ASALTO-1.jpg?resize=400%2C530&amp;ssl=1 400w\" sizes=\"auto, (max-width: 317px) 100vw, 317px\" \/><\/a><figcaption id=\"caption-attachment-51575\" class=\"wp-caption-text\">El due\u00f1o de Minimarket Luchito, ubicado en Calle Tocornal esquina Regidor Rodolfo Espinoza en Poblaci\u00f3n La Santita de San Felipe, ahora fue v\u00edctima de la delincuencia tras un asalto a plena luz del d\u00eda.<\/figcaption><\/figure>\n<p>Desde que se instal\u00f3 con su peque\u00f1o Minimarket Luchito en Calle Tocornal, Dar\u00edo Godoy nunca hab\u00eda sufrido un hecho delictual de extrema violencia, pero eso fue hasta la tarde del pasado mi\u00e9rcoles a eso de las 19:30 horas cuando dos sujetos a rostro cubierto ingresaron hasta el local premunidos de arma de fuego para golpearlo y quitarle el dinero recaudado. Seg\u00fan relata el comerciante a Diario El Trabajo, los sujetos ingresaron al local cuando no se encontraba ning\u00fan cliente en el interior y al abordarlo comenz\u00f3 un forcejeo con uno de los delincuentes que lo golpeaba en su cabeza aparentemente con el arma de fuego.<\/p>\n<p>Al mismo el tiempo, el segundo sujeto se fue directo a la caja recaudadora desde donde sustrajo la cantidad de $70.000, para luego escapar en direcci\u00f3n desconocida. Godoy result\u00f3 con una herida en su frente y tuvo que ir hasta el ba\u00f1o para lavarse luego que su cara estaba cubierta de sangre. Uno de sus vecinos concurri\u00f3 hasta el local y alert\u00f3 a Carabineros sobre lo ocurrido.<\/p>\n<p>\u201cNo me di cuenta cuando entraron porque estaba de espaldas y se viene una persona encima de m\u00ed por encima de la vitrina y se enfrenta conmigo y el segundo traspas\u00f3 la vitrina para sacar el dinero. Me defend\u00ed de los golpes que el sujeto me daba en la cabeza. Cuando comenz\u00f3 todo esto no me di cuenta, pero despu\u00e9s vi que uno me apunt\u00f3 con una pistola\u201d relata Dar\u00edo.<\/p>\n<figure id=\"attachment_51576\" aria-describedby=\"caption-attachment-51576\" style=\"width: 222px\" class=\"wp-caption alignright\"><a href=\"https:\/\/i0.wp.com\/www.eltrabajo.cl\/portal\/wp-content\/uploads\/2014\/09\/ASALTO-2.jpg\"><img data-recalc-dims=\"1\" loading=\"lazy\" decoding=\"async\" class=\" wp-image-51576  \" alt=\"Los delincuentes golpearon en la cabeza del comerciante para cometer el asalto y apoderarse de setenta mil pesos que manten\u00eda en la caja recaudadora. \" src=\"https:\/\/i0.wp.com\/www.eltrabajo.cl\/portal\/wp-content\/uploads\/2014\/09\/ASALTO-2.jpg?resize=222%2C320\" width=\"222\" height=\"320\" srcset=\"https:\/\/i0.wp.com\/eltrabajo.cl\/portal\/wp-content\/uploads\/2014\/09\/ASALTO-2.jpg?w=529&amp;ssl=1 529w, https:\/\/i0.wp.com\/eltrabajo.cl\/portal\/wp-content\/uploads\/2014\/09\/ASALTO-2.jpg?resize=104%2C150&amp;ssl=1 104w, https:\/\/i0.wp.com\/eltrabajo.cl\/portal\/wp-content\/uploads\/2014\/09\/ASALTO-2.jpg?resize=208%2C300&amp;ssl=1 208w, https:\/\/i0.wp.com\/eltrabajo.cl\/portal\/wp-content\/uploads\/2014\/09\/ASALTO-2.jpg?resize=400%2C575&amp;ssl=1 400w\" sizes=\"auto, (max-width: 222px) 100vw, 222px\" \/><\/a><figcaption id=\"caption-attachment-51576\" class=\"wp-caption-text\">Los delincuentes golpearon en la cabeza del comerciante para cometer el asalto y apoderarse de setenta mil pesos que manten\u00eda en la caja recaudadora.<\/figcaption><\/figure>\n<p>Desafortunadamente el local de este comerciante no cuenta con c\u00e1maras de seguridad, por lo que no existe ning\u00fan registro de lo ocurrido ni de los rostros de los delincuentes para ser capturados. Dar\u00edo se\u00f1ala que la llegada de Carabineros fue tard\u00eda, por lo que hace un llamado de atenci\u00f3n a este hecho del cual fue v\u00edctima con extrema violencia.<\/p>\n<p>\u201cLa respuesta fue lenta de Carabineros, porque un vecino los llam\u00f3 cuando yo estaba sangrando, demoraron como 20 minutos m\u00e1s o menos en llegar. Andaban con el rostro cubierto y en el forcejeo se les cay\u00f3 un gorro que se lo llev\u00f3 Carabineros, yo creo que eran sujetos j\u00f3venes. La delincuencia est\u00e1 bien sobrepasada por las polic\u00edas\u201d a\u00f1adi\u00f3 el comerciante. El afectado debi\u00f3 ser asistido en el Hospital San Camilo con la colocaci\u00f3n de puntos sobre la herida que qued\u00f3 plasmada en su frente, lo que evidencia el actuar de los antisociales al momento de cometer sus delitos.<\/p>\n<p>Pablo Salinas Sald\u00edas<\/p>\n<p>&nbsp;<\/p>\n","protected":false},"excerpt":{"rendered":"<p>Desde que se instal\u00f3 con su peque\u00f1o Minimarket Luchito en Calle Tocornal, Dar\u00edo Godoy nunca hab\u00eda sufrido un hecho delictual de extrema violencia, pero eso fue hasta la tarde del pasado mi\u00e9rcoles&#8230;<\/p>\n","protected":false},"author":482,"featured_media":51575,"comment_status":"open","ping_status":"closed","sticky":false,"template":"","format":"standard","meta":{"advanced_seo_description":"","jetpack_seo_html_title":"","jetpack_seo_noindex":false,"_jetpack_memberships_contains_paid_content":false,"footnotes":""},"categories":[21],"tags":[],"class_list":["post-51574","post","type-post","status-publish","format-standard","has-post-thumbnail","hentry","category-policial"],"jetpack_featured_media_url":"https:\/\/i0.wp.com\/eltrabajo.cl\/portal\/wp-content\/uploads\/2014\/09\/ASALTO-1.jpg?fit=529%2C701&ssl=1","jetpack_sharing_enabled":true,"jetpack_likes_enabled":true,"jetpack-related-posts":[],"_links":{"self":[{"href":"https:\/\/eltrabajo.cl\/portal\/wp-json\/wp\/v2\/posts\/51574","targetHints":{"allow":["GET"]}}],"collection":[{"href":"https:\/\/eltrabajo.cl\/portal\/wp-json\/wp\/v2\/posts"}],"about":[{"href":"https:\/\/eltrabajo.cl\/portal\/wp-json\/wp\/v2\/types\/post"}],"author":[{"embeddable":true,"href":"https:\/\/eltrabajo.cl\/portal\/wp-json\/wp\/v2\/users\/482"}],"replies":[{"embeddable":true,"href":"https:\/\/eltrabajo.cl\/portal\/wp-json\/wp\/v2\/comments?post=51574"}],"version-history":[{"count":0,"href":"https:\/\/eltrabajo.cl\/portal\/wp-json\/wp\/v2\/posts\/51574\/revisions"}],"wp:featuredmedia":[{"embeddable":true,"href":"https:\/\/eltrabajo.cl\/portal\/wp-json\/wp\/v2\/media\/51575"}],"wp:attachment":[{"href":"https:\/\/eltrabajo.cl\/portal\/wp-json\/wp\/v2\/media?parent=51574"}],"wp:term":[{"taxonomy":"category","embeddable":true,"href":"https:\/\/eltrabajo.cl\/portal\/wp-json\/wp\/v2\/categories?post=51574"},{"taxonomy":"post_tag","embeddable":true,"href":"https:\/\/eltrabajo.cl\/portal\/wp-json\/wp\/v2\/tags?post=51574"}],"curies":[{"name":"wp","href":"https:\/\/api.w.org\/{rel}","templated":true}]}}