{"id":51580,"date":"2014-09-26T09:39:04","date_gmt":"2014-09-26T12:39:04","guid":{"rendered":"http:\/\/www.eltrabajo.cl\/portal\/?p=51580"},"modified":"2014-09-26T09:39:04","modified_gmt":"2014-09-26T12:39:04","slug":"a-escopetazos-pablo-zorra-quiso-recuperar-a-su-polola","status":"publish","type":"post","link":"https:\/\/eltrabajo.cl\/portal\/a-escopetazos-pablo-zorra-quiso-recuperar-a-su-polola\/","title":{"rendered":"A escopetazos \u2018Pablo Zorra\u2019 quiso recuperar a su polola"},"content":{"rendered":"<figure id=\"attachment_51581\" aria-describedby=\"caption-attachment-51581\" style=\"width: 317px\" class=\"wp-caption alignleft\"><a href=\"https:\/\/i0.wp.com\/www.eltrabajo.cl\/portal\/wp-content\/uploads\/2014\/09\/escopeta1.jpg\"><img data-recalc-dims=\"1\" loading=\"lazy\" decoding=\"async\" class=\" wp-image-51581 \" alt=\"Con una escopeta como esta fue herida Carmen Gloria Silva Gonz\u00e1lez de 43 a\u00f1os de edad.  (Archivo)\" src=\"https:\/\/i0.wp.com\/www.eltrabajo.cl\/portal\/wp-content\/uploads\/2014\/09\/escopeta1.jpg?resize=317%2C241\" width=\"317\" height=\"241\" srcset=\"https:\/\/i0.wp.com\/eltrabajo.cl\/portal\/wp-content\/uploads\/2014\/09\/escopeta1.jpg?w=529&amp;ssl=1 529w, https:\/\/i0.wp.com\/eltrabajo.cl\/portal\/wp-content\/uploads\/2014\/09\/escopeta1.jpg?resize=197%2C150&amp;ssl=1 197w, https:\/\/i0.wp.com\/eltrabajo.cl\/portal\/wp-content\/uploads\/2014\/09\/escopeta1.jpg?resize=300%2C227&amp;ssl=1 300w, https:\/\/i0.wp.com\/eltrabajo.cl\/portal\/wp-content\/uploads\/2014\/09\/escopeta1.jpg?resize=150%2C113&amp;ssl=1 150w, https:\/\/i0.wp.com\/eltrabajo.cl\/portal\/wp-content\/uploads\/2014\/09\/escopeta1.jpg?resize=400%2C303&amp;ssl=1 400w\" sizes=\"auto, (max-width: 317px) 100vw, 317px\" \/><\/a><figcaption id=\"caption-attachment-51581\" class=\"wp-caption-text\">Con una escopeta como esta fue herida Carmen Gloria Silva Gonz\u00e1lez de 43 a\u00f1os de edad. (Archivo)<\/figcaption><\/figure>\n<p>Un intenso despliegue policial se desarrolla tras la captura de un peligroso antisocial identificado como Juan Pablo Caballero Llanca, conocido en el mundo del hampa como \u2018Pablo Zorra\u2019, acusado de ser el autor de dos disparos de perdigones que hirieron a la madre de su ex-pareja y el abuelo de \u00e9sta en Poblaci\u00f3n La Santita de San Felipe.<\/p>\n<figure id=\"attachment_51582\" aria-describedby=\"caption-attachment-51582\" style=\"width: 317px\" class=\"wp-caption alignright\"><a href=\"https:\/\/i0.wp.com\/www.eltrabajo.cl\/portal\/wp-content\/uploads\/2014\/09\/Perdigones1.jpg\"><img data-recalc-dims=\"1\" loading=\"lazy\" decoding=\"async\" class=\" wp-image-51582 \" alt=\"Estos son perdigones similares a los que se usaron en este violento ataque contra la mujer y su padre.\" src=\"https:\/\/i0.wp.com\/www.eltrabajo.cl\/portal\/wp-content\/uploads\/2014\/09\/Perdigones1.jpg?resize=317%2C182\" width=\"317\" height=\"182\" srcset=\"https:\/\/i0.wp.com\/eltrabajo.cl\/portal\/wp-content\/uploads\/2014\/09\/Perdigones1.jpg?w=529&amp;ssl=1 529w, https:\/\/i0.wp.com\/eltrabajo.cl\/portal\/wp-content\/uploads\/2014\/09\/Perdigones1.jpg?resize=200%2C114&amp;ssl=1 200w, https:\/\/i0.wp.com\/eltrabajo.cl\/portal\/wp-content\/uploads\/2014\/09\/Perdigones1.jpg?resize=300%2C172&amp;ssl=1 300w, https:\/\/i0.wp.com\/eltrabajo.cl\/portal\/wp-content\/uploads\/2014\/09\/Perdigones1.jpg?resize=150%2C86&amp;ssl=1 150w, https:\/\/i0.wp.com\/eltrabajo.cl\/portal\/wp-content\/uploads\/2014\/09\/Perdigones1.jpg?resize=400%2C229&amp;ssl=1 400w\" sizes=\"auto, (max-width: 317px) 100vw, 317px\" \/><\/a><figcaption id=\"caption-attachment-51582\" class=\"wp-caption-text\">Estos son perdigones similares a los que se usaron en este violento ataque contra la mujer y su padre.<\/figcaption><\/figure>\n<p>Los primeros informes preliminares de este confuso incidente, indican que el requerido sostuvo una discusi\u00f3n con la mujer identificada como Carmen G.S.G., de 43 a\u00f1os de edad, quien es madre de una adolescente de 17 a\u00f1os con quien el acusado mantuvo una relaci\u00f3n sentimental, existiendo una orden de alejamiento en su contra tras ser denunciado por la familia de la menor que se opon\u00eda a ese romance que se inici\u00f3 en Poblaci\u00f3n Pedro Aguirre Cerda, en San Felipe, lugar donde residen la muchacha y el imputado.<\/p>\n<p><strong>CON ESCOPETA<\/strong><\/p>\n<p>Fue a eso de las 13:30 horas cuando Carmen se encontraba en el inmueble de su padre en Poblaci\u00f3n La Santita, circunstancia en la cual hasta el lugar concurri\u00f3 Juan Pablo Caballero premunido de una escopeta, insistiendo en que saliera la que era su suegra, la cual al enfrentarlo sostuvieron una acalorada discusi\u00f3n debido a la terminante oposici\u00f3n a la relaci\u00f3n con su hija menor de edad.<\/p>\n<p>Tras la est\u00e9ril insistencia del imputado, \u00e9ste habr\u00eda sacado su arma de fuego y apunt\u00f3 directamente a Carmen disparando contra su abdomen.<\/p>\n<p>A los pocos segundos apunt\u00f3 contra el padre de Carmen, Julio S.S. de 71 a\u00f1os de edad, quien recibi\u00f3 un perdig\u00f3n que le provoc\u00f3 una herida de consideraci\u00f3n en uno de sus tendones del codo, luego de lo cual el sujeto escap\u00f3 del lugar de los hechos en direcci\u00f3n desconocida.<\/p>\n<p>Tras los disparos, los vecinos conmocionados por lo ocurrido llamaron al personal del Samu que concurrieron para asistir a los heridos. Carmen fue ingresada de urgencias a pabell\u00f3n para ser intervenida quir\u00fargicamente en el Hospital San Camilo de San Felipe.<\/p>\n<p>En tanto, Julio S.S. debi\u00f3 ser trasladado hasta la unidad de traumatolog\u00eda del Hospital San Juan de Dios de Los Andes, ya fuera de peligro afortunadamente.<\/p>\n<p>Paralelamente personal de Carabineros despleg\u00f3 patrullajes por distintos puntos de San Felipe para intentar lograr la detenci\u00f3n del \u2018Pablo Zorra\u2019, un peligroso delincuente con un amplio prontuario policial que hasta hace dos a\u00f1os cumpl\u00eda condenas en la c\u00e1rcel por diversos delitos.<\/p>\n<p>Vecinos del sector manifestaron conocer a este sujeto, al cual tem\u00edan por su condici\u00f3n delictual y de la relaci\u00f3n que manten\u00eda con la muchacha hace alg\u00fan tiempo.<\/p>\n<p>Por disposici\u00f3n de la Fiscal\u00eda de San Felipe, el caso qued\u00f3 en manos de la Brigada de Homicidios de la Polic\u00eda de Investigaciones para la captura del sospechoso en conjunto con Carabineros.<\/p>\n<p>Hasta el cierre de esta edici\u00f3n se desplegaban patrullajes por el sector de La Troya, incluso en la comuna de Putaendo, donde se manten\u00eda informaci\u00f3n que podr\u00eda estar oculto.<\/p>\n<p>Asimismo no se oficializ\u00f3 por parte de las autoridades policiales, una declaraci\u00f3n a los medios de prensa sobre las diligencias desplegadas y del confuso m\u00f3vil del caso.<\/p>\n<p>Las \u00faltimas informaciones se\u00f1alan que Carmen, tras ser intervenida por los m\u00e9dicos, fue derivada hasta la Unidad de Cirug\u00eda del Hospital San Camilo, donde se encuentra estable dentro de su gravedad.<\/p>\n<p>Pablo Salinas Sald\u00edas<\/p>\n","protected":false},"excerpt":{"rendered":"<p>Un intenso despliegue policial se desarrolla tras la captura de un peligroso antisocial identificado como Juan Pablo Caballero Llanca, conocido en el mundo del hampa como \u2018Pablo Zorra\u2019, acusado de ser el&#8230;<\/p>\n","protected":false},"author":482,"featured_media":51581,"comment_status":"open","ping_status":"closed","sticky":false,"template":"","format":"standard","meta":{"advanced_seo_description":"","jetpack_seo_html_title":"","jetpack_seo_noindex":false,"_jetpack_memberships_contains_paid_content":false,"footnotes":""},"categories":[21],"tags":[],"class_list":["post-51580","post","type-post","status-publish","format-standard","has-post-thumbnail","hentry","category-policial"],"jetpack_featured_media_url":"https:\/\/i0.wp.com\/eltrabajo.cl\/portal\/wp-content\/uploads\/2014\/09\/escopeta1.jpg?fit=529%2C401&ssl=1","jetpack_sharing_enabled":true,"jetpack_likes_enabled":true,"jetpack-related-posts":[],"_links":{"self":[{"href":"https:\/\/eltrabajo.cl\/portal\/wp-json\/wp\/v2\/posts\/51580","targetHints":{"allow":["GET"]}}],"collection":[{"href":"https:\/\/eltrabajo.cl\/portal\/wp-json\/wp\/v2\/posts"}],"about":[{"href":"https:\/\/eltrabajo.cl\/portal\/wp-json\/wp\/v2\/types\/post"}],"author":[{"embeddable":true,"href":"https:\/\/eltrabajo.cl\/portal\/wp-json\/wp\/v2\/users\/482"}],"replies":[{"embeddable":true,"href":"https:\/\/eltrabajo.cl\/portal\/wp-json\/wp\/v2\/comments?post=51580"}],"version-history":[{"count":0,"href":"https:\/\/eltrabajo.cl\/portal\/wp-json\/wp\/v2\/posts\/51580\/revisions"}],"wp:featuredmedia":[{"embeddable":true,"href":"https:\/\/eltrabajo.cl\/portal\/wp-json\/wp\/v2\/media\/51581"}],"wp:attachment":[{"href":"https:\/\/eltrabajo.cl\/portal\/wp-json\/wp\/v2\/media?parent=51580"}],"wp:term":[{"taxonomy":"category","embeddable":true,"href":"https:\/\/eltrabajo.cl\/portal\/wp-json\/wp\/v2\/categories?post=51580"},{"taxonomy":"post_tag","embeddable":true,"href":"https:\/\/eltrabajo.cl\/portal\/wp-json\/wp\/v2\/tags?post=51580"}],"curies":[{"name":"wp","href":"https:\/\/api.w.org\/{rel}","templated":true}]}}