{"id":51592,"date":"2014-09-29T12:37:03","date_gmt":"2014-09-29T15:37:03","guid":{"rendered":"http:\/\/www.eltrabajo.cl\/portal\/?p=51592"},"modified":"2014-09-29T12:37:04","modified_gmt":"2014-09-29T15:37:04","slug":"bicitour-recorrio-distintos-sectores-icono-de-la-salud-en-san-felipe","status":"publish","type":"post","link":"https:\/\/eltrabajo.cl\/portal\/bicitour-recorrio-distintos-sectores-icono-de-la-salud-en-san-felipe\/","title":{"rendered":"Bicitour recorri\u00f3 distintos sectores \u00edcono de la Salud en San Felipe"},"content":{"rendered":"<figure id=\"attachment_51593\" aria-describedby=\"caption-attachment-51593\" style=\"width: 317px\" class=\"wp-caption alignleft\"><a href=\"https:\/\/i0.wp.com\/www.eltrabajo.cl\/portal\/wp-content\/uploads\/2014\/09\/Sara-Olguin.jpg\"><img data-recalc-dims=\"1\" loading=\"lazy\" decoding=\"async\" class=\" wp-image-51593 \" alt=\"La yerbatera y connotada folclorista, Sara Olgu\u00edn, quien adem\u00e1s escribe poes\u00eda, convers\u00f3 con los paarticipantes sobre recetas ancestrales basadas en hierbas.\" src=\"https:\/\/i0.wp.com\/www.eltrabajo.cl\/portal\/wp-content\/uploads\/2014\/09\/Sara-Olguin.jpg?resize=317%2C183\" width=\"317\" height=\"183\" srcset=\"https:\/\/i0.wp.com\/eltrabajo.cl\/portal\/wp-content\/uploads\/2014\/09\/Sara-Olguin.jpg?w=529&amp;ssl=1 529w, https:\/\/i0.wp.com\/eltrabajo.cl\/portal\/wp-content\/uploads\/2014\/09\/Sara-Olguin.jpg?resize=200%2C115&amp;ssl=1 200w, https:\/\/i0.wp.com\/eltrabajo.cl\/portal\/wp-content\/uploads\/2014\/09\/Sara-Olguin.jpg?resize=300%2C172&amp;ssl=1 300w, https:\/\/i0.wp.com\/eltrabajo.cl\/portal\/wp-content\/uploads\/2014\/09\/Sara-Olguin.jpg?resize=150%2C86&amp;ssl=1 150w, https:\/\/i0.wp.com\/eltrabajo.cl\/portal\/wp-content\/uploads\/2014\/09\/Sara-Olguin.jpg?resize=400%2C230&amp;ssl=1 400w\" sizes=\"auto, (max-width: 317px) 100vw, 317px\" \/><\/a><figcaption id=\"caption-attachment-51593\" class=\"wp-caption-text\">La yerbatera y connotada folclorista, Sara Olgu\u00edn, quien adem\u00e1s escribe poes\u00eda, convers\u00f3 con los paarticipantes sobre recetas ancestrales basadas en hierbas.<\/figcaption><\/figure>\n<p>Una veintena de personas lleg\u00f3 la ma\u00f1ana del s\u00e1bado al Bicitour de la Salud, que organizaron la Escuela de Medicina de la Universidad de Valpara\u00edso campus San Felipe, junto al Departamento de Cultura de la corporaci\u00f3n edilicia local. La actividad, que buscaba relevar los sectores \u00edconos del \u00e1mbito de la salud en la comuna, permiti\u00f3 conocer tambi\u00e9n estos recintos, donde estaba incluido como punto de llegada la Facultad de Medicina emplazada en el sector de La Troya.<\/p>\n<p>El coordinador del \u00e1rea de patrimonio del Departamento de Cultura, Manuel Z\u00fa\u00f1iga, se\u00f1al\u00f3 que la iniciativa parti\u00f3 en Alameda Chacabuco, donde la yerbatera Sara Olgu\u00edn, quien adem\u00e1s escribe poes\u00eda, convers\u00f3 con los participantes sobre recetas ancestrales basadas en hierbas.<\/p>\n<p>Con posterioridad, los asistentes se dirigieron a Restaurante Raconto, con la finalidad de recordar que fue en ese lugar donde anta\u00f1o funcion\u00f3 Botica Alemana, donde se entregaron antecedentes sobre los antiguos boticarios de la comuna. Una vez que finaliz\u00f3 esa visita, los asistentes se dirigieron al Cesfam San Felipe El Real, donde alguna vez funcion\u00f3 el otrora hospital, relevando por supuesto la labor del Doctor Luis Gajardo Guerrero.<\/p>\n<p>Luego de esa visita, los participantes de este bicitour se dirigieron al Campus San Felipe de la UV, donde pudieron conocer las dependencias y laboratorios que utilizan los estudiantes para su proceso formativo. La actividad finaliz\u00f3 con una clase de yoga que permiti\u00f3 a los ciclistas relajarse despu\u00e9s de tanto pedaleo.<\/p>\n<p>Para el pr\u00f3ximo 18 de octubre, est\u00e1 contemplado un nuevo bicitour, donde se considera visitar la Escuela Agr\u00edcola de San Felipe, oportunidad en la que seguir\u00e1 el trabajo en alianza con las casas de estudios, ya que esta vez recibir\u00e1n el respaldo de la Universidad de Aconcagua, a trav\u00e9s de la carrera de kinesiolog\u00eda.<\/p>\n<div class=\"tiled-gallery type-rectangular tiled-gallery-unresized\" data-original-width=\"640\" data-carousel-extra='null' itemscope itemtype=\"http:\/\/schema.org\/ImageGallery\" > <div class=\"gallery-row\" style=\"width: 640px; height: 199px;\" data-original-width=\"640\" data-original-height=\"199\" > <div class=\"gallery-group images-1\" style=\"width: 342px; height: 199px;\" data-original-width=\"342\" data-original-height=\"199\" > <div class=\"tiled-gallery-item tiled-gallery-item-large\" itemprop=\"associatedMedia\" itemscope itemtype=\"http:\/\/schema.org\/ImageObject\"> <a href=\"https:\/\/eltrabajo.cl\/portal\/bicitour-recorrio-distintos-sectores-icono-de-la-salud-en-san-felipe\/bici-5\/\" border=\"0\" itemprop=\"url\"> <meta itemprop=\"width\" content=\"338\"> <meta itemprop=\"height\" content=\"195\"> <img decoding=\"async\" class=\"\" data-attachment-id=\"51594\" data-orig-file=\"https:\/\/eltrabajo.cl\/portal\/wp-content\/uploads\/2014\/09\/bici-5.jpg\" data-orig-size=\"529,305\" data-comments-opened=\"1\" data-image-meta=\"{&quot;aperture&quot;:&quot;0&quot;,&quot;credit&quot;:&quot;&quot;,&quot;camera&quot;:&quot;&quot;,&quot;caption&quot;:&quot;&quot;,&quot;created_timestamp&quot;:&quot;0&quot;,&quot;copyright&quot;:&quot;&quot;,&quot;focal_length&quot;:&quot;0&quot;,&quot;iso&quot;:&quot;0&quot;,&quot;shutter_speed&quot;:&quot;0&quot;,&quot;title&quot;:&quot;&quot;}\" data-image-title=\"bici 5\" data-image-description=\"&lt;p&gt;Para el pr\u00f3ximo 18 de octubre, est\u00e1 contemplado un nuevo bicitour, donde se considera visitar la Escuela Agr\u00edcola de San Felipe.&lt;\/p&gt; \" data-medium-file=\"https:\/\/i0.wp.com\/eltrabajo.cl\/portal\/wp-content\/uploads\/2014\/09\/bici-5.jpg?fit=300%2C172&#038;ssl=1\" data-large-file=\"https:\/\/i0.wp.com\/eltrabajo.cl\/portal\/wp-content\/uploads\/2014\/09\/bici-5.jpg?fit=529%2C305&#038;ssl=1\" src=\"https:\/\/i0.wp.com\/eltrabajo.cl\/portal\/wp-content\/uploads\/2014\/09\/bici-5.jpg?w=338&#038;h=195&#038;ssl=1\" srcset=\"https:\/\/i0.wp.com\/eltrabajo.cl\/portal\/wp-content\/uploads\/2014\/09\/bici-5.jpg?w=529&amp;ssl=1 529w, https:\/\/i0.wp.com\/eltrabajo.cl\/portal\/wp-content\/uploads\/2014\/09\/bici-5.jpg?resize=200%2C115&amp;ssl=1 200w, https:\/\/i0.wp.com\/eltrabajo.cl\/portal\/wp-content\/uploads\/2014\/09\/bici-5.jpg?resize=300%2C172&amp;ssl=1 300w, https:\/\/i0.wp.com\/eltrabajo.cl\/portal\/wp-content\/uploads\/2014\/09\/bici-5.jpg?resize=150%2C86&amp;ssl=1 150w, https:\/\/i0.wp.com\/eltrabajo.cl\/portal\/wp-content\/uploads\/2014\/09\/bici-5.jpg?resize=400%2C230&amp;ssl=1 400w\" width=\"338\" height=\"195\" loading=\"lazy\" data-original-width=\"338\" data-original-height=\"195\" itemprop=\"http:\/\/schema.org\/image\" title=\"bici 5\" alt=\"Para el pr\u00f3ximo 18 de octubre, est\u00e1 contemplado un nuevo bicitour, donde se considera visitar la Escuela Agr\u00edcola de San Felipe.\" style=\"width: 338px; height: 195px;\" \/> <\/a> <div class=\"tiled-gallery-caption\" itemprop=\"caption description\"> Para el pr\u00f3ximo 18 de octubre, est\u00e1 contemplado un nuevo bicitour, donde se considera visitar la Escuela Agr\u00edcola de San Felipe. <\/div> <\/div> <\/div> <!-- close group --> <div class=\"gallery-group images-1\" style=\"width: 298px; height: 199px;\" data-original-width=\"298\" data-original-height=\"199\" > <div class=\"tiled-gallery-item tiled-gallery-item-large\" itemprop=\"associatedMedia\" itemscope itemtype=\"http:\/\/schema.org\/ImageObject\"> <a href=\"https:\/\/eltrabajo.cl\/portal\/bicitour-recorrio-distintos-sectores-icono-de-la-salud-en-san-felipe\/bici-6\/\" border=\"0\" itemprop=\"url\"> <meta itemprop=\"width\" content=\"294\"> <meta itemprop=\"height\" content=\"195\"> <img decoding=\"async\" class=\"\" data-attachment-id=\"51595\" data-orig-file=\"https:\/\/eltrabajo.cl\/portal\/wp-content\/uploads\/2014\/09\/bici-6.jpg\" data-orig-size=\"528,351\" data-comments-opened=\"1\" data-image-meta=\"{&quot;aperture&quot;:&quot;0&quot;,&quot;credit&quot;:&quot;&quot;,&quot;camera&quot;:&quot;&quot;,&quot;caption&quot;:&quot;&quot;,&quot;created_timestamp&quot;:&quot;0&quot;,&quot;copyright&quot;:&quot;&quot;,&quot;focal_length&quot;:&quot;0&quot;,&quot;iso&quot;:&quot;0&quot;,&quot;shutter_speed&quot;:&quot;0&quot;,&quot;title&quot;:&quot;&quot;}\" data-image-title=\"bici 6\" data-image-description=\"&lt;p&gt;La actividad fue organizada por el Departamento de Cultura de la Municipalidad de San Felipe y la Escuela de Medicina de la Universidad de Valpara\u00edso.&lt;\/p&gt; \" data-medium-file=\"https:\/\/i0.wp.com\/eltrabajo.cl\/portal\/wp-content\/uploads\/2014\/09\/bici-6.jpg?fit=300%2C199&#038;ssl=1\" data-large-file=\"https:\/\/i0.wp.com\/eltrabajo.cl\/portal\/wp-content\/uploads\/2014\/09\/bici-6.jpg?fit=528%2C351&#038;ssl=1\" src=\"https:\/\/i0.wp.com\/eltrabajo.cl\/portal\/wp-content\/uploads\/2014\/09\/bici-6.jpg?w=294&#038;h=195&#038;ssl=1\" srcset=\"https:\/\/i0.wp.com\/eltrabajo.cl\/portal\/wp-content\/uploads\/2014\/09\/bici-6.jpg?w=528&amp;ssl=1 528w, https:\/\/i0.wp.com\/eltrabajo.cl\/portal\/wp-content\/uploads\/2014\/09\/bici-6.jpg?resize=200%2C132&amp;ssl=1 200w, https:\/\/i0.wp.com\/eltrabajo.cl\/portal\/wp-content\/uploads\/2014\/09\/bici-6.jpg?resize=300%2C199&amp;ssl=1 300w, https:\/\/i0.wp.com\/eltrabajo.cl\/portal\/wp-content\/uploads\/2014\/09\/bici-6.jpg?resize=150%2C99&amp;ssl=1 150w, https:\/\/i0.wp.com\/eltrabajo.cl\/portal\/wp-content\/uploads\/2014\/09\/bici-6.jpg?resize=400%2C265&amp;ssl=1 400w\" width=\"294\" height=\"195\" loading=\"lazy\" data-original-width=\"294\" data-original-height=\"195\" itemprop=\"http:\/\/schema.org\/image\" title=\"bici 6\" alt=\"La actividad fue organizada por el Departamento de Cultura de la Municipalidad de San Felipe y la Escuela de Medicina de la Universidad de Valpara\u00edso.\" style=\"width: 294px; height: 195px;\" \/> <\/a> <div class=\"tiled-gallery-caption\" itemprop=\"caption description\"> La actividad fue organizada por el Departamento de Cultura de la Municipalidad de San Felipe y la Escuela de Medicina de la Universidad de Valpara\u00edso. <\/div> <\/div> <\/div> <!-- close group --> <\/div> <!-- close row --> <\/div>\n","protected":false},"excerpt":{"rendered":"<p>Una veintena de personas lleg\u00f3 la ma\u00f1ana del s\u00e1bado al Bicitour de la Salud, que organizaron la Escuela de Medicina de la Universidad de Valpara\u00edso campus San Felipe, junto al Departamento de&#8230;<\/p>\n","protected":false},"author":482,"featured_media":51593,"comment_status":"open","ping_status":"closed","sticky":false,"template":"","format":"standard","meta":{"advanced_seo_description":"","jetpack_seo_html_title":"","jetpack_seo_noindex":false,"_jetpack_memberships_contains_paid_content":false,"footnotes":""},"categories":[15],"tags":[],"class_list":["post-51592","post","type-post","status-publish","format-standard","has-post-thumbnail","hentry","category-comunidad"],"jetpack_featured_media_url":"https:\/\/i0.wp.com\/eltrabajo.cl\/portal\/wp-content\/uploads\/2014\/09\/Sara-Olguin.jpg?fit=529%2C305&ssl=1","jetpack_sharing_enabled":true,"jetpack_likes_enabled":true,"jetpack-related-posts":[],"_links":{"self":[{"href":"https:\/\/eltrabajo.cl\/portal\/wp-json\/wp\/v2\/posts\/51592","targetHints":{"allow":["GET"]}}],"collection":[{"href":"https:\/\/eltrabajo.cl\/portal\/wp-json\/wp\/v2\/posts"}],"about":[{"href":"https:\/\/eltrabajo.cl\/portal\/wp-json\/wp\/v2\/types\/post"}],"author":[{"embeddable":true,"href":"https:\/\/eltrabajo.cl\/portal\/wp-json\/wp\/v2\/users\/482"}],"replies":[{"embeddable":true,"href":"https:\/\/eltrabajo.cl\/portal\/wp-json\/wp\/v2\/comments?post=51592"}],"version-history":[{"count":0,"href":"https:\/\/eltrabajo.cl\/portal\/wp-json\/wp\/v2\/posts\/51592\/revisions"}],"wp:featuredmedia":[{"embeddable":true,"href":"https:\/\/eltrabajo.cl\/portal\/wp-json\/wp\/v2\/media\/51593"}],"wp:attachment":[{"href":"https:\/\/eltrabajo.cl\/portal\/wp-json\/wp\/v2\/media?parent=51592"}],"wp:term":[{"taxonomy":"category","embeddable":true,"href":"https:\/\/eltrabajo.cl\/portal\/wp-json\/wp\/v2\/categories?post=51592"},{"taxonomy":"post_tag","embeddable":true,"href":"https:\/\/eltrabajo.cl\/portal\/wp-json\/wp\/v2\/tags?post=51592"}],"curies":[{"name":"wp","href":"https:\/\/api.w.org\/{rel}","templated":true}]}}