{"id":51599,"date":"2014-09-29T12:42:04","date_gmt":"2014-09-29T15:42:04","guid":{"rendered":"http:\/\/www.eltrabajo.cl\/portal\/?p=51599"},"modified":"2014-09-29T12:42:04","modified_gmt":"2014-09-29T15:42:04","slug":"cientos-de-putaendinos-despidieron-a-miguel-pollito-urzua","status":"publish","type":"post","link":"https:\/\/eltrabajo.cl\/portal\/cientos-de-putaendinos-despidieron-a-miguel-pollito-urzua\/","title":{"rendered":"Cientos de putaendinos despidieron a Miguel \u2018Pollito\u2019 Urz\u00faa"},"content":{"rendered":"<figure id=\"attachment_51600\" aria-describedby=\"caption-attachment-51600\" style=\"width: 317px\" class=\"wp-caption alignleft\"><a href=\"https:\/\/i0.wp.com\/www.eltrabajo.cl\/portal\/wp-content\/uploads\/2014\/09\/Pollito11.jpg\"><img data-recalc-dims=\"1\" loading=\"lazy\" decoding=\"async\" class=\" wp-image-51600 \" alt=\"Miguel \u2018Pollito\u2019 Urz\u00faa Urz\u00faa, falleci\u00f3 este fin de semana.\" src=\"https:\/\/i0.wp.com\/www.eltrabajo.cl\/portal\/wp-content\/uploads\/2014\/09\/Pollito11.jpg?resize=317%2C265\" width=\"317\" height=\"265\" srcset=\"https:\/\/i0.wp.com\/eltrabajo.cl\/portal\/wp-content\/uploads\/2014\/09\/Pollito11.jpg?w=529&amp;ssl=1 529w, https:\/\/i0.wp.com\/eltrabajo.cl\/portal\/wp-content\/uploads\/2014\/09\/Pollito11.jpg?resize=179%2C150&amp;ssl=1 179w, https:\/\/i0.wp.com\/eltrabajo.cl\/portal\/wp-content\/uploads\/2014\/09\/Pollito11.jpg?resize=300%2C250&amp;ssl=1 300w, https:\/\/i0.wp.com\/eltrabajo.cl\/portal\/wp-content\/uploads\/2014\/09\/Pollito11.jpg?resize=150%2C125&amp;ssl=1 150w, https:\/\/i0.wp.com\/eltrabajo.cl\/portal\/wp-content\/uploads\/2014\/09\/Pollito11.jpg?resize=400%2C334&amp;ssl=1 400w\" sizes=\"auto, (max-width: 317px) 100vw, 317px\" \/><\/a><figcaption id=\"caption-attachment-51600\" class=\"wp-caption-text\">Miguel \u2018Pollito\u2019 Urz\u00faa Urz\u00faa, falleci\u00f3 este fin de semana.<\/figcaption><\/figure>\n<p><strong>PUTAENDO.<\/strong>&#8211; En horas de la madrugada de este s\u00e1bado en la Unidad de Medicina del Hospital San Camilo y producto de su grave estado de salud, falleci\u00f3 Miguel Urz\u00faa Urz\u00faa, quien fue ampliamente fue conocido y querido en Putaendo como \u2018Pollito\u2019. Tal como lo informamos d\u00edas atr\u00e1s, su estado de salud era cr\u00edtico y por ello la encargada del Hogar Los Ciruelos, Rosa Vega, pidi\u00f3 a la comunidad orar por la salud de Miguel, aunque tambi\u00e9n reconoci\u00f3 que la gravedad de su enfermedad hac\u00eda presumir un triste desenlace.<\/p>\n<p><strong>\u00a0\u00bfQUI\u00c9N ERA\u00a0\u2018POLLITO\u2019?<\/strong><\/p>\n<p>La noticia ha impactado a sus compa\u00f1eros de hogar, de manera especial a la Sra. Rosa, al Terapeuta Eugenio Cabezas, quien por a\u00f1os y al igual que muchos funcionarios del hospital psiqui\u00e1trico, conocieron en profundidad la historia de \u2018Pollito\u2019 y por supuesto, tambi\u00e9n ha calado hondo en toda la comunidad de Putaendo, que estaba muy pendiente de la salud de Miguel.<\/p>\n<p>Miguel naci\u00f3 en alg\u00fan lugar, presumiblemente en Santiago y sabe Dios por qu\u00e9 su inteligencia no alcanz\u00f3 para alcanzar los niveles deseados para ser considerado \u2018normal\u2019. Tampoco se sabe la causa que determin\u00f3 que \u00e9l se criara en centros de alienaci\u00f3n (en palabras simples, Hospicio de Santiago, El Peral y Hospital Phillipe Pinel).<\/p>\n<p>A\u00fan se pueden encontrar algunos de sus compa\u00f1eros de desgracia, quienes hicieron el mismo camino, y por supuesto, con sus mismos antecedentes. Sin embargo, Miguel fue distinto, quiz\u00e1s la respuesta es tan simple como que aunque tengamos un genoma com\u00fan, cada universo en s\u00ed mismo particular y diferente; no olvidemos el tema de las oportunidades y la distribuci\u00f3n de los recursos que siempre nos nombran los expertos. Miguel se atrevi\u00f3 a salir de los muros y se hizo lugar en el paisaje de nuestra comuna y muchos, sin saber c\u00f3mo, aprendieron a quererlo e incluso a defenderlo del apelativo de \u2018loco\u2019.<\/p>\n<p>Si nos sirve de ejemplo, Miguel fue capaz de romper sus cadenas, cambiar su destino y ganarse el espacio que \u00e9l crey\u00f3, era suficiente para ser feliz. Miguel le dio un sentido a su vida a base de voluntad, perseverancia y el cari\u00f1o de la gente, que quiso brindarle una oportunidad. (Rese\u00f1a de Eugenio Cabezas).<\/p>\n<p>La comuna de Putaendo, que por cierto lo reconoci\u00f3 como \u2018Tesoro Viviente de Putaendo\u2019, hoy ve partir a uno de sus personajes m\u00e1s representativos, quien por cierto, se gan\u00f3 el cari\u00f1o de toda la comunidad.<\/p>\n<p><strong>GRAN DESPEDIDA<\/strong><\/p>\n<p>Fue por todo lo anterior y mucho m\u00e1s, que una multitudinaria despedida brind\u00f3 la comunidad de Putaendo al distinguido ciudadano Miguel \u2018Pollito\u2019 Urz\u00faa,<\/p>\n<p>a eso de las 09:30 horas de este domingo, el cortejo f\u00fanebre sali\u00f3 desde el Hogar Los Ciruelos, ubicado en Calle Jos\u00e9 Antonio Salinas y cientos de personas se dirigieron a pie hasta el templo parroquial, recordando de alguna manera el trayecto que a diario realizaba \u2018Pollito\u2019, desde su hogar hasta la plaza de Putaendo.<\/p>\n<p>El templo parroquial se replet\u00f3 de vecinos en una hermosa eucarist\u00eda, misma que fue realizada por el Cura Pedro Salinas, acompa\u00f1ado del coro de la Parroquia de Putaendo. Tanto en el templo como en el cementerio fue posible divisar autoridades como el Alcalde Guillermo Reyes; el Concejal Carlos Gallardo; parte del equipo directivo del hospital psiqui\u00e1trico, presidido por su Directora Jeannette De La Barrera; la Dra. Iris Bosier; usuarios del Philippe Pinel y vecinos provenientes de distintos sectores de la comuna.<\/p>\n<p>Al finalizar la eucarist\u00eda, la Sra. Rosa Vega, encargada de Hogar Los Ciruelos, en sentidas palabras despidi\u00f3 a quien consider\u00f3 su hijo, y agradeci\u00f3 a todos quienes estuvieron preocupados de la salud de \u2018Pollito\u2019 y a todos quienes le acompa\u00f1aron en su \u00faltimo adi\u00f3s.<\/p>\n<p><strong>\u00a0LOS FUNERALES<\/strong><\/p>\n<p>El cortejo hacia el Cementerio Parroquial era interminable, al igual que muchos otros funerales de conocidas personas que han fallecido en Putaendo. En el camposanto Omar Pantoja, Presidente de la Asociaci\u00f3n de Usuarios de los Hogares Protegidos y en nombre de todos los usuarios del Philipe Pinel, despidi\u00f3 a \u2018Pollito\u2019, destacando en breves palabras su sacrificada vida y el ejemplo que signific\u00f3 para todos los usuarios del hospital psiqui\u00e1trico, pues gracias a su ejemplo muchas personas nunca m\u00e1s ocuparon el t\u00e9rmino tan despectivo de \u2018loco\u2019.<\/p>\n<p>En tanto, el Terapeuta ocupacional Eugenio Cabezas, quien manten\u00eda un v\u00ednculo especial con Miguel, record\u00f3 c\u00f3mo lo conoci\u00f3 y visiblemente emocionado, dijo que la presencia de tantas personas en Putaendo y el cari\u00f1o hacia Miguel da cuenta que hoy se despide a un ciudadano de la comuna y no a un paciente del Psiqui\u00e1trico, se\u00f1alando que las personas que padecen enfermedades mentales injustamente permanecen encerradas, pues nunca le han hecho da\u00f1o a nadie y que la historia y el ejemplo de Miguel, grafica como la psiquiatr\u00eda comunitaria ha sido posible desde el hospital psiqui\u00e1trico, y claramente Miguel fue un ejemplo, porque tuvo una inclusi\u00f3n con la comunidad que se reflej\u00f3 en el cari\u00f1o y en las cientos de personas que fueron a despedirlo.<\/p>\n<p>El Alcalde Guillermo Reyes destac\u00f3 como gracias al trabajo del hospital psiqui\u00e1trico, \u2018Pollito\u2019 se gan\u00f3 un espacio en la comuna y coincidi\u00f3 en que es un ejemplo de la psiquiatr\u00eda comunitaria y de la inclusi\u00f3n y tambi\u00e9n record\u00f3 la profunda responsabilidad republicana de \u2018Pollito\u2019, quien siempre con mucho respeto aplaudi\u00f3 y apoy\u00f3 en su forma tan especial a los distintos alcaldes que ha tenido la comuna.<\/p>\n<p>Sin lugar a dudas, las cientos de personas que se levantaron muy temprano este domingo para despedir a Miguel \u2018Pollito\u2019 Urz\u00faa, dan muestras del tremendo cari\u00f1o que la comunidad tiene hacia el hospital psiqui\u00e1trico, y como la reinserci\u00f3n y la psiquiatr\u00eda comunitaria son mucho m\u00e1s que una palabra, han sido y son una realidad que en el caso de Miguel no pas\u00f3 inadvertido en una persona que simplemente fue diferente pero \u00edntegramente un verdadero ciudadano de la comuna de Putaendo.<\/p>\n<p>Patricio Gallardo M.<\/p>\n<div class=\"tiled-gallery type-rectangular tiled-gallery-unresized\" data-original-width=\"640\" data-carousel-extra='null' itemscope itemtype=\"http:\/\/schema.org\/ImageGallery\" > <div class=\"gallery-row\" style=\"width: 640px; height: 218px;\" data-original-width=\"640\" data-original-height=\"218\" > <div class=\"gallery-group images-1\" style=\"width: 320px; height: 218px;\" data-original-width=\"320\" data-original-height=\"218\" > <div class=\"tiled-gallery-item tiled-gallery-item-large\" itemprop=\"associatedMedia\" itemscope itemtype=\"http:\/\/schema.org\/ImageObject\"> <a href=\"https:\/\/eltrabajo.cl\/portal\/cientos-de-putaendinos-despidieron-a-miguel-pollito-urzua\/funerales1-4\/\" border=\"0\" itemprop=\"url\"> <meta itemprop=\"width\" content=\"316\"> <meta itemprop=\"height\" content=\"214\"> <img decoding=\"async\" class=\"\" data-attachment-id=\"51601\" data-orig-file=\"https:\/\/eltrabajo.cl\/portal\/wp-content\/uploads\/2014\/09\/Funerales1.jpg\" data-orig-size=\"529,358\" data-comments-opened=\"1\" data-image-meta=\"{&quot;aperture&quot;:&quot;0&quot;,&quot;credit&quot;:&quot;&quot;,&quot;camera&quot;:&quot;&quot;,&quot;caption&quot;:&quot;&quot;,&quot;created_timestamp&quot;:&quot;0&quot;,&quot;copyright&quot;:&quot;[wopmind]&quot;,&quot;focal_length&quot;:&quot;0&quot;,&quot;iso&quot;:&quot;0&quot;,&quot;shutter_speed&quot;:&quot;0&quot;,&quot;title&quot;:&quot;&quot;}\" data-image-title=\"Funerales1\" data-image-description=\"&lt;p&gt;En horas de la madrugada de este s\u00e1bado en la Unidad de Medicina del Hospital San Camilo y producto de su grave estado de salud, falleci\u00f3 Miguel Urz\u00faa Urz\u00faa, quien fue ampliamente fue conocido y querido en Putaendo como \u2018Pollito\u2019.&lt;\/p&gt; \" data-medium-file=\"https:\/\/i0.wp.com\/eltrabajo.cl\/portal\/wp-content\/uploads\/2014\/09\/Funerales1.jpg?fit=300%2C203&#038;ssl=1\" data-large-file=\"https:\/\/i0.wp.com\/eltrabajo.cl\/portal\/wp-content\/uploads\/2014\/09\/Funerales1.jpg?fit=529%2C358&#038;ssl=1\" src=\"https:\/\/i0.wp.com\/eltrabajo.cl\/portal\/wp-content\/uploads\/2014\/09\/Funerales1.jpg?w=316&#038;h=214&#038;ssl=1\" srcset=\"https:\/\/i0.wp.com\/eltrabajo.cl\/portal\/wp-content\/uploads\/2014\/09\/Funerales1.jpg?w=529&amp;ssl=1 529w, https:\/\/i0.wp.com\/eltrabajo.cl\/portal\/wp-content\/uploads\/2014\/09\/Funerales1.jpg?resize=200%2C135&amp;ssl=1 200w, https:\/\/i0.wp.com\/eltrabajo.cl\/portal\/wp-content\/uploads\/2014\/09\/Funerales1.jpg?resize=300%2C203&amp;ssl=1 300w, https:\/\/i0.wp.com\/eltrabajo.cl\/portal\/wp-content\/uploads\/2014\/09\/Funerales1.jpg?resize=150%2C101&amp;ssl=1 150w, https:\/\/i0.wp.com\/eltrabajo.cl\/portal\/wp-content\/uploads\/2014\/09\/Funerales1.jpg?resize=400%2C270&amp;ssl=1 400w\" width=\"316\" height=\"214\" loading=\"lazy\" data-original-width=\"316\" data-original-height=\"214\" itemprop=\"http:\/\/schema.org\/image\" title=\"Funerales1\" alt=\"En horas de la madrugada de este s\u00e1bado en la Unidad de Medicina del Hospital San Camilo y producto de su grave estado de salud, falleci\u00f3 Miguel Urz\u00faa Urz\u00faa, quien fue ampliamente fue conocido y querido en Putaendo como \u2018Pollito\u2019.\" style=\"width: 316px; height: 214px;\" \/> <\/a> <div class=\"tiled-gallery-caption\" itemprop=\"caption description\"> En horas de la madrugada de este s\u00e1bado en la Unidad de Medicina del Hospital San Camilo y producto de su grave estado de salud, falleci\u00f3 Miguel Urz\u00faa Urz\u00faa, quien fue ampliamente fue conocido y querido en Putaendo como \u2018Pollito\u2019. <\/div> <\/div> <\/div> <!-- close group --> <div class=\"gallery-group images-1\" style=\"width: 320px; height: 218px;\" data-original-width=\"320\" data-original-height=\"218\" > <div class=\"tiled-gallery-item tiled-gallery-item-large\" itemprop=\"associatedMedia\" itemscope itemtype=\"http:\/\/schema.org\/ImageObject\"> <a href=\"https:\/\/eltrabajo.cl\/portal\/cientos-de-putaendinos-despidieron-a-miguel-pollito-urzua\/funerales2\/\" border=\"0\" itemprop=\"url\"> <meta itemprop=\"width\" content=\"316\"> <meta itemprop=\"height\" content=\"214\"> <img decoding=\"async\" class=\"\" data-attachment-id=\"51602\" data-orig-file=\"https:\/\/eltrabajo.cl\/portal\/wp-content\/uploads\/2014\/09\/Funerales2.jpg\" data-orig-size=\"529,358\" data-comments-opened=\"1\" data-image-meta=\"{&quot;aperture&quot;:&quot;0&quot;,&quot;credit&quot;:&quot;&quot;,&quot;camera&quot;:&quot;&quot;,&quot;caption&quot;:&quot;&quot;,&quot;created_timestamp&quot;:&quot;0&quot;,&quot;copyright&quot;:&quot;[wopmind]&quot;,&quot;focal_length&quot;:&quot;0&quot;,&quot;iso&quot;:&quot;0&quot;,&quot;shutter_speed&quot;:&quot;0&quot;,&quot;title&quot;:&quot;&quot;}\" data-image-title=\"Funerales2\" data-image-description=\"&lt;p&gt;Sin lugar a dudas, las cientos de personas que se levantaron muy temprano este domingo para despedir a Miguel \u2018Pollito\u2019 Urz\u00faa, reflejan el cari\u00f1o que sent\u00edan por este popular putaendino.&lt;\/p&gt; \" data-medium-file=\"https:\/\/i0.wp.com\/eltrabajo.cl\/portal\/wp-content\/uploads\/2014\/09\/Funerales2.jpg?fit=300%2C203&#038;ssl=1\" data-large-file=\"https:\/\/i0.wp.com\/eltrabajo.cl\/portal\/wp-content\/uploads\/2014\/09\/Funerales2.jpg?fit=529%2C358&#038;ssl=1\" src=\"https:\/\/i0.wp.com\/eltrabajo.cl\/portal\/wp-content\/uploads\/2014\/09\/Funerales2.jpg?w=316&#038;h=214&#038;ssl=1\" srcset=\"https:\/\/i0.wp.com\/eltrabajo.cl\/portal\/wp-content\/uploads\/2014\/09\/Funerales2.jpg?w=529&amp;ssl=1 529w, https:\/\/i0.wp.com\/eltrabajo.cl\/portal\/wp-content\/uploads\/2014\/09\/Funerales2.jpg?resize=200%2C135&amp;ssl=1 200w, https:\/\/i0.wp.com\/eltrabajo.cl\/portal\/wp-content\/uploads\/2014\/09\/Funerales2.jpg?resize=300%2C203&amp;ssl=1 300w, https:\/\/i0.wp.com\/eltrabajo.cl\/portal\/wp-content\/uploads\/2014\/09\/Funerales2.jpg?resize=150%2C101&amp;ssl=1 150w, https:\/\/i0.wp.com\/eltrabajo.cl\/portal\/wp-content\/uploads\/2014\/09\/Funerales2.jpg?resize=400%2C270&amp;ssl=1 400w\" width=\"316\" height=\"214\" loading=\"lazy\" data-original-width=\"316\" data-original-height=\"214\" itemprop=\"http:\/\/schema.org\/image\" title=\"Funerales2\" alt=\"Sin lugar a dudas, las cientos de personas que se levantaron muy temprano este domingo para despedir a Miguel \u2018Pollito\u2019 Urz\u00faa, reflejan el cari\u00f1o que sent\u00edan por este popular putaendino.\" style=\"width: 316px; height: 214px;\" \/> <\/a> <div class=\"tiled-gallery-caption\" itemprop=\"caption description\"> .Sin lugar a dudas, las cientos de personas que se levantaron muy temprano este domingo para despedir a Miguel \u2018Pollito\u2019 Urz\u00faa, reflejan el cari\u00f1o que sent\u00edan por este popular putaendino. <\/div> <\/div> <\/div> <!-- close group --> <\/div> <!-- close row --> <\/div>\n","protected":false},"excerpt":{"rendered":"<p>PUTAENDO.&#8211; En horas de la madrugada de este s\u00e1bado en la Unidad de Medicina del Hospital San Camilo y producto de su grave estado de salud, falleci\u00f3 Miguel Urz\u00faa Urz\u00faa, quien fue&#8230;<\/p>\n","protected":false},"author":482,"featured_media":51600,"comment_status":"open","ping_status":"closed","sticky":false,"template":"","format":"standard","meta":{"advanced_seo_description":"","jetpack_seo_html_title":"","jetpack_seo_noindex":false,"_jetpack_memberships_contains_paid_content":false,"footnotes":""},"categories":[15],"tags":[],"class_list":["post-51599","post","type-post","status-publish","format-standard","has-post-thumbnail","hentry","category-comunidad"],"jetpack_featured_media_url":"https:\/\/i0.wp.com\/eltrabajo.cl\/portal\/wp-content\/uploads\/2014\/09\/Pollito11.jpg?fit=529%2C442&ssl=1","jetpack_sharing_enabled":true,"jetpack_likes_enabled":true,"jetpack-related-posts":[],"_links":{"self":[{"href":"https:\/\/eltrabajo.cl\/portal\/wp-json\/wp\/v2\/posts\/51599","targetHints":{"allow":["GET"]}}],"collection":[{"href":"https:\/\/eltrabajo.cl\/portal\/wp-json\/wp\/v2\/posts"}],"about":[{"href":"https:\/\/eltrabajo.cl\/portal\/wp-json\/wp\/v2\/types\/post"}],"author":[{"embeddable":true,"href":"https:\/\/eltrabajo.cl\/portal\/wp-json\/wp\/v2\/users\/482"}],"replies":[{"embeddable":true,"href":"https:\/\/eltrabajo.cl\/portal\/wp-json\/wp\/v2\/comments?post=51599"}],"version-history":[{"count":0,"href":"https:\/\/eltrabajo.cl\/portal\/wp-json\/wp\/v2\/posts\/51599\/revisions"}],"wp:featuredmedia":[{"embeddable":true,"href":"https:\/\/eltrabajo.cl\/portal\/wp-json\/wp\/v2\/media\/51600"}],"wp:attachment":[{"href":"https:\/\/eltrabajo.cl\/portal\/wp-json\/wp\/v2\/media?parent=51599"}],"wp:term":[{"taxonomy":"category","embeddable":true,"href":"https:\/\/eltrabajo.cl\/portal\/wp-json\/wp\/v2\/categories?post=51599"},{"taxonomy":"post_tag","embeddable":true,"href":"https:\/\/eltrabajo.cl\/portal\/wp-json\/wp\/v2\/tags?post=51599"}],"curies":[{"name":"wp","href":"https:\/\/api.w.org\/{rel}","templated":true}]}}