{"id":51605,"date":"2014-09-29T12:43:13","date_gmt":"2014-09-29T15:43:13","guid":{"rendered":"http:\/\/www.eltrabajo.cl\/portal\/?p=51605"},"modified":"2014-09-29T12:43:13","modified_gmt":"2014-09-29T15:43:13","slug":"el-ministerio-de-salud-pretende-cerrar-varias-unidades-del-psiquiatrico","status":"publish","type":"post","link":"https:\/\/eltrabajo.cl\/portal\/el-ministerio-de-salud-pretende-cerrar-varias-unidades-del-psiquiatrico\/","title":{"rendered":"\u00abEl Ministerio de Salud pretende cerrar varias unidades del Psiqui\u00e1trico\u00bb"},"content":{"rendered":"<figure id=\"attachment_51606\" aria-describedby=\"caption-attachment-51606\" style=\"width: 317px\" class=\"wp-caption alignleft\"><a href=\"https:\/\/i0.wp.com\/www.eltrabajo.cl\/portal\/wp-content\/uploads\/2014\/09\/ORLANDO-AHUMADA.jpg\"><img data-recalc-dims=\"1\" loading=\"lazy\" decoding=\"async\" class=\" wp-image-51606 \" alt=\"Presidente ATP del Hospital Psiqui\u00e1trico Dr. Philippe Pinel, Orlando Ahumada.\" src=\"https:\/\/i0.wp.com\/www.eltrabajo.cl\/portal\/wp-content\/uploads\/2014\/09\/ORLANDO-AHUMADA.jpg?resize=317%2C307\" width=\"317\" height=\"307\" srcset=\"https:\/\/i0.wp.com\/eltrabajo.cl\/portal\/wp-content\/uploads\/2014\/09\/ORLANDO-AHUMADA.jpg?w=529&amp;ssl=1 529w, https:\/\/i0.wp.com\/eltrabajo.cl\/portal\/wp-content\/uploads\/2014\/09\/ORLANDO-AHUMADA.jpg?resize=155%2C150&amp;ssl=1 155w, https:\/\/i0.wp.com\/eltrabajo.cl\/portal\/wp-content\/uploads\/2014\/09\/ORLANDO-AHUMADA.jpg?resize=150%2C144&amp;ssl=1 150w, https:\/\/i0.wp.com\/eltrabajo.cl\/portal\/wp-content\/uploads\/2014\/09\/ORLANDO-AHUMADA.jpg?resize=400%2C386&amp;ssl=1 400w\" sizes=\"auto, (max-width: 317px) 100vw, 317px\" \/><\/a><figcaption id=\"caption-attachment-51606\" class=\"wp-caption-text\">Presidente ATP del Hospital Psiqui\u00e1trico Dr. Philippe Pinel, Orlando Ahumada.<\/figcaption><\/figure>\n<p><strong>PUTAENDO.<\/strong>&#8211; El Presidente de la Asociaci\u00f3n de T\u00e9cnicos Param\u00e9dicos (ATP) del Hospital Psiqui\u00e1trico Dr. Philippe Pinel, Orlando Ahumada, asegur\u00f3 que desde el Ministerio de Salud est\u00e1n pensando en cerrar unidades del hospital psiqui\u00e1trico, como por ejemplo el Servicio de Urgencia. El dirigente convers\u00f3 en extenso con Diario El Trabajo la ma\u00f1ana del pasado viernes y se refiri\u00f3 a la declaraci\u00f3n p\u00fablica enviada por su gremio, adem\u00e1s de profundizar en varios aspectos relacionados con la cr\u00edtica situaci\u00f3n que se vive en el Philippe Pinel.<\/p>\n<p>Ahumada sostuvo que un equipo directivo del hospital psiqui\u00e1trico, mismo que particip\u00f3 en una reuni\u00f3n a nivel ministerial en Santiago, fue informado que ser\u00e1n varias las unidades que ser\u00e1n cerradas en el Philippe Pinel, como por ejemplo el Servicio de Urgencia psiqui\u00e1trica, lo que calific\u00f3 como un hecho grave, pues no se trata de un rumor, sino de lo que podr\u00eda ser parte de una pol\u00edtica del Ministerio de Salud.<\/p>\n<p>El presidente de la ATP adem\u00e1s, se\u00f1al\u00f3 que el pasado 4 de septiembre en una reuni\u00f3n realizada en San Felipe, relacionada con la remodelaci\u00f3n del hospital psiqui\u00e1trico, el Subdirector del Servicio de Salud Aconcagua, Dr. Luis Foncea, manifest\u00f3 abiertamente que el hospital psiqui\u00e1trico iba a tener cambios y que el hospital necesita tener empresas privadas dentro del recinto y dentro de las unidades cl\u00ednicas, lo que es sumamente grave, ya que para trabajar con los usuarios la experiencia que deben tener los trabajadores es fundamental, pues sin desmerecer a alguien, el dirigente asegur\u00f3 que es muy distinto el tipo de usuarios que se atienden en el hospital psiqui\u00e1trico, que en otros hospitales donde existen empresas privadas.<\/p>\n<p>\u00abEstamos preocupados, esto significa que los auxiliares de servicio que tienen 20, 30 y m\u00e1s a\u00f1os de servicio en el hospital, cumplir\u00e1n otras funciones que no sabemos cu\u00e1les ser\u00e1n, por lo que como presidente de la ATP, pido con mucho respeto que el Director del Servicio de Salud Aconcagua, Alejandro C\u00e1rdenas, venga y nos explique qu\u00e9 est\u00e1 ocurriendo, pues el tema de las empresas no lo supimos por un rumor, sino que fue el Subdirector del Servicio de Salud quien lo plante\u00f3, por lo que entendemos que es una pol\u00edtica del Servicio de Salud\u00bb, puntualiz\u00f3 Orlando Ahumada.<\/p>\n<p>El dirigente indic\u00f3 que desde el 9 de septiembre y producto de esta situaci\u00f3n han pedido una reuni\u00f3n con el Director del Servicio de Salud Aconcagua para plantearle esta preocupaci\u00f3n y saber qu\u00e9 piensa, pues es un tema preocupante, como por ejemplo, el hecho que los funcionarios no seguir\u00e1n recibiendo la alimentaci\u00f3n, lo que tambi\u00e9n fue tratado en esa reuni\u00f3n.<\/p>\n<p>Uno de los puntos m\u00e1s preocupantes, seg\u00fan explic\u00f3 Orlando Ahumada, es lo relacionado con la psiquiatr\u00eda comunitaria, pues el Dr. Foncea plante\u00f3 que habr\u00e1 un especial \u00e9nfasis en ese tema, lo que significar\u00e1 que los usuarios se ir\u00e1n externalizando, la atenci\u00f3n ser\u00e1 ambulatoria y los usuarios ir\u00e1n desapareciendo.<\/p>\n<p>Ahumada tambi\u00e9n se refiri\u00f3 a la renuncia de la Dra. Iris Boisier y asegur\u00f3 que responsablemente y representando a su gremio y a muchos trabajadores del hospital psiqui\u00e1trico, lamentan esta renuncia, pues el lugar y el reconocimiento que hoy tiene el Philippe Pinel a nivel nacional e internacional, es gracias al trabajo de Iris Boisier.<\/p>\n<p>En cuanto a la renuncia del Dr. Pedro Eva, el dirigente indic\u00f3 que era un tema que se ve\u00eda venir, pues siendo un hijo de Putaendo y un tremendo profesional, sistem\u00e1ticamente se le fueron colocando inconvenientes para que trabajara en el hospital psiqui\u00e1trico.<\/p>\n<p>El Presidente de la ATP dijo que ve con preocupaci\u00f3n c\u00f3mo hoy literalmente est\u00e1n rifando el cargo de director o directora del Psiqui\u00e1trico y que a d\u00edas que Jeannette De la Barrera deje su cargo, pr\u00e1cticamente \u00abla tienen de rodillas, con los ojos vendados y esperando a que le den el tiro de gracia\u00bb, lo que calific\u00f3 como una falta de respeto y una humillaci\u00f3n, sobre todo trat\u00e1ndose de una mujer, adem\u00e1s indic\u00f3 que el Servicio de Salud no puede estar sorteando la direcci\u00f3n del hospital, pues se requiere una persona id\u00f3nea que sepa guiar el hospital psiqui\u00e1trico.<\/p>\n<p>Finalmente, Orlando Ahumada indic\u00f3 que est\u00e1n en estado de alerta y sabe que son muchos los funcionarios que est\u00e1n sumamente preocupados por el clima de incertidumbre que se est\u00e1 viviendo en el hospital psiqui\u00e1trico.<\/p>\n<p>Patricio Gallardo M.<\/p>\n<p>&nbsp;<\/p>\n","protected":false},"excerpt":{"rendered":"<p>PUTAENDO.&#8211; El Presidente de la Asociaci\u00f3n de T\u00e9cnicos Param\u00e9dicos (ATP) del Hospital Psiqui\u00e1trico Dr. Philippe Pinel, Orlando Ahumada, asegur\u00f3 que desde el Ministerio de Salud est\u00e1n pensando en cerrar unidades del hospital&#8230;<\/p>\n","protected":false},"author":482,"featured_media":51606,"comment_status":"open","ping_status":"closed","sticky":false,"template":"","format":"standard","meta":{"advanced_seo_description":"","jetpack_seo_html_title":"","jetpack_seo_noindex":false,"_jetpack_memberships_contains_paid_content":false,"footnotes":""},"categories":[15],"tags":[],"class_list":["post-51605","post","type-post","status-publish","format-standard","has-post-thumbnail","hentry","category-comunidad"],"jetpack_featured_media_url":"https:\/\/i0.wp.com\/eltrabajo.cl\/portal\/wp-content\/uploads\/2014\/09\/ORLANDO-AHUMADA.jpg?fit=529%2C511&ssl=1","jetpack_sharing_enabled":true,"jetpack_likes_enabled":true,"jetpack-related-posts":[],"_links":{"self":[{"href":"https:\/\/eltrabajo.cl\/portal\/wp-json\/wp\/v2\/posts\/51605","targetHints":{"allow":["GET"]}}],"collection":[{"href":"https:\/\/eltrabajo.cl\/portal\/wp-json\/wp\/v2\/posts"}],"about":[{"href":"https:\/\/eltrabajo.cl\/portal\/wp-json\/wp\/v2\/types\/post"}],"author":[{"embeddable":true,"href":"https:\/\/eltrabajo.cl\/portal\/wp-json\/wp\/v2\/users\/482"}],"replies":[{"embeddable":true,"href":"https:\/\/eltrabajo.cl\/portal\/wp-json\/wp\/v2\/comments?post=51605"}],"version-history":[{"count":0,"href":"https:\/\/eltrabajo.cl\/portal\/wp-json\/wp\/v2\/posts\/51605\/revisions"}],"wp:featuredmedia":[{"embeddable":true,"href":"https:\/\/eltrabajo.cl\/portal\/wp-json\/wp\/v2\/media\/51606"}],"wp:attachment":[{"href":"https:\/\/eltrabajo.cl\/portal\/wp-json\/wp\/v2\/media?parent=51605"}],"wp:term":[{"taxonomy":"category","embeddable":true,"href":"https:\/\/eltrabajo.cl\/portal\/wp-json\/wp\/v2\/categories?post=51605"},{"taxonomy":"post_tag","embeddable":true,"href":"https:\/\/eltrabajo.cl\/portal\/wp-json\/wp\/v2\/tags?post=51605"}],"curies":[{"name":"wp","href":"https:\/\/api.w.org\/{rel}","templated":true}]}}