{"id":51618,"date":"2014-09-29T12:48:16","date_gmt":"2014-09-29T15:48:16","guid":{"rendered":"http:\/\/www.eltrabajo.cl\/portal\/?p=51618"},"modified":"2014-09-29T12:48:16","modified_gmt":"2014-09-29T15:48:16","slug":"comite-valle-de-putaendo-por-fin-inicia-construccion-de-viviendas","status":"publish","type":"post","link":"https:\/\/eltrabajo.cl\/portal\/comite-valle-de-putaendo-por-fin-inicia-construccion-de-viviendas\/","title":{"rendered":"Comit\u00e9 Valle de Putaendo por fin inicia construcci\u00f3n de viviendas"},"content":{"rendered":"<figure id=\"attachment_51619\" aria-describedby=\"caption-attachment-51619\" style=\"width: 529px\" class=\"wp-caption alignnone\"><a href=\"https:\/\/i0.wp.com\/www.eltrabajo.cl\/portal\/wp-content\/uploads\/2014\/09\/Casas2.jpg\"><img data-recalc-dims=\"1\" loading=\"lazy\" decoding=\"async\" class=\"size-full wp-image-51619\" alt=\"En un d\u00eda hist\u00f3rico y despu\u00e9s de ocho a\u00f1os de lucha y espera, comenz\u00f3 la construcci\u00f3n de las viviendas del Comit\u00e9 Habitacional Valle de Putaendo.\" src=\"https:\/\/i0.wp.com\/www.eltrabajo.cl\/portal\/wp-content\/uploads\/2014\/09\/Casas2.jpg?resize=529%2C305\" width=\"529\" height=\"305\" srcset=\"https:\/\/i0.wp.com\/eltrabajo.cl\/portal\/wp-content\/uploads\/2014\/09\/Casas2.jpg?w=529&amp;ssl=1 529w, https:\/\/i0.wp.com\/eltrabajo.cl\/portal\/wp-content\/uploads\/2014\/09\/Casas2.jpg?resize=200%2C115&amp;ssl=1 200w, https:\/\/i0.wp.com\/eltrabajo.cl\/portal\/wp-content\/uploads\/2014\/09\/Casas2.jpg?resize=300%2C172&amp;ssl=1 300w, https:\/\/i0.wp.com\/eltrabajo.cl\/portal\/wp-content\/uploads\/2014\/09\/Casas2.jpg?resize=150%2C86&amp;ssl=1 150w, https:\/\/i0.wp.com\/eltrabajo.cl\/portal\/wp-content\/uploads\/2014\/09\/Casas2.jpg?resize=400%2C230&amp;ssl=1 400w\" sizes=\"auto, (max-width: 529px) 100vw, 529px\" \/><\/a><figcaption id=\"caption-attachment-51619\" class=\"wp-caption-text\">En un d\u00eda hist\u00f3rico y despu\u00e9s de ocho a\u00f1os de lucha y espera, comenz\u00f3 la construcci\u00f3n de las viviendas del Comit\u00e9 Habitacional Valle de Putaendo.<\/figcaption><\/figure>\n<p><strong>PUTAENDO<\/strong>.- En un d\u00eda hist\u00f3rico y despu\u00e9s de ocho a\u00f1os de lucha y espera, comenz\u00f3 la construcci\u00f3n de las viviendas del Comit\u00e9 Habitacional Valle de Putaendo.<\/p>\n<p>En el terreno situado a un costado de Calle Jos\u00e9 Antonio Salinas, la ma\u00f1ana de este viernes autoridades encabezadas por el Gobernador Eduardo Le\u00f3n; representantes del Serviu; el Alcalde Guillermo Reyes; el Consejero Regional Mario Sottolichio; concejales de la comuna; representantes de la empresa constructora y de la empresa consultora, adem\u00e1s de la directiva del Comit\u00e9 Habitacional Valle de Putaendo, encabezada por Cecilia Carmona y muchas familias, de una manera simb\u00f3lica se dieron por iniciadas las obras de construcci\u00f3n de las 159 viviendas del comit\u00e9.<\/p>\n<figure id=\"attachment_51620\" aria-describedby=\"caption-attachment-51620\" style=\"width: 423px\" class=\"wp-caption alignright\"><a href=\"https:\/\/i0.wp.com\/www.eltrabajo.cl\/portal\/wp-content\/uploads\/2014\/09\/Casas1.jpg\"><img data-recalc-dims=\"1\" loading=\"lazy\" decoding=\"async\" class=\" wp-image-51620 \" alt=\"El Gobernador Eduardo Le\u00f3n asegur\u00f3 que lo importante es lo que realmente se hizo y no lo que se prometi\u00f3 y que este momento es muy significativo para estas familias.\" src=\"https:\/\/i0.wp.com\/www.eltrabajo.cl\/portal\/wp-content\/uploads\/2014\/09\/Casas1.jpg?resize=423%2C286\" width=\"423\" height=\"286\" srcset=\"https:\/\/i0.wp.com\/eltrabajo.cl\/portal\/wp-content\/uploads\/2014\/09\/Casas1.jpg?w=529&amp;ssl=1 529w, https:\/\/i0.wp.com\/eltrabajo.cl\/portal\/wp-content\/uploads\/2014\/09\/Casas1.jpg?resize=200%2C135&amp;ssl=1 200w, https:\/\/i0.wp.com\/eltrabajo.cl\/portal\/wp-content\/uploads\/2014\/09\/Casas1.jpg?resize=300%2C203&amp;ssl=1 300w, https:\/\/i0.wp.com\/eltrabajo.cl\/portal\/wp-content\/uploads\/2014\/09\/Casas1.jpg?resize=150%2C101&amp;ssl=1 150w, https:\/\/i0.wp.com\/eltrabajo.cl\/portal\/wp-content\/uploads\/2014\/09\/Casas1.jpg?resize=400%2C270&amp;ssl=1 400w\" sizes=\"auto, (max-width: 423px) 100vw, 423px\" \/><\/a><figcaption id=\"caption-attachment-51620\" class=\"wp-caption-text\">El Gobernador Eduardo Le\u00f3n asegur\u00f3 que lo importante es lo que realmente se hizo y no lo que se prometi\u00f3 y que este momento es muy significativo para estas familias.<\/figcaption><\/figure>\n<p>El Gobernador Eduardo Le\u00f3n asegur\u00f3, que lo importante es lo que realmente se hizo y no lo que se prometi\u00f3 y que este momento sin lugar a dudas es muy significativo para estas importantes familias, adem\u00e1s record\u00f3 como apenas asumi\u00f3 su cargo se hicieron todas las gestiones que el Alcalde y el Comit\u00e9 Valle de Putaendo solicitaron y que fueron cumplidas por el Gobierno de la Presidente Bachelet, por lo que destac\u00f3 la perseverancia del Comit\u00e9 Valle de Putaendo, del Alcalde Guillermo Reyes, el importante apoyo del Core Mario Sottolichio y el fundamental trabajo del Diputado Marco Antonio N\u00fa\u00f1ez, que permiti\u00f3 golpear la puerta de la Ministra de Vivienda para buscar el financiamiento que faltaba para este comit\u00e9.<\/p>\n<p>En tanto, el Alcalde Guillermo Reyes sostuvo que claramente es un d\u00eda hist\u00f3rico, pues el largo v\u00eda crucis que debieron soportar las familias del Comit\u00e9 Habitacional Valle de Putaendo llegaba al final, adem\u00e1s indic\u00f3 que entiende y comparte la felicidad de las 159 familias que formar\u00e1n la poblaci\u00f3n m\u00e1s grande de Putaendo, misma que tendr\u00e1 como tel\u00f3n de fondo el majestuoso Cerro Orolonco.<\/p>\n<p>Guillermo Reyes agradeci\u00f3 a todos quienes hicieron posible el inicio de este sue\u00f1o, por supuesto a las autoridades del actual gobierno, al comit\u00e9, al Diputado N\u00fa\u00f1ez y record\u00f3 de manera especial el trabajo realizado por la ex-delegada del Serviu, Mar\u00eda Alicia Galdames.<\/p>\n<p>La Presidente del Comit\u00e9 Habitacional Valle de Putaendo, Cecilia Carmona, no pudo ocultar su felicidad, pues despu\u00e9s de ocho a\u00f1os de espera comienza a materializarse el sue\u00f1o de la casa propia, adem\u00e1s record\u00f3 que tuvieron momentos dif\u00edciles que incluso hicieron que perdieran las esperanzas, pero que pese a ello siempre mantuvieron la fe intacta. Finalmente Cecilia Carmona record\u00f3 como con mucho esfuerzo las familias lograron reunir m\u00e1s de $700.000 cada una, e indic\u00f3 que hoy es un d\u00eda inolvidable, por lo que quiso agradecer a todos quienes hicieron posible este momento que calific\u00f3 como hist\u00f3rico.<\/p>\n<p>Patricio Gallardo M.<\/p>\n<p>&nbsp;<\/p>\n","protected":false},"excerpt":{"rendered":"<p>PUTAENDO.- En un d\u00eda hist\u00f3rico y despu\u00e9s de ocho a\u00f1os de lucha y espera, comenz\u00f3 la construcci\u00f3n de las viviendas del Comit\u00e9 Habitacional Valle de Putaendo. En el terreno situado a un&#8230;<\/p>\n","protected":false},"author":482,"featured_media":51619,"comment_status":"open","ping_status":"closed","sticky":false,"template":"","format":"standard","meta":{"advanced_seo_description":"","jetpack_seo_html_title":"","jetpack_seo_noindex":false,"_jetpack_memberships_contains_paid_content":false,"footnotes":""},"categories":[15],"tags":[],"class_list":["post-51618","post","type-post","status-publish","format-standard","has-post-thumbnail","hentry","category-comunidad"],"jetpack_featured_media_url":"https:\/\/i0.wp.com\/eltrabajo.cl\/portal\/wp-content\/uploads\/2014\/09\/Casas2.jpg?fit=529%2C305&ssl=1","jetpack_sharing_enabled":true,"jetpack_likes_enabled":true,"jetpack-related-posts":[],"_links":{"self":[{"href":"https:\/\/eltrabajo.cl\/portal\/wp-json\/wp\/v2\/posts\/51618","targetHints":{"allow":["GET"]}}],"collection":[{"href":"https:\/\/eltrabajo.cl\/portal\/wp-json\/wp\/v2\/posts"}],"about":[{"href":"https:\/\/eltrabajo.cl\/portal\/wp-json\/wp\/v2\/types\/post"}],"author":[{"embeddable":true,"href":"https:\/\/eltrabajo.cl\/portal\/wp-json\/wp\/v2\/users\/482"}],"replies":[{"embeddable":true,"href":"https:\/\/eltrabajo.cl\/portal\/wp-json\/wp\/v2\/comments?post=51618"}],"version-history":[{"count":0,"href":"https:\/\/eltrabajo.cl\/portal\/wp-json\/wp\/v2\/posts\/51618\/revisions"}],"wp:featuredmedia":[{"embeddable":true,"href":"https:\/\/eltrabajo.cl\/portal\/wp-json\/wp\/v2\/media\/51619"}],"wp:attachment":[{"href":"https:\/\/eltrabajo.cl\/portal\/wp-json\/wp\/v2\/media?parent=51618"}],"wp:term":[{"taxonomy":"category","embeddable":true,"href":"https:\/\/eltrabajo.cl\/portal\/wp-json\/wp\/v2\/categories?post=51618"},{"taxonomy":"post_tag","embeddable":true,"href":"https:\/\/eltrabajo.cl\/portal\/wp-json\/wp\/v2\/tags?post=51618"}],"curies":[{"name":"wp","href":"https:\/\/api.w.org\/{rel}","templated":true}]}}