{"id":51632,"date":"2014-09-29T12:58:54","date_gmt":"2014-09-29T15:58:54","guid":{"rendered":"http:\/\/www.eltrabajo.cl\/portal\/?p=51632"},"modified":"2014-09-29T13:00:19","modified_gmt":"2014-09-29T16:00:19","slug":"capturan-a-pablo-zorra-al-entregarse-voluntariamente-con-su-escopeta","status":"publish","type":"post","link":"https:\/\/eltrabajo.cl\/portal\/capturan-a-pablo-zorra-al-entregarse-voluntariamente-con-su-escopeta\/","title":{"rendered":"Capturan a \u2018Pablo Zorra\u2019 al entregarse voluntariamente con su escopeta"},"content":{"rendered":"<figure id=\"attachment_51633\" aria-describedby=\"caption-attachment-51633\" style=\"width: 190px\" class=\"wp-caption alignleft\"><a href=\"https:\/\/i0.wp.com\/www.eltrabajo.cl\/portal\/wp-content\/uploads\/2014\/09\/Pablo-Zorra-.jpg\"><img data-recalc-dims=\"1\" loading=\"lazy\" decoding=\"async\" class=\" wp-image-51633  \" alt=\"Juan Pablo Caballero Llanca apodado el \u2018Pablo Zorra\u2019. \" src=\"https:\/\/i0.wp.com\/www.eltrabajo.cl\/portal\/wp-content\/uploads\/2014\/09\/Pablo-Zorra-.jpg?resize=190%2C328\" width=\"190\" height=\"328\" srcset=\"https:\/\/i0.wp.com\/eltrabajo.cl\/portal\/wp-content\/uploads\/2014\/09\/Pablo-Zorra-.jpg?w=529&amp;ssl=1 529w, https:\/\/i0.wp.com\/eltrabajo.cl\/portal\/wp-content\/uploads\/2014\/09\/Pablo-Zorra-.jpg?resize=87%2C150&amp;ssl=1 87w, https:\/\/i0.wp.com\/eltrabajo.cl\/portal\/wp-content\/uploads\/2014\/09\/Pablo-Zorra-.jpg?resize=174%2C300&amp;ssl=1 174w, https:\/\/i0.wp.com\/eltrabajo.cl\/portal\/wp-content\/uploads\/2014\/09\/Pablo-Zorra-.jpg?resize=400%2C688&amp;ssl=1 400w\" sizes=\"auto, (max-width: 190px) 100vw, 190px\" \/><\/a><figcaption id=\"caption-attachment-51633\" class=\"wp-caption-text\">Juan Pablo Caballero Llanca apodado el \u2018Pablo Zorra\u2019.<\/figcaption><\/figure>\n<p>En un hecho ins\u00f3lito, Juan Pablo Caballero Llanca, de 36 a\u00f1os de edad, apodado \u2018Pablo Zorra\u2019, el pasado viernes y s\u00e1bado se dirigi\u00f3 voluntariamente a entregarse ante la fiscal\u00eda, merodeando incluso las dependencias del Juzgado de Garant\u00eda de San Felipe, con el objetivo de entregarse y confesar la autor\u00eda de los dos disparos con una escopeta al abuelo y la madre de su ex pareja, con quien mantiene un hijo en com\u00fan.<\/p>\n<figure id=\"attachment_51634\" aria-describedby=\"caption-attachment-51634\" style=\"width: 370px\" class=\"wp-caption alignright\"><a href=\"https:\/\/i0.wp.com\/www.eltrabajo.cl\/portal\/wp-content\/uploads\/2014\/09\/Zorra1.jpg\"><img data-recalc-dims=\"1\" loading=\"lazy\" decoding=\"async\" class=\" wp-image-51634 \" alt=\"El imputado fue detenido en la afueras del Juzgado de Garant\u00eda de San Felipe, con una escopeta en su poder, por la PDI.\" src=\"https:\/\/i0.wp.com\/www.eltrabajo.cl\/portal\/wp-content\/uploads\/2014\/09\/Zorra1.jpg?resize=370%2C251\" width=\"370\" height=\"251\" srcset=\"https:\/\/i0.wp.com\/eltrabajo.cl\/portal\/wp-content\/uploads\/2014\/09\/Zorra1.jpg?w=529&amp;ssl=1 529w, https:\/\/i0.wp.com\/eltrabajo.cl\/portal\/wp-content\/uploads\/2014\/09\/Zorra1.jpg?resize=200%2C135&amp;ssl=1 200w, https:\/\/i0.wp.com\/eltrabajo.cl\/portal\/wp-content\/uploads\/2014\/09\/Zorra1.jpg?resize=300%2C203&amp;ssl=1 300w, https:\/\/i0.wp.com\/eltrabajo.cl\/portal\/wp-content\/uploads\/2014\/09\/Zorra1.jpg?resize=150%2C101&amp;ssl=1 150w, https:\/\/i0.wp.com\/eltrabajo.cl\/portal\/wp-content\/uploads\/2014\/09\/Zorra1.jpg?resize=400%2C270&amp;ssl=1 400w\" sizes=\"auto, (max-width: 370px) 100vw, 370px\" \/><\/a><figcaption id=\"caption-attachment-51634\" class=\"wp-caption-text\">El imputado fue detenido en la afueras del Juzgado de Garant\u00eda de San Felipe, con una escopeta en su poder, por la PDI.<\/figcaption><\/figure>\n<p>Lo curioso de esta determinaci\u00f3n de entregarse del acusado por estos dos homicidios frustrados, es que transcurrieron doce horas desde el d\u00eda en que ocurrieron los hechos, lo cual gener\u00f3 que dejara de ser un delito flagrante, lo que en t\u00e9rminos legales significaba que deb\u00eda ser un juez de Garant\u00eda quien despachara una orden de detenci\u00f3n por estos cr\u00edmenes, escrito que nunca se emiti\u00f3 pese a la solicitud del Ministerio P\u00fablico.<\/p>\n<p>Testigos presenciales indicaron que Juan Pablo Caballero buscaba conversar con un Fiscal del Ministerio P\u00fablico lo que nunca fue posible debido a que asisti\u00f3 en el horario de colaci\u00f3n a eso de las 14:30 horas del viernes, retornando al d\u00eda siguiente al Juzgado de Garant\u00eda con el mismo armamento que habr\u00eda utilizado para herir gravemente a dos personas.<\/p>\n<p>Como se recuerda, el jueves 25 de septiembre fue un d\u00eda de furia para \u2018Pablo Zorra\u2019, quien se dirigi\u00f3 hasta la vivienda del abuelo y de la madre de su ex pareja, propinando dos tiros de escopeta a ambos con el firme prop\u00f3sito de llevarse a su ex polola.<\/p>\n<p>Las intensas b\u00fasquedas de ambas Polic\u00edas por distintos puntos de la provincia de San Felipe fueron infructuosas, mientras este peligroso delincuente transitaba libremente y armado por la comuna, advirtiendo a testigos que necesitaba hablar con un fiscal.<\/p>\n<p><strong>LIBRE Y ARMADO<\/strong><\/p>\n<p>Esta situaci\u00f3n refleja la grave situaci\u00f3n a la que se expuso la comunidad ante un peligroso delincuente armado, quien pod\u00eda hasta entonces movilizarse tranquilamente sin que las Polic\u00edas pudiesen detenerlo y sin que existiese una orden de aprehensi\u00f3n del tribunal.<\/p>\n<p>Las proclamas de Juan Pablo llegaron a o\u00eddos de la Polic\u00eda de Investigaciones, anunciando que se entregar\u00eda voluntariamente al Juzgado de Garant\u00eda, lugar donde llev\u00f3 su escopeta a eso de las 09:00 horas del s\u00e1bado, por lo que reci\u00e9n ah\u00ed en ese momento pudo ser detenido por porte ilegal de una escopeta modificada calibre 16 y cuatro cartuchos sin percutir, ya que pese a no contar con la orden del tribunal, el porte de arma era un delito flagrante.<\/p>\n<p>En ese sentido, cerca del mediod\u00eda de ayer domingo, Juan Pablo Caballero Llanca fue formalizado por el delito de Porte ilegal de arma de fuego y municiones en el Juzgado de Garant\u00eda de San Felipe, discuti\u00e9ndose que era adem\u00e1s requerido por el Ministerio P\u00fablico por su participaci\u00f3n como autor ejecutor del Homicidio Simple en grado de Frustrado, contra dos v\u00edctimas.<\/p>\n<p>El Fiscal Andr\u00e9s Gallardo acus\u00f3 a Caballero Llanca por los hechos cometidos en una vivienda ubicada en Avenida Tocornal de Poblaci\u00f3n La Santita de San Felipe, cuando el imputado lleg\u00f3 a eso de las 13:30 horas del pasado jueves 25 de septiembre, ingresando violentamente hasta el inmueble de propiedad de Jaime S.S. de 71 a\u00f1os, quien en esos momentos se encontraba almorzando en la cocina, preguntando por su nieta Camila, madre del hijo que mantienen en com\u00fan.<\/p>\n<p>Tras un altercado entre ambos y la negativa de entregar informaci\u00f3n del paradero de la muchacha, Juan Pablo Caballero apunt\u00f3 su escopeta al cuerpo de Jaime S.S., quien en un afortunado movimiento esquiv\u00f3 el dispar\u00f3 pero de igual forma lo hiri\u00f3 en su codo izquierdo, caus\u00e1ndole una herida en un tend\u00f3n y cayendo directamente al piso.<\/p>\n<p>Tras el impacto, apareci\u00f3 desde una de las habitaciones Carmen S.G., quien cargaba a su peque\u00f1o nieto de un a\u00f1o y seis meses, hijo del mismo imputado, con quien sostuvo una discusi\u00f3n por lo sucedido, exclam\u00e1ndole que deb\u00eda alejarse de su hija por existir una orden judicial que la proteg\u00eda.<\/p>\n<p>Posterior a ello, Carmen pidi\u00f3 auxilio a sus vecinos con el beb\u00e9 en sus brazos, mientras que su ex yerno \u2018Pablo Zorra\u2019, la tom\u00f3 violentamente de uno de sus brazos y la traslad\u00f3 hasta la v\u00eda p\u00fablica para empujarla y apuntar a corta distancia su escopeta, sin importarle que estaba al frente de su propio hijo, disparando al abdomen de la mujer, quien se precipit\u00f3 al suelo.<\/p>\n<p>Sin ning\u00fan remordimiento por lo sucedido en exponer la vida de su peque\u00f1o hijo, quien no result\u00f3 lesionado, Juan Pablo Caballero amenaz\u00f3 a su ex suegra, mientras sangraba en el suelo, que ir\u00eda en b\u00fasqueda de Camila, su ex pareja, para matarla. Una vecina, al escuchar los gritos de auxilio y posteriores disparos, sali\u00f3 hacia la calle a socorrer a Carmen, quien se encontraba cubierta de sangre con el lactante en brazos en el suelo, confes\u00e1ndole entre susurros de dolor que su ex yerno \u2018Pablo Zorra\u2019 le hab\u00eda disparado.<\/p>\n<p>Al mismo tiempo, un hermano de Carmen Gloria, quien vive cercano al sitio del suceso, logr\u00f3 divisar al imputado escapando con un objeto entre sus manos, sin saber que se encontrar\u00eda con la brutal escena de ver a su padre y hermana que estaban heridos por este sujeto, debiendo ser trasladados en una camioneta hasta el Hospital San Camilo de San Felipe.<\/p>\n<p>El primer diagn\u00f3stico para Jaime S.S. fue una herida con arma de fuego en el tend\u00f3n de su codo izquierdo, debiendo ser internado en la Unidad Traumatol\u00f3gica del Hospital San Juan de Dios de Los Andes. Mientras que Carmen Gloria Silva fue intervenida quir\u00fargicamente para extraer la munici\u00f3n que se aloj\u00f3 en su abdomen, que afortunadamente no la mantuvo con riesgo vital, quedando en observaci\u00f3n en la unidad de Cirug\u00eda del Hospital San Camilo de San Felipe.<\/p>\n<p>Por estos episodios, el Fiscal Andr\u00e9s Gallardo aleg\u00f3 ante el Juez Leopoldo Soto que el imputado es un serio peligro para la sociedad, requiriendo la Prisi\u00f3n Preventiva, cuya medida cautelar fue acogida por el tribunal, decretando un plazo de investigaci\u00f3n de 90 d\u00edas.<\/p>\n<p>\u00abAl ser frustrado este homicidio, la pena comienza en cinco a\u00f1os y un d\u00eda, este sujeto ya tiene condenas por Robo con intimidaci\u00f3n; Lesiones menos graves y Amenazas, por lo tanto no puede optar a ning\u00fan tipo de beneficios. Est\u00e1 acreditado que la Polic\u00eda de Investigaciones lo detuvo con un arma de fuego en las manos y con cuatro cartuchos, con la que presumiblemente intent\u00f3 matar al se\u00f1or Silva y su hija\u00bb, se\u00f1al\u00f3 a Diario El Trabajo el representante del Ministerio P\u00fablico, Fiscal Andr\u00e9s Gallardo.<\/p>\n<p>El persecutor a\u00f1adi\u00f3 que Caballero Llanca podr\u00eda ser condenado en estos momentos a diez a\u00f1os y un d\u00eda de c\u00e1rcel efectiva: \u00abEstamos en presencia de dos delitos de Homicidio frustrado, es decir la fiscal\u00eda saca una calificaci\u00f3n jur\u00eddica, el d\u00eda 25 intent\u00f3 matar a dos personas con dos disparos distintos, por lo tanto son dos delitos de Homicidio frustrado. Lamentablemente no hemos tenido un relato m\u00e1s extenso de las v\u00edctimas, por eso hay un plazo de 90 d\u00edas para hacerlo. La palabra peligro para la sociedad se refleja en este imputado\u00bb, concluy\u00f3 Gallardo.<\/p>\n<p>Adem\u00e1s, existen antecedentes dentro de la carpeta investigativa de la fiscal\u00eda el hallazgo de al menos siete municiones que se encontraron al interior de un bolso, mismo que qued\u00f3 en la vivienda de las v\u00edctimas, que al parecer pertenecer\u00eda al imputado, lo que deber\u00e1 ser abordado por la Polic\u00eda de Investigaciones.<\/p>\n<p>Pablo Salinas Sald\u00edas<\/p>\n<p>&nbsp;<\/p>\n","protected":false},"excerpt":{"rendered":"<p>En un hecho ins\u00f3lito, Juan Pablo Caballero Llanca, de 36 a\u00f1os de edad, apodado \u2018Pablo Zorra\u2019, el pasado viernes y s\u00e1bado se dirigi\u00f3 voluntariamente a entregarse ante la fiscal\u00eda, merodeando incluso las&#8230;<\/p>\n","protected":false},"author":482,"featured_media":51633,"comment_status":"open","ping_status":"closed","sticky":false,"template":"","format":"standard","meta":{"advanced_seo_description":"","jetpack_seo_html_title":"","jetpack_seo_noindex":false,"_jetpack_memberships_contains_paid_content":false,"footnotes":""},"categories":[21],"tags":[],"class_list":["post-51632","post","type-post","status-publish","format-standard","has-post-thumbnail","hentry","category-policial"],"jetpack_featured_media_url":"https:\/\/i0.wp.com\/eltrabajo.cl\/portal\/wp-content\/uploads\/2014\/09\/Pablo-Zorra-.jpg?fit=529%2C910&ssl=1","jetpack_sharing_enabled":true,"jetpack_likes_enabled":true,"jetpack-related-posts":[],"_links":{"self":[{"href":"https:\/\/eltrabajo.cl\/portal\/wp-json\/wp\/v2\/posts\/51632","targetHints":{"allow":["GET"]}}],"collection":[{"href":"https:\/\/eltrabajo.cl\/portal\/wp-json\/wp\/v2\/posts"}],"about":[{"href":"https:\/\/eltrabajo.cl\/portal\/wp-json\/wp\/v2\/types\/post"}],"author":[{"embeddable":true,"href":"https:\/\/eltrabajo.cl\/portal\/wp-json\/wp\/v2\/users\/482"}],"replies":[{"embeddable":true,"href":"https:\/\/eltrabajo.cl\/portal\/wp-json\/wp\/v2\/comments?post=51632"}],"version-history":[{"count":0,"href":"https:\/\/eltrabajo.cl\/portal\/wp-json\/wp\/v2\/posts\/51632\/revisions"}],"wp:featuredmedia":[{"embeddable":true,"href":"https:\/\/eltrabajo.cl\/portal\/wp-json\/wp\/v2\/media\/51633"}],"wp:attachment":[{"href":"https:\/\/eltrabajo.cl\/portal\/wp-json\/wp\/v2\/media?parent=51632"}],"wp:term":[{"taxonomy":"category","embeddable":true,"href":"https:\/\/eltrabajo.cl\/portal\/wp-json\/wp\/v2\/categories?post=51632"},{"taxonomy":"post_tag","embeddable":true,"href":"https:\/\/eltrabajo.cl\/portal\/wp-json\/wp\/v2\/tags?post=51632"}],"curies":[{"name":"wp","href":"https:\/\/api.w.org\/{rel}","templated":true}]}}