{"id":51637,"date":"2014-09-29T12:57:43","date_gmt":"2014-09-29T15:57:43","guid":{"rendered":"http:\/\/www.eltrabajo.cl\/portal\/?p=51637"},"modified":"2014-09-29T12:57:43","modified_gmt":"2014-09-29T15:57:43","slug":"banda-perpetro-cuantioso-robo-en-pequeno-minimarket","status":"publish","type":"post","link":"https:\/\/eltrabajo.cl\/portal\/banda-perpetro-cuantioso-robo-en-pequeno-minimarket\/","title":{"rendered":"Banda perpetr\u00f3 cuantioso robo en peque\u00f1o minimarket"},"content":{"rendered":"<figure id=\"attachment_51638\" aria-describedby=\"caption-attachment-51638\" style=\"width: 529px\" class=\"wp-caption alignnone\"><a href=\"https:\/\/i0.wp.com\/www.eltrabajo.cl\/portal\/wp-content\/uploads\/2014\/09\/Desorden1.jpg\"><img data-recalc-dims=\"1\" loading=\"lazy\" decoding=\"async\" class=\"size-full wp-image-51638\" alt=\"En el interior encontraron todo desordenado, sorprendiendo en forma flagrante a uno de los delincuentes, mismo que fue identificado como Daniel Enrique Covarrubias Gonz\u00e1lez, de 19 a\u00f1os, con nutrido prontuario delictual por Robo y Hurto.\" src=\"https:\/\/i0.wp.com\/www.eltrabajo.cl\/portal\/wp-content\/uploads\/2014\/09\/Desorden1.jpg?resize=529%2C358\" width=\"529\" height=\"358\" srcset=\"https:\/\/i0.wp.com\/eltrabajo.cl\/portal\/wp-content\/uploads\/2014\/09\/Desorden1.jpg?w=529&amp;ssl=1 529w, https:\/\/i0.wp.com\/eltrabajo.cl\/portal\/wp-content\/uploads\/2014\/09\/Desorden1.jpg?resize=200%2C135&amp;ssl=1 200w, https:\/\/i0.wp.com\/eltrabajo.cl\/portal\/wp-content\/uploads\/2014\/09\/Desorden1.jpg?resize=300%2C203&amp;ssl=1 300w, https:\/\/i0.wp.com\/eltrabajo.cl\/portal\/wp-content\/uploads\/2014\/09\/Desorden1.jpg?resize=150%2C101&amp;ssl=1 150w, https:\/\/i0.wp.com\/eltrabajo.cl\/portal\/wp-content\/uploads\/2014\/09\/Desorden1.jpg?resize=400%2C270&amp;ssl=1 400w\" sizes=\"auto, (max-width: 529px) 100vw, 529px\" \/><\/a><figcaption id=\"caption-attachment-51638\" class=\"wp-caption-text\">En el interior encontraron todo desordenado, sorprendiendo en forma flagrante a uno de los delincuentes, mismo que fue identificado como Daniel Enrique Covarrubias Gonz\u00e1lez, de 19 a\u00f1os, con nutrido prontuario delictual por Robo y Hurto.<\/figcaption><\/figure>\n<p><strong>CALLE LARGA<\/strong>.- Una banda de antisociales perpetr\u00f3 un cuantioso robo en un minimarket de la comuna, siendo detenido por Carabineros s\u00f3lo uno de los ladrones y recuperadas la totalidad de las especies. El hecho se registr\u00f3 cerca de las 02:00 horas del jueves, cuando un grupo de al menos tres delincuentes lleg\u00f3 hasta Minimarket Los Loinos, ubicado en Calle Larga esquina Calle Castro de esa comuna.<\/p>\n<p><strong>\u00a0UNO FUE PILLADO<\/strong><\/p>\n<p>Con alg\u00fan tipo de herramienta cortaron los candados y luego forzaron la cortina met\u00e1lica, levant\u00e1ndola a una altura suficiente para poder ingresar agachados. Hasta el interior ingres\u00f3 al menos uno de los delincuentes, quien comenz\u00f3 a guardar en bolsas diversas especies como licores, abarrotes, cecinas y carnes.<\/p>\n<figure id=\"attachment_51639\" aria-describedby=\"caption-attachment-51639\" style=\"width: 317px\" class=\"wp-caption alignright\"><a href=\"https:\/\/i0.wp.com\/www.eltrabajo.cl\/portal\/wp-content\/uploads\/2014\/09\/Robo1.jpg\"><img data-recalc-dims=\"1\" loading=\"lazy\" decoding=\"async\" class=\" wp-image-51639 \" alt=\"Uno de los antisociales fue sorprendido in fraganti por Carabineros al interior del establecimiento. Todas las especies fueron recuperadas.\" src=\"https:\/\/i0.wp.com\/www.eltrabajo.cl\/portal\/wp-content\/uploads\/2014\/09\/Robo1.jpg?resize=317%2C337\" width=\"317\" height=\"337\" srcset=\"https:\/\/i0.wp.com\/eltrabajo.cl\/portal\/wp-content\/uploads\/2014\/09\/Robo1.jpg?w=529&amp;ssl=1 529w, https:\/\/i0.wp.com\/eltrabajo.cl\/portal\/wp-content\/uploads\/2014\/09\/Robo1.jpg?resize=141%2C150&amp;ssl=1 141w, https:\/\/i0.wp.com\/eltrabajo.cl\/portal\/wp-content\/uploads\/2014\/09\/Robo1.jpg?resize=282%2C300&amp;ssl=1 282w, https:\/\/i0.wp.com\/eltrabajo.cl\/portal\/wp-content\/uploads\/2014\/09\/Robo1.jpg?resize=400%2C424&amp;ssl=1 400w\" sizes=\"auto, (max-width: 317px) 100vw, 317px\" \/><\/a><figcaption id=\"caption-attachment-51639\" class=\"wp-caption-text\">Uno de los antisociales fue sorprendido in fraganti por Carabineros al interior del establecimiento. Todas las especies fueron recuperadas.<\/figcaption><\/figure>\n<p>Justo en esos momentos pas\u00f3 por el lugar una patrulla de Carabineros, ante lo cual los individuos que estaban afuera se dieron a la fuga. Los funcionarios policiales se acercaron a verificar la situaci\u00f3n, percat\u00e1ndose que la cortina met\u00e1lica estaba levantada y que ten\u00eda un letrero apoyado en el ingreso del local bajo el cual hab\u00eda una bolsa con mercader\u00eda.<\/p>\n<p>Los polic\u00edas tomaron contacto con el due\u00f1o del minimarket, quien lleg\u00f3 a los pocos minutos al lugar y juntos hicieron ingreso por la parte posterior, ya que la cortina met\u00e1lica estaba trabada. Una vez en el interior encontraron todo desordenado, sorprendiendo en forma flagrante a uno de los delincuentes, mismo que fue identificado como Daniel Enrique Covarrubias Gonz\u00e1lez, de 19 a\u00f1os, con nutrido prontuario delictual por Robo y Hurto.<\/p>\n<p>Dado su nutrido prontuario policial la Jueza Carolina Encalada acogi\u00f3 la petici\u00f3n del Ministerio P\u00fablico y decret\u00f3 su Prisi\u00f3n Preventiva por constituir un peligro para la seguridad de la sociedad. El tribunal fij\u00f3 adem\u00e1s un plazo de investigaci\u00f3n hasta el 27 de octubre, d\u00eda en que ser\u00e1 sometido a una Audiencia de Procedimiento Abreviado.<\/p>\n<p>&nbsp;<\/p>\n","protected":false},"excerpt":{"rendered":"<p>CALLE LARGA.- Una banda de antisociales perpetr\u00f3 un cuantioso robo en un minimarket de la comuna, siendo detenido por Carabineros s\u00f3lo uno de los ladrones y recuperadas la totalidad de las especies&#8230;.<\/p>\n","protected":false},"author":482,"featured_media":51638,"comment_status":"open","ping_status":"closed","sticky":false,"template":"","format":"standard","meta":{"advanced_seo_description":"","jetpack_seo_html_title":"","jetpack_seo_noindex":false,"_jetpack_memberships_contains_paid_content":false,"footnotes":""},"categories":[21],"tags":[],"class_list":["post-51637","post","type-post","status-publish","format-standard","has-post-thumbnail","hentry","category-policial"],"jetpack_featured_media_url":"https:\/\/i0.wp.com\/eltrabajo.cl\/portal\/wp-content\/uploads\/2014\/09\/Desorden1.jpg?fit=529%2C358&ssl=1","jetpack_sharing_enabled":true,"jetpack_likes_enabled":true,"jetpack-related-posts":[],"_links":{"self":[{"href":"https:\/\/eltrabajo.cl\/portal\/wp-json\/wp\/v2\/posts\/51637","targetHints":{"allow":["GET"]}}],"collection":[{"href":"https:\/\/eltrabajo.cl\/portal\/wp-json\/wp\/v2\/posts"}],"about":[{"href":"https:\/\/eltrabajo.cl\/portal\/wp-json\/wp\/v2\/types\/post"}],"author":[{"embeddable":true,"href":"https:\/\/eltrabajo.cl\/portal\/wp-json\/wp\/v2\/users\/482"}],"replies":[{"embeddable":true,"href":"https:\/\/eltrabajo.cl\/portal\/wp-json\/wp\/v2\/comments?post=51637"}],"version-history":[{"count":0,"href":"https:\/\/eltrabajo.cl\/portal\/wp-json\/wp\/v2\/posts\/51637\/revisions"}],"wp:featuredmedia":[{"embeddable":true,"href":"https:\/\/eltrabajo.cl\/portal\/wp-json\/wp\/v2\/media\/51638"}],"wp:attachment":[{"href":"https:\/\/eltrabajo.cl\/portal\/wp-json\/wp\/v2\/media?parent=51637"}],"wp:term":[{"taxonomy":"category","embeddable":true,"href":"https:\/\/eltrabajo.cl\/portal\/wp-json\/wp\/v2\/categories?post=51637"},{"taxonomy":"post_tag","embeddable":true,"href":"https:\/\/eltrabajo.cl\/portal\/wp-json\/wp\/v2\/tags?post=51637"}],"curies":[{"name":"wp","href":"https:\/\/api.w.org\/{rel}","templated":true}]}}