{"id":51642,"date":"2014-09-29T12:59:28","date_gmt":"2014-09-29T15:59:28","guid":{"rendered":"http:\/\/www.eltrabajo.cl\/portal\/?p=51642"},"modified":"2014-09-29T12:59:28","modified_gmt":"2014-09-29T15:59:28","slug":"se-roban-10-millones-de-pesos-y-hasta-disco-duro-de-lubricentro-helo","status":"publish","type":"post","link":"https:\/\/eltrabajo.cl\/portal\/se-roban-10-millones-de-pesos-y-hasta-disco-duro-de-lubricentro-helo\/","title":{"rendered":"Se roban 10 millones de pesos y hasta disco duro de Lubricentro Helo"},"content":{"rendered":"<figure id=\"attachment_51643\" aria-describedby=\"caption-attachment-51643\" style=\"width: 317px\" class=\"wp-caption alignleft\"><a href=\"https:\/\/i0.wp.com\/www.eltrabajo.cl\/portal\/wp-content\/uploads\/2014\/09\/Rafael-Helo.jpg\"><img data-recalc-dims=\"1\" loading=\"lazy\" decoding=\"async\" class=\"wp-image-51643 \" alt=\"Rafael Helo fue la nueva v\u00edctima de esta ola de robos que afecta a la comuna de San Felipe.\" src=\"https:\/\/i0.wp.com\/www.eltrabajo.cl\/portal\/wp-content\/uploads\/2014\/09\/Rafael-Helo.jpg?resize=317%2C349\" width=\"317\" height=\"349\" srcset=\"https:\/\/i0.wp.com\/eltrabajo.cl\/portal\/wp-content\/uploads\/2014\/09\/Rafael-Helo.jpg?w=529&amp;ssl=1 529w, https:\/\/i0.wp.com\/eltrabajo.cl\/portal\/wp-content\/uploads\/2014\/09\/Rafael-Helo.jpg?resize=136%2C150&amp;ssl=1 136w, https:\/\/i0.wp.com\/eltrabajo.cl\/portal\/wp-content\/uploads\/2014\/09\/Rafael-Helo.jpg?resize=272%2C300&amp;ssl=1 272w, https:\/\/i0.wp.com\/eltrabajo.cl\/portal\/wp-content\/uploads\/2014\/09\/Rafael-Helo.jpg?resize=400%2C440&amp;ssl=1 400w\" sizes=\"auto, (max-width: 317px) 100vw, 317px\" \/><\/a><figcaption id=\"caption-attachment-51643\" class=\"wp-caption-text\">Rafael Helo fue la nueva v\u00edctima de esta ola de robos que afecta a la comuna de San Felipe.<\/figcaption><\/figure>\n<p>Un nuevo establecimiento comercial sanfelipe\u00f1o se a\u00f1ade a la larga lista negra de la tormentosa ola de robos que se han registrado en los \u00faltimos d\u00edas. En esta ocasi\u00f3n la delincuencia se dej\u00f3 caer en Lubricentro Helo, ubicado en Avenida Chacabuco 79, en donde los antisociales se apoderaron de un bot\u00edn cercano a los $10 millones.<\/p>\n<p><strong>\u00a0SON EXPERTOS<\/strong><\/p>\n<p>El hecho qued\u00f3 al descubierto a primeras horas del pasado viernes cuando su propietario, Rafael Helo, (ya ha sido afectado en cuatro ocasiones de robos al interior de su local) descubri\u00f3 que tuvo en su local a visitantes no deseados, como en este \u00faltimo episodio cuando los delincuentes ingresaron por un terreno en desuso por Calle Toro Mazote, donde escalaron por un muro colindante y de esta forma accedieron por el techo para caer directo en las oficinas administrativas.<\/p>\n<p>En dicho lugar los sujetos destruyeron las c\u00e1maras de seguridad y todo el sistema de alarmas, para desplazarse por el recinto, apoder\u00e1ndose del dinero y cheques que se encontraban al interior de una caja fuerte. Adem\u00e1s de un televisor LCD de 40 pulgadas, un notebook y otra caja fuerte, misma que no lograron abrir, decidiendo finalmente llev\u00e1rsela.<\/p>\n<p>Los sujetos con todas estas especies, las trasladaron hacia la techumbre del local comercial y huyeron por el sitio eriazo, donde incluso se visualiza que violentaron la reja de cierre perimetral de ese terreno para escapar hacia Toro Mazote, en donde las luminarias son d\u00e9biles.<\/p>\n<p><strong>\u00a0EST\u00c1 HARTO<\/strong><\/p>\n<p>Rafael Helo se\u00f1al\u00f3 a Diario El Trabajo estar bastante molesto con esta situaci\u00f3n que le indigna volver denunciar, dado a que en todas las ocasiones que ha sido v\u00edctima, las Polic\u00edas no han obtenido ning\u00fan tipo de resultados de la identidad de los antisociales, ni menos la recuperaci\u00f3n de las millonarias especies sustra\u00eddas.<\/p>\n<p>\u00abEs como p\u00e9rdida de tiempo denunciar, no s\u00e9 hasta donde vamos a llegar con la delincuencia en este pa\u00eds, se est\u00e1 sobrepasando los l\u00edmites. Hoy en d\u00eda esto est\u00e1 insostenible, porque ahora ya no hallas qu\u00e9 medida de seguridad tomar, todo lo violan, lo destruyen, no hay palabras para describir lo que est\u00e1 pasando en estos momentos. Armarse no es la soluci\u00f3n, pero parece que no va a quedar otra alternativa, se torna peligrosa la situaci\u00f3n\u00bb, sostiene Helo.<\/p>\n<p>El comerciante argument\u00f3 que a\u00fan no dispone con exactitud de los montos y especies sustra\u00eddas, las que deber\u00e1 informar a la Polic\u00eda de Investigaciones y sin ning\u00fan tipo de pruebas, ya que los malhechores tras destruir las c\u00e1maras de seguridad, se apoderaron del disco duro que registra las im\u00e1genes.<\/p>\n<p><strong>\u00a0<\/strong><strong>SIN DISCO DURO<\/strong><\/p>\n<p>\u00abTodav\u00eda no logramos hacer un inventario de todo lo sustra\u00eddo, se llevaron una caja fuerte la que no pudieron abrir, desgraciadamente estaban las llaves de la otra caja donde se almacena el dinero, documentos y la caja diaria. Era alg\u00fan dato de que la llave estaba en esa oficina. Ahora destruyeron todo arriba porque hay tejas, registraron los veh\u00edculos que estaban en reparaci\u00f3n pero afortunadamente no sustrajeron nada de ah\u00ed\u00bb, a\u00f1adi\u00f3 Helo.<\/p>\n<p>Pablo Salinas Sald\u00edas<\/p>\n<p>&nbsp;<\/p>\n","protected":false},"excerpt":{"rendered":"<p>Un nuevo establecimiento comercial sanfelipe\u00f1o se a\u00f1ade a la larga lista negra de la tormentosa ola de robos que se han registrado en los \u00faltimos d\u00edas. En esta ocasi\u00f3n la delincuencia se&#8230;<\/p>\n","protected":false},"author":482,"featured_media":51643,"comment_status":"open","ping_status":"closed","sticky":false,"template":"","format":"standard","meta":{"advanced_seo_description":"","jetpack_seo_html_title":"","jetpack_seo_noindex":false,"_jetpack_memberships_contains_paid_content":false,"footnotes":""},"categories":[21],"tags":[],"class_list":["post-51642","post","type-post","status-publish","format-standard","has-post-thumbnail","hentry","category-policial"],"jetpack_featured_media_url":"https:\/\/i0.wp.com\/eltrabajo.cl\/portal\/wp-content\/uploads\/2014\/09\/Rafael-Helo.jpg?fit=529%2C582&ssl=1","jetpack_sharing_enabled":true,"jetpack_likes_enabled":true,"jetpack-related-posts":[],"_links":{"self":[{"href":"https:\/\/eltrabajo.cl\/portal\/wp-json\/wp\/v2\/posts\/51642","targetHints":{"allow":["GET"]}}],"collection":[{"href":"https:\/\/eltrabajo.cl\/portal\/wp-json\/wp\/v2\/posts"}],"about":[{"href":"https:\/\/eltrabajo.cl\/portal\/wp-json\/wp\/v2\/types\/post"}],"author":[{"embeddable":true,"href":"https:\/\/eltrabajo.cl\/portal\/wp-json\/wp\/v2\/users\/482"}],"replies":[{"embeddable":true,"href":"https:\/\/eltrabajo.cl\/portal\/wp-json\/wp\/v2\/comments?post=51642"}],"version-history":[{"count":0,"href":"https:\/\/eltrabajo.cl\/portal\/wp-json\/wp\/v2\/posts\/51642\/revisions"}],"wp:featuredmedia":[{"embeddable":true,"href":"https:\/\/eltrabajo.cl\/portal\/wp-json\/wp\/v2\/media\/51643"}],"wp:attachment":[{"href":"https:\/\/eltrabajo.cl\/portal\/wp-json\/wp\/v2\/media?parent=51642"}],"wp:term":[{"taxonomy":"category","embeddable":true,"href":"https:\/\/eltrabajo.cl\/portal\/wp-json\/wp\/v2\/categories?post=51642"},{"taxonomy":"post_tag","embeddable":true,"href":"https:\/\/eltrabajo.cl\/portal\/wp-json\/wp\/v2\/tags?post=51642"}],"curies":[{"name":"wp","href":"https:\/\/api.w.org\/{rel}","templated":true}]}}