{"id":51658,"date":"2014-09-30T09:22:39","date_gmt":"2014-09-30T12:22:39","guid":{"rendered":"http:\/\/www.eltrabajo.cl\/portal\/?p=51658"},"modified":"2014-09-30T09:22:39","modified_gmt":"2014-09-30T12:22:39","slug":"realizan-primer-cabildo-de-participacion-de-ninos-y-jovenes","status":"publish","type":"post","link":"https:\/\/eltrabajo.cl\/portal\/realizan-primer-cabildo-de-participacion-de-ninos-y-jovenes\/","title":{"rendered":"Realizan primer Cabildo de participaci\u00f3n de ni\u00f1os y j\u00f3venes"},"content":{"rendered":"<figure id=\"attachment_51659\" aria-describedby=\"caption-attachment-51659\" style=\"width: 528px\" class=\"wp-caption alignnone\"><a href=\"https:\/\/i0.wp.com\/www.eltrabajo.cl\/portal\/wp-content\/uploads\/2014\/09\/Grupal13.jpg\"><img data-recalc-dims=\"1\" loading=\"lazy\" decoding=\"async\" class=\"size-full wp-image-51659\" alt=\"Una gran asistencia de ni\u00f1os, j\u00f3venes y padres, se llev\u00f3 a cabo el Primer Cabildo Infantil y Juvenil de esta comuna.\" src=\"https:\/\/i0.wp.com\/www.eltrabajo.cl\/portal\/wp-content\/uploads\/2014\/09\/Grupal13.jpg?resize=528%2C272\" width=\"528\" height=\"272\" srcset=\"https:\/\/i0.wp.com\/eltrabajo.cl\/portal\/wp-content\/uploads\/2014\/09\/Grupal13.jpg?w=528&amp;ssl=1 528w, https:\/\/i0.wp.com\/eltrabajo.cl\/portal\/wp-content\/uploads\/2014\/09\/Grupal13.jpg?resize=200%2C103&amp;ssl=1 200w, https:\/\/i0.wp.com\/eltrabajo.cl\/portal\/wp-content\/uploads\/2014\/09\/Grupal13.jpg?resize=300%2C154&amp;ssl=1 300w, https:\/\/i0.wp.com\/eltrabajo.cl\/portal\/wp-content\/uploads\/2014\/09\/Grupal13.jpg?resize=150%2C77&amp;ssl=1 150w, https:\/\/i0.wp.com\/eltrabajo.cl\/portal\/wp-content\/uploads\/2014\/09\/Grupal13.jpg?resize=400%2C206&amp;ssl=1 400w\" sizes=\"auto, (max-width: 528px) 100vw, 528px\" \/><\/a><figcaption id=\"caption-attachment-51659\" class=\"wp-caption-text\">Una gran asistencia de ni\u00f1os, j\u00f3venes y padres, se llev\u00f3 a cabo el Primer Cabildo Infantil y Juvenil de esta comuna.<\/figcaption><\/figure>\n<p><strong>SANTA MAR\u00cdA<\/strong>.- Con una gran asistencia de ni\u00f1os, j\u00f3venes y padres, se llev\u00f3 a cabo el Primer Cabildo Infantil y Juvenil de esta comuna, que cont\u00f3 con la presencia del Alcalde Claudio Zurita, de concejales de la comuna y de directivos de Educaci\u00f3n y Salud, entre otros. La actividad fue organizada por el Cesfam de Santa Mar\u00eda, cuyos profesionales son dirigidos por la encargada t\u00e9cnica de esta direcci\u00f3n, Carmen Gloria Lucero, estuvieron trabajando por algunas semanas con grupos de ni\u00f1os y j\u00f3venes, primero asimilando y aprendiendo sobre el significado, la importancia y los alcances de un cabildo y luego abarcando lo relativo a su visi\u00f3n y necesidades en diversos \u00e1mbitos.<\/p>\n<figure id=\"attachment_51660\" aria-describedby=\"caption-attachment-51660\" style=\"width: 370px\" class=\"wp-caption alignright\"><a href=\"https:\/\/i0.wp.com\/www.eltrabajo.cl\/portal\/wp-content\/uploads\/2014\/09\/Globos1.jpg\"><img data-recalc-dims=\"1\" loading=\"lazy\" decoding=\"async\" class=\" wp-image-51660 \" alt=\"Tambi\u00e9n se realiz\u00f3 el lanzamiento de globos para elevar en forma simb\u00f3lica los petitorios.\" src=\"https:\/\/i0.wp.com\/www.eltrabajo.cl\/portal\/wp-content\/uploads\/2014\/09\/Globos1.jpg?resize=370%2C251\" width=\"370\" height=\"251\" srcset=\"https:\/\/i0.wp.com\/eltrabajo.cl\/portal\/wp-content\/uploads\/2014\/09\/Globos1.jpg?w=529&amp;ssl=1 529w, https:\/\/i0.wp.com\/eltrabajo.cl\/portal\/wp-content\/uploads\/2014\/09\/Globos1.jpg?resize=200%2C135&amp;ssl=1 200w, https:\/\/i0.wp.com\/eltrabajo.cl\/portal\/wp-content\/uploads\/2014\/09\/Globos1.jpg?resize=300%2C203&amp;ssl=1 300w, https:\/\/i0.wp.com\/eltrabajo.cl\/portal\/wp-content\/uploads\/2014\/09\/Globos1.jpg?resize=150%2C101&amp;ssl=1 150w, https:\/\/i0.wp.com\/eltrabajo.cl\/portal\/wp-content\/uploads\/2014\/09\/Globos1.jpg?resize=400%2C270&amp;ssl=1 400w\" sizes=\"auto, (max-width: 370px) 100vw, 370px\" \/><\/a><figcaption id=\"caption-attachment-51660\" class=\"wp-caption-text\">Tambi\u00e9n se realiz\u00f3 el lanzamiento de globos para elevar en forma simb\u00f3lica los petitorios.<\/figcaption><\/figure>\n<p>Los participantes trabajaron a partir de lluvias de ideas, analizando y debatiendo sobre lo que quer\u00edan para la comuna, para posteriormente con trabajos grupales sistematizar todas estas ideas, clasific\u00e1ndolas en tres \u00e1mbitos; salud, espacios p\u00fablicos, cultura y recreaci\u00f3n, para finalmente desarrollar los petitorios y elaborar las carpetas que fueron presentadas a las autoridades. Los recursos de esta importante actividad fueron b\u00e1sicamente humanos del Cesfam y la alimentaci\u00f3n saludable se entreg\u00f3 por parte del programa de Promoci\u00f3n de la salud.<\/p>\n<p>Al respecto, Carmen Gloria Lucero se\u00f1al\u00f3 que \u00abla idea naci\u00f3 dentro de la planificaci\u00f3n anual que se hace a comienzos de a\u00f1o, se cre\u00f3 en alianza con el Programa de Promoci\u00f3n que es el que tiene recursos, el Programa de Salud Mental, que aporta con los profesionales y Programa Adolescente, que trabaja con ni\u00f1os de diez a 19 a\u00f1os. La idea fue trabajar con este cabildo para poder recuperar e identificar las necesidades e intereses de los j\u00f3venes y desarrollar ideas para mejorar la comuna. Convocamos grupos alrededor de 80 ni\u00f1os de ese rango de edad del programa adolescente, que estaban bajo el Control Joven sano, que es un control de salud preventivo que identifica el estado de salud integral de los ni\u00f1os y cu\u00e1les son sus factores de riesgo y sus factores protectores\u00bb.<\/p>\n<p>Consultada la m\u00e1xima autoridad comunal nos se\u00f1al\u00f3 que \u00abme parece fant\u00e1stico que los ni\u00f1os y j\u00f3venes, tengan esta instancia de poder expresar lo que sienten, de se\u00f1alar que es lo que necesitan y tambi\u00e9n de exigir ser escuchados. Este alcalde y el concejo que lo acompa\u00f1a acoger\u00e1n y estudiar\u00e1n cada una de estas inquietudes, para en lo posible trabajar en ellas. Agradezco a todos quienes hicieron que esta actividad fuese posible. Por \u00faltimo, quiero ratificar nuestro compromiso con los j\u00f3venes y destacar el trabajo que este municipio permanentemente hace por ellos para mejorar su calidad de vida.<\/p>\n<p>Finalmente cabe se\u00f1alar que Salud se har\u00e1 cargo de analizar y trabajar de acuerdo a lo factible, los petitorios de los alumnos de este \u00e1mbito espec\u00edfico, mientras que el Municipio har\u00e1 lo propio con los \u00e1mbitos de espacios p\u00fablicos, cultura y recreaci\u00f3n.<\/p>\n","protected":false},"excerpt":{"rendered":"<p>SANTA MAR\u00cdA.- Con una gran asistencia de ni\u00f1os, j\u00f3venes y padres, se llev\u00f3 a cabo el Primer Cabildo Infantil y Juvenil de esta comuna, que cont\u00f3 con la presencia del Alcalde Claudio&#8230;<\/p>\n","protected":false},"author":482,"featured_media":51659,"comment_status":"open","ping_status":"closed","sticky":false,"template":"","format":"standard","meta":{"advanced_seo_description":"","jetpack_seo_html_title":"","jetpack_seo_noindex":false,"_jetpack_memberships_contains_paid_content":false,"footnotes":""},"categories":[15],"tags":[],"class_list":["post-51658","post","type-post","status-publish","format-standard","has-post-thumbnail","hentry","category-comunidad"],"jetpack_featured_media_url":"https:\/\/i0.wp.com\/eltrabajo.cl\/portal\/wp-content\/uploads\/2014\/09\/Grupal13.jpg?fit=528%2C272&ssl=1","jetpack_sharing_enabled":true,"jetpack_likes_enabled":true,"jetpack-related-posts":[],"_links":{"self":[{"href":"https:\/\/eltrabajo.cl\/portal\/wp-json\/wp\/v2\/posts\/51658","targetHints":{"allow":["GET"]}}],"collection":[{"href":"https:\/\/eltrabajo.cl\/portal\/wp-json\/wp\/v2\/posts"}],"about":[{"href":"https:\/\/eltrabajo.cl\/portal\/wp-json\/wp\/v2\/types\/post"}],"author":[{"embeddable":true,"href":"https:\/\/eltrabajo.cl\/portal\/wp-json\/wp\/v2\/users\/482"}],"replies":[{"embeddable":true,"href":"https:\/\/eltrabajo.cl\/portal\/wp-json\/wp\/v2\/comments?post=51658"}],"version-history":[{"count":0,"href":"https:\/\/eltrabajo.cl\/portal\/wp-json\/wp\/v2\/posts\/51658\/revisions"}],"wp:featuredmedia":[{"embeddable":true,"href":"https:\/\/eltrabajo.cl\/portal\/wp-json\/wp\/v2\/media\/51659"}],"wp:attachment":[{"href":"https:\/\/eltrabajo.cl\/portal\/wp-json\/wp\/v2\/media?parent=51658"}],"wp:term":[{"taxonomy":"category","embeddable":true,"href":"https:\/\/eltrabajo.cl\/portal\/wp-json\/wp\/v2\/categories?post=51658"},{"taxonomy":"post_tag","embeddable":true,"href":"https:\/\/eltrabajo.cl\/portal\/wp-json\/wp\/v2\/tags?post=51658"}],"curies":[{"name":"wp","href":"https:\/\/api.w.org\/{rel}","templated":true}]}}