{"id":51663,"date":"2014-09-30T09:28:45","date_gmt":"2014-09-30T12:28:45","guid":{"rendered":"http:\/\/www.eltrabajo.cl\/portal\/?p=51663"},"modified":"2014-09-30T09:28:45","modified_gmt":"2014-09-30T12:28:45","slug":"mas-de-3-000-personas-participaron-en-primer-manteles-al-pasto","status":"publish","type":"post","link":"https:\/\/eltrabajo.cl\/portal\/mas-de-3-000-personas-participaron-en-primer-manteles-al-pasto\/","title":{"rendered":"M\u00e1s de 3.000 personas participaron en primer Manteles al pasto"},"content":{"rendered":"<figure id=\"attachment_51664\" aria-describedby=\"caption-attachment-51664\" style=\"width: 529px\" class=\"wp-caption alignnone\"><a href=\"https:\/\/i0.wp.com\/www.eltrabajo.cl\/portal\/wp-content\/uploads\/2014\/09\/Manteles1.jpg\"><img data-recalc-dims=\"1\" loading=\"lazy\" decoding=\"async\" class=\"size-full wp-image-51664\" alt=\"Alameda Chacabuco fue el epicentro de la m\u00fasica en vivo, el teatro infantil, la artesan\u00eda local y la participaci\u00f3n de la ciudadan\u00eda.\" src=\"https:\/\/i0.wp.com\/www.eltrabajo.cl\/portal\/wp-content\/uploads\/2014\/09\/Manteles1.jpg?resize=529%2C339\" width=\"529\" height=\"339\" srcset=\"https:\/\/i0.wp.com\/eltrabajo.cl\/portal\/wp-content\/uploads\/2014\/09\/Manteles1.jpg?w=529&amp;ssl=1 529w, https:\/\/i0.wp.com\/eltrabajo.cl\/portal\/wp-content\/uploads\/2014\/09\/Manteles1.jpg?resize=200%2C128&amp;ssl=1 200w, https:\/\/i0.wp.com\/eltrabajo.cl\/portal\/wp-content\/uploads\/2014\/09\/Manteles1.jpg?resize=300%2C192&amp;ssl=1 300w, https:\/\/i0.wp.com\/eltrabajo.cl\/portal\/wp-content\/uploads\/2014\/09\/Manteles1.jpg?resize=150%2C96&amp;ssl=1 150w, https:\/\/i0.wp.com\/eltrabajo.cl\/portal\/wp-content\/uploads\/2014\/09\/Manteles1.jpg?resize=400%2C256&amp;ssl=1 400w\" sizes=\"auto, (max-width: 529px) 100vw, 529px\" \/><\/a><figcaption id=\"caption-attachment-51664\" class=\"wp-caption-text\">Alameda Chacabuco fue el epicentro de la m\u00fasica en vivo, el teatro infantil, la artesan\u00eda local y la participaci\u00f3n de la ciudadan\u00eda.<\/figcaption><\/figure>\n<p>Respondiendo al compromiso formulado por el Alcalde Patricio Freire, en cuanto a recuperar los espacios p\u00fablicos para la participaci\u00f3n, el desarrollo art\u00edstico y la recreaci\u00f3n de las familias, el Departamento de Cultura de la municipalidad logr\u00f3 desarrollar con gran \u00e9xito la primera versi\u00f3n de \u201cManteles al Pasto\u201d.<\/p>\n<p>Se trata de una actividad que permiti\u00f3 ocupar el bandej\u00f3n de Alameda Chacabuco entre Salinas y Combate de las Coimas, ocasi\u00f3n en la que los m\u00e1s de 3.000 asistentes que llegaron durante todo el d\u00eda, pudieron visitar los m\u00f3dulos de venta de artesan\u00eda, juegos infantiles, m\u00fasica en vivo y tal como se\u00f1ala el nombre de la actividad, poner sus manteles en el pasto para compartir almuerzos y onces, junto a familiares y amigos.<\/p>\n<figure id=\"attachment_51665\" aria-describedby=\"caption-attachment-51665\" style=\"width: 370px\" class=\"wp-caption alignright\"><a href=\"https:\/\/i0.wp.com\/www.eltrabajo.cl\/portal\/wp-content\/uploads\/2014\/09\/Manteles2.jpg\"><img data-recalc-dims=\"1\" loading=\"lazy\" decoding=\"async\" class=\" wp-image-51665 \" alt=\"Se trata de una actividad que permiti\u00f3 ocupar el bandej\u00f3n de Alameda Chacabuco entre Salinas y Combate de las Coimas.\" src=\"https:\/\/i0.wp.com\/www.eltrabajo.cl\/portal\/wp-content\/uploads\/2014\/09\/Manteles2.jpg?resize=370%2C281\" width=\"370\" height=\"281\" srcset=\"https:\/\/i0.wp.com\/eltrabajo.cl\/portal\/wp-content\/uploads\/2014\/09\/Manteles2.jpg?w=529&amp;ssl=1 529w, https:\/\/i0.wp.com\/eltrabajo.cl\/portal\/wp-content\/uploads\/2014\/09\/Manteles2.jpg?resize=197%2C150&amp;ssl=1 197w, https:\/\/i0.wp.com\/eltrabajo.cl\/portal\/wp-content\/uploads\/2014\/09\/Manteles2.jpg?resize=300%2C227&amp;ssl=1 300w, https:\/\/i0.wp.com\/eltrabajo.cl\/portal\/wp-content\/uploads\/2014\/09\/Manteles2.jpg?resize=150%2C113&amp;ssl=1 150w, https:\/\/i0.wp.com\/eltrabajo.cl\/portal\/wp-content\/uploads\/2014\/09\/Manteles2.jpg?resize=400%2C303&amp;ssl=1 400w\" sizes=\"auto, (max-width: 370px) 100vw, 370px\" \/><\/a><figcaption id=\"caption-attachment-51665\" class=\"wp-caption-text\">Se trata de una actividad que permiti\u00f3 ocupar el bandej\u00f3n de Alameda Chacabuco entre Salinas y Combate de las Coimas.<\/figcaption><\/figure>\n<p>Seg\u00fan explic\u00f3 el encargado del Departamento de Cultura de la municipalidad de San Felipe, Ricardo Ruiz Herrera, la comunidad respondi\u00f3 positivamente a la iniciativa, destacando que \u201cnuestro alcalde ha comprometido trabajar arduamente por devolver los espacios p\u00fablicos a la comunidad y es as\u00ed que ac\u00e1 pudimos ver a much\u00edsimas familias que compartieron y disfrutaron de una tarde agradable tarde\u201d.<\/p>\n<p>A\u00f1adi\u00f3 que en este caso, la actividad ten\u00eda un elemento muy atractivo como era el de aprovechar un \u00e1rea verde de la comuna, lo que permit\u00eda a las familias compartir en torno a uno de los pulmones verdes de San Felipe, donde los ni\u00f1os por ejemplo, pudieron disfrutar de una obra teatral y los adultos de m\u00fasica en vivo. Ricardo Ruiz manifest\u00f3 que esta actividad se mantendr\u00e1 en el tiempo, por lo que la pr\u00f3xima edici\u00f3n se realizar\u00e1 el primer s\u00e1bado de noviembre, en este mismo sector de la ciudad de San Felipe.<\/p>\n<p>&nbsp;<\/p>\n","protected":false},"excerpt":{"rendered":"<p>Respondiendo al compromiso formulado por el Alcalde Patricio Freire, en cuanto a recuperar los espacios p\u00fablicos para la participaci\u00f3n, el desarrollo art\u00edstico y la recreaci\u00f3n de las familias, el Departamento de Cultura&#8230;<\/p>\n","protected":false},"author":482,"featured_media":51664,"comment_status":"open","ping_status":"closed","sticky":false,"template":"","format":"standard","meta":{"advanced_seo_description":"","jetpack_seo_html_title":"","jetpack_seo_noindex":false,"_jetpack_memberships_contains_paid_content":false,"footnotes":""},"categories":[15],"tags":[],"class_list":["post-51663","post","type-post","status-publish","format-standard","has-post-thumbnail","hentry","category-comunidad"],"jetpack_featured_media_url":"https:\/\/i0.wp.com\/eltrabajo.cl\/portal\/wp-content\/uploads\/2014\/09\/Manteles1.jpg?fit=529%2C339&ssl=1","jetpack_sharing_enabled":true,"jetpack_likes_enabled":true,"jetpack-related-posts":[],"_links":{"self":[{"href":"https:\/\/eltrabajo.cl\/portal\/wp-json\/wp\/v2\/posts\/51663","targetHints":{"allow":["GET"]}}],"collection":[{"href":"https:\/\/eltrabajo.cl\/portal\/wp-json\/wp\/v2\/posts"}],"about":[{"href":"https:\/\/eltrabajo.cl\/portal\/wp-json\/wp\/v2\/types\/post"}],"author":[{"embeddable":true,"href":"https:\/\/eltrabajo.cl\/portal\/wp-json\/wp\/v2\/users\/482"}],"replies":[{"embeddable":true,"href":"https:\/\/eltrabajo.cl\/portal\/wp-json\/wp\/v2\/comments?post=51663"}],"version-history":[{"count":0,"href":"https:\/\/eltrabajo.cl\/portal\/wp-json\/wp\/v2\/posts\/51663\/revisions"}],"wp:featuredmedia":[{"embeddable":true,"href":"https:\/\/eltrabajo.cl\/portal\/wp-json\/wp\/v2\/media\/51664"}],"wp:attachment":[{"href":"https:\/\/eltrabajo.cl\/portal\/wp-json\/wp\/v2\/media?parent=51663"}],"wp:term":[{"taxonomy":"category","embeddable":true,"href":"https:\/\/eltrabajo.cl\/portal\/wp-json\/wp\/v2\/categories?post=51663"},{"taxonomy":"post_tag","embeddable":true,"href":"https:\/\/eltrabajo.cl\/portal\/wp-json\/wp\/v2\/tags?post=51663"}],"curies":[{"name":"wp","href":"https:\/\/api.w.org\/{rel}","templated":true}]}}