{"id":51702,"date":"2014-09-30T09:54:08","date_gmt":"2014-09-30T12:54:08","guid":{"rendered":"http:\/\/www.eltrabajo.cl\/portal\/?p=51702"},"modified":"2014-09-30T09:54:08","modified_gmt":"2014-09-30T12:54:08","slug":"senaletica-vial-de-fierro-instalada-a-centimetros-de-carretera","status":"publish","type":"post","link":"https:\/\/eltrabajo.cl\/portal\/senaletica-vial-de-fierro-instalada-a-centimetros-de-carretera\/","title":{"rendered":"Se\u00f1al\u00e9tica vial de fierro instalada a cent\u00edmetros de carretera"},"content":{"rendered":"<figure id=\"attachment_51705\" aria-describedby=\"caption-attachment-51705\" style=\"width: 529px\" class=\"wp-caption alignnone\"><a href=\"https:\/\/i0.wp.com\/www.eltrabajo.cl\/portal\/wp-content\/uploads\/2014\/09\/Peligro1.jpg\"><img data-recalc-dims=\"1\" loading=\"lazy\" decoding=\"async\" class=\"size-full wp-image-51705\" alt=\"Esta enorme estructura de fierro, misma que permitir\u00e1 la instalaci\u00f3n de una se\u00f1al\u00e9tica vial, sorprendentemente fue instalada a s\u00f3lo cent\u00edmetros de la carretera que une Putaendo con Cabildo, en las inmediaciones del Puente Putaendo.\" src=\"https:\/\/i0.wp.com\/www.eltrabajo.cl\/portal\/wp-content\/uploads\/2014\/09\/Peligro1.jpg?resize=529%2C358\" width=\"529\" height=\"358\" srcset=\"https:\/\/i0.wp.com\/eltrabajo.cl\/portal\/wp-content\/uploads\/2014\/09\/Peligro1.jpg?w=529&amp;ssl=1 529w, https:\/\/i0.wp.com\/eltrabajo.cl\/portal\/wp-content\/uploads\/2014\/09\/Peligro1.jpg?resize=200%2C135&amp;ssl=1 200w, https:\/\/i0.wp.com\/eltrabajo.cl\/portal\/wp-content\/uploads\/2014\/09\/Peligro1.jpg?resize=300%2C203&amp;ssl=1 300w, https:\/\/i0.wp.com\/eltrabajo.cl\/portal\/wp-content\/uploads\/2014\/09\/Peligro1.jpg?resize=150%2C101&amp;ssl=1 150w, https:\/\/i0.wp.com\/eltrabajo.cl\/portal\/wp-content\/uploads\/2014\/09\/Peligro1.jpg?resize=400%2C270&amp;ssl=1 400w\" sizes=\"auto, (max-width: 529px) 100vw, 529px\" \/><\/a><figcaption id=\"caption-attachment-51705\" class=\"wp-caption-text\">Esta enorme estructura de fierro, misma que permitir\u00e1 la instalaci\u00f3n de una se\u00f1al\u00e9tica vial, sorprendentemente fue instalada a s\u00f3lo cent\u00edmetros de la carretera que une Putaendo con Cabildo, en las inmediaciones del Puente Putaendo.<\/figcaption><\/figure>\n<p><strong>PUTAENDO.-<\/strong> Una enorme estructura de fierro, misma que permitir\u00e1 la instalaci\u00f3n de una se\u00f1al\u00e9tica vial, sorprendentemente fue instalada a s\u00f3lo cent\u00edmetros de la carretera que une Putaendo con Cabildo, en las inmediaciones del Puente Putaendo. Varios automovilistas nos hicieron ver su preocupaci\u00f3n por considerar que uno de los pilares de la estructura de fierro y tal como lo muestra la fotograf\u00eda, est\u00e1 ubicado muy cerca de la berma y del camino, por lo que al acudir a ese lugar verificamos que efectivamente el letrero est\u00e1 muy cerca de la carretera y uno de sus pilares est\u00e1 pr\u00e1cticamente pegado a la berma.<\/p>\n<p>Al consultar sobre esta situaci\u00f3n a la Direcci\u00f3n de Obras de la Municipalidad de Putaendo, su director, Jorge Reyes, indic\u00f3 que la instalaci\u00f3n de ese letrero se debe a un proyecto de construcci\u00f3n y restricci\u00f3n del camino de conectividad a Embalse Chacrillas y la se\u00f1al\u00e9tica mencionar\u00e1 el trabajo que se realizar\u00e1 en Los Patos y los montos asociados, por lo que es un letrero vial autorizado por el MOP a trav\u00e9s de Vialidad e instalado por una empresa contratista.<\/p>\n<p>Reyes sostuvo que los trabajos est\u00e1n siendo supervisados por Vialidad, pero que efectivamente la estructura est\u00e1 a s\u00f3lo 50 cent\u00edmetros de donde termina la berma, por lo que efectivamente es un peligro para los automovilistas, ante lo cual se comunic\u00f3 con la Direcci\u00f3n Provincial de Vialidad para exponer este tema.<\/p>\n<p>El Director de Obras asegur\u00f3 que Vialidad no estaba al tanto de este detalle, por lo que se solicitar\u00e1 una fiscalizaci\u00f3n urgente a los trabajos. Jorge Reyes confirm\u00f3 que el emplazamiento no es el adecuado y que efectivamente si los trabajos contin\u00faan ser\u00e1 un peligro para automovilistas y sobre todo para camiones, por lo que espera que esto sea solucionado a la brevedad por Vialidad.<\/p>\n<p>Patricio Gallardo M.<\/p>\n<p>&nbsp;<\/p>\n","protected":false},"excerpt":{"rendered":"<p>PUTAENDO.- Una enorme estructura de fierro, misma que permitir\u00e1 la instalaci\u00f3n de una se\u00f1al\u00e9tica vial, sorprendentemente fue instalada a s\u00f3lo cent\u00edmetros de la carretera que une Putaendo con Cabildo, en las inmediaciones&#8230;<\/p>\n","protected":false},"author":482,"featured_media":51705,"comment_status":"open","ping_status":"closed","sticky":false,"template":"","format":"standard","meta":{"advanced_seo_description":"","jetpack_seo_html_title":"","jetpack_seo_noindex":false,"_jetpack_memberships_contains_paid_content":false,"footnotes":""},"categories":[15],"tags":[],"class_list":["post-51702","post","type-post","status-publish","format-standard","has-post-thumbnail","hentry","category-comunidad"],"jetpack_featured_media_url":"https:\/\/i0.wp.com\/eltrabajo.cl\/portal\/wp-content\/uploads\/2014\/09\/Peligro1.jpg?fit=529%2C358&ssl=1","jetpack_sharing_enabled":true,"jetpack_likes_enabled":true,"jetpack-related-posts":[],"_links":{"self":[{"href":"https:\/\/eltrabajo.cl\/portal\/wp-json\/wp\/v2\/posts\/51702","targetHints":{"allow":["GET"]}}],"collection":[{"href":"https:\/\/eltrabajo.cl\/portal\/wp-json\/wp\/v2\/posts"}],"about":[{"href":"https:\/\/eltrabajo.cl\/portal\/wp-json\/wp\/v2\/types\/post"}],"author":[{"embeddable":true,"href":"https:\/\/eltrabajo.cl\/portal\/wp-json\/wp\/v2\/users\/482"}],"replies":[{"embeddable":true,"href":"https:\/\/eltrabajo.cl\/portal\/wp-json\/wp\/v2\/comments?post=51702"}],"version-history":[{"count":0,"href":"https:\/\/eltrabajo.cl\/portal\/wp-json\/wp\/v2\/posts\/51702\/revisions"}],"wp:featuredmedia":[{"embeddable":true,"href":"https:\/\/eltrabajo.cl\/portal\/wp-json\/wp\/v2\/media\/51705"}],"wp:attachment":[{"href":"https:\/\/eltrabajo.cl\/portal\/wp-json\/wp\/v2\/media?parent=51702"}],"wp:term":[{"taxonomy":"category","embeddable":true,"href":"https:\/\/eltrabajo.cl\/portal\/wp-json\/wp\/v2\/categories?post=51702"},{"taxonomy":"post_tag","embeddable":true,"href":"https:\/\/eltrabajo.cl\/portal\/wp-json\/wp\/v2\/tags?post=51702"}],"curies":[{"name":"wp","href":"https:\/\/api.w.org\/{rel}","templated":true}]}}