{"id":51708,"date":"2014-09-30T09:59:09","date_gmt":"2014-09-30T12:59:09","guid":{"rendered":"http:\/\/www.eltrabajo.cl\/portal\/?p=51708"},"modified":"2014-09-30T09:59:09","modified_gmt":"2014-09-30T12:59:09","slug":"trasladan-a-ocho-presos-a-carcel-portena-tras-publicacion-de-fotos-en-facebook","status":"publish","type":"post","link":"https:\/\/eltrabajo.cl\/portal\/trasladan-a-ocho-presos-a-carcel-portena-tras-publicacion-de-fotos-en-facebook\/","title":{"rendered":"Trasladan a ocho presos a c\u00e1rcel porte\u00f1a tras publicaci\u00f3n de fotos en Facebook"},"content":{"rendered":"<figure id=\"attachment_51709\" aria-describedby=\"caption-attachment-51709\" style=\"width: 528px\" class=\"wp-caption alignnone\"><a href=\"https:\/\/i0.wp.com\/www.eltrabajo.cl\/portal\/wp-content\/uploads\/2014\/09\/Reos-Valparaiso.jpg\"><img data-recalc-dims=\"1\" loading=\"lazy\" decoding=\"async\" class=\"size-full wp-image-51709\" alt=\"Esta fue la fotograf\u00eda publicada en portada por Diario El Trabajo, donde aparece un condenado y siete imputados al interior de la c\u00e1rcel de Los Andes.\" src=\"https:\/\/i0.wp.com\/www.eltrabajo.cl\/portal\/wp-content\/uploads\/2014\/09\/Reos-Valparaiso.jpg?resize=528%2C400\" width=\"528\" height=\"400\" srcset=\"https:\/\/i0.wp.com\/eltrabajo.cl\/portal\/wp-content\/uploads\/2014\/09\/Reos-Valparaiso.jpg?w=528&amp;ssl=1 528w, https:\/\/i0.wp.com\/eltrabajo.cl\/portal\/wp-content\/uploads\/2014\/09\/Reos-Valparaiso.jpg?resize=198%2C150&amp;ssl=1 198w, https:\/\/i0.wp.com\/eltrabajo.cl\/portal\/wp-content\/uploads\/2014\/09\/Reos-Valparaiso.jpg?resize=300%2C227&amp;ssl=1 300w, https:\/\/i0.wp.com\/eltrabajo.cl\/portal\/wp-content\/uploads\/2014\/09\/Reos-Valparaiso.jpg?resize=150%2C113&amp;ssl=1 150w, https:\/\/i0.wp.com\/eltrabajo.cl\/portal\/wp-content\/uploads\/2014\/09\/Reos-Valparaiso.jpg?resize=400%2C303&amp;ssl=1 400w\" sizes=\"auto, (max-width: 528px) 100vw, 528px\" \/><\/a><figcaption id=\"caption-attachment-51709\" class=\"wp-caption-text\">Esta fue la fotograf\u00eda publicada en portada por Diario El Trabajo, donde aparece un condenado y siete imputados al interior de la c\u00e1rcel de Los Andes.<\/figcaption><\/figure>\n<p>Tras la investigaci\u00f3n realizada por Diario El Trabajo y publicada en su edici\u00f3n del pasado 3 de septiembre de este a\u00f1o, en la que denunciamos fotograf\u00edas tomadas desde el interior de la c\u00e1rcel de Los Andes en la cuenta personal de Facebook del actual condenado Francisco Ruiz Luengo junto a otros siete internos, desde la Direcci\u00f3n Regional de Gendarmer\u00eda se resolvi\u00f3 sancionar a los protagonistas traslad\u00e1ndolos en forma inmediata hasta el Centro Penitenciario de Valpara\u00edso, por considerar la situaci\u00f3n como una transgresi\u00f3n a las medidas de seguridad institucional.<\/p>\n<figure id=\"attachment_51710\" aria-describedby=\"caption-attachment-51710\" style=\"width: 254px\" class=\"wp-caption alignright\"><a href=\"https:\/\/i0.wp.com\/www.eltrabajo.cl\/portal\/wp-content\/uploads\/2014\/09\/Ximena-Luengo.jpg\"><img data-recalc-dims=\"1\" loading=\"lazy\" decoding=\"async\" class=\" wp-image-51710  \" alt=\"Ximena Luengo Barros, madre de Francisco y Danilo, dos retratados en la pol\u00e9mica fotograf\u00eda, teme por la vida de sus hijos tras ser trasladados hasta la C\u00e1rcel de Valpara\u00edso.\" src=\"https:\/\/i0.wp.com\/www.eltrabajo.cl\/portal\/wp-content\/uploads\/2014\/09\/Ximena-Luengo.jpg?resize=254%2C337\" width=\"254\" height=\"337\" srcset=\"https:\/\/i0.wp.com\/eltrabajo.cl\/portal\/wp-content\/uploads\/2014\/09\/Ximena-Luengo.jpg?w=529&amp;ssl=1 529w, https:\/\/i0.wp.com\/eltrabajo.cl\/portal\/wp-content\/uploads\/2014\/09\/Ximena-Luengo.jpg?resize=113%2C150&amp;ssl=1 113w, https:\/\/i0.wp.com\/eltrabajo.cl\/portal\/wp-content\/uploads\/2014\/09\/Ximena-Luengo.jpg?resize=226%2C300&amp;ssl=1 226w, https:\/\/i0.wp.com\/eltrabajo.cl\/portal\/wp-content\/uploads\/2014\/09\/Ximena-Luengo.jpg?resize=400%2C530&amp;ssl=1 400w\" sizes=\"auto, (max-width: 254px) 100vw, 254px\" \/><\/a><figcaption id=\"caption-attachment-51710\" class=\"wp-caption-text\">Ximena Luengo Barros, madre de Francisco y Danilo, dos retratados en la pol\u00e9mica fotograf\u00eda, teme por la vida de sus hijos tras ser trasladados hasta la C\u00e1rcel de Valpara\u00edso.<\/figcaption><\/figure>\n<p>Como se recordar\u00e1, Ruiz Luengo fue condenado por el Tribunal Oral en Lo Penal de San Felipe a cumplir una pena efectiva de 14 a\u00f1os por tres delitos de Robo con violencia, siendo absuelto de cargos de otra causa por Receptaci\u00f3n y un Robo con violencia. Aquel d\u00eda, luego que los jueces emitieran la lectura de sentencia, pasadas unas horas el condenado subi\u00f3 una cantidad considerable de fotograf\u00edas a su cuenta Facebook, desde el Centro de Cumplimiento Penitenciario de Los Andes junto a otros siete reclusos, adem\u00e1s de otros puntos de la misma c\u00e1rcel, incluso otras fotograf\u00edas desde la c\u00e1rcel de San Felipe.<\/p>\n<p>Luego de la publicaci\u00f3n en portada de nuestro medio, el alcaide de ese centro penitenciario andino, Teniente Coronel Walter Mu\u00f1oz, remiti\u00f3 los antecedentes a la Direcci\u00f3n Regional de Gendarmer\u00eda, quien resolvi\u00f3 el traslado inmediato de los retratados hasta la c\u00e1rcel porte\u00f1a.<\/p>\n<p>\u201cEstas son las medidas que se adoptan normalmente cuando ocurren este tipo de hechos, cuando sale esta publicaci\u00f3n se inform\u00f3 a la Direcci\u00f3n Regional de Gendarmer\u00eda y dada la situaci\u00f3n se tom\u00f3 la resoluci\u00f3n. Como fue portada y sale a la luz p\u00fablica, se toman medidas de seguridad institucional, porque eso no corresponde estar haciendo ese tipo de cosas que atentan a la seguridad de los establecimientos, se informa a la superioridad de la situaci\u00f3n ocurrida, los internos declararon y tambi\u00e9n reconocieron el hecho, por lo que se toma la medida de trasladarlos de la unidad, porque ellos ten\u00edan un elemento prohibido, por lo que reitero, atenta en contra de la seguridad de la misma unidad penal\u201d, indic\u00f3 a Diario El Trabajo el Alcaide del Centro de Cumplimiento Penitenciario de Los Andes, Teniente Coronel Walter Mu\u00f1oz.<\/p>\n<p><strong>FAMILIA MOLESTA<\/strong><\/p>\n<p>Sin embargo, para la familia de Francisco Ruiz Luengo esta sanci\u00f3n no fue muy bien recibida, dado a que ahora deben trasladarse hasta la ciudad porte\u00f1a en distintos horarios destinados para las visitas, lo que actualmente les genera un alto costo econ\u00f3mico para movilizarse.<\/p>\n<p>En entrevista con Ximena Luengo Barros, madre de Francisco y Danilo, este \u00faltimo imputado por un delito de Robo, quien tambi\u00e9n aparece retratado en la pol\u00e9mica fotograf\u00eda colgada en la red social, considera que esta sanci\u00f3n implica que sus hijos y los otros acusados corren riesgo con sus vidas al estar en ese centro penitenciario, por lo que clama que Gendarmer\u00eda revierta esta decisi\u00f3n y puedan trasladar nuevamente a los implicados a cumplir sus condenas en la c\u00e1rcel andina, reconociendo el error que cometi\u00f3 su hijo.<\/p>\n<p>\u00abEstoy descontenta porque a mis hijos se los llevaron para el puerto y no tengo los medios para ir a verlos, no miraron que hay una familia detr\u00e1s, tengo a mis hijas y las tengo que dejar solas para ir a verlos a ellos, lo que quiero es que los devuelvan para ac\u00e1, porque mi hijo est\u00e1 aislado, no puede entrar a ning\u00fan m\u00f3dulo, porque est\u00e1 amenazado de muerte. Vamos a llegar hasta las \u00faltimas consecuencias, porque quiero ver el bienestar de mi hijo y estar bien yo, y no tengo los medios para viajar todos los d\u00edas, porque como tengo a mis dos hijos all\u00e1, las visitas son distintas. Estoy hablando por todos los muchachos que se llevaron de ac\u00e1, tengo entendido que si ellos no hicieron algo relacionado con sangre, podr\u00edan haber estado castigado ac\u00e1 y no en el puerto. Si estaba en Los Andes deber\u00edan haberlos sancionado ah\u00ed y no llev\u00e1rselo afuera, porque son personas, no son animales para haberlos tirado para all\u00e1, porque no hay buenos tratos\u201d, clam\u00f3 angustiada Ximena Luengo.<\/p>\n<p>Agreg\u00f3 que golpear\u00e1 todas las puertas necesarias para ser escuchada, incluso hasta pedir una audiencia con el Director Nacional de Gendarmer\u00eda para interceder por sus hijos y el resto de los protagonistas de las fotograf\u00edas publicadas.<\/p>\n<p>Consultado al respecto, al Alcaide del Centro de Cumplimiento Penitenciario Andino, Walter Mu\u00f1oz, asegur\u00f3 que desde que se ejecut\u00f3 la resoluci\u00f3n de traslado de los internos, los familiares no se han acercado para dialogar y explicar la sanci\u00f3n ya ejecutada. As\u00ed mismo, el oficial explic\u00f3 que esta medida podr\u00eda revertirse de acuerdo al comportamiento que mantenga cada imputado dentro de la unidad que se encuentran, \u00abcomo esto no es inmediato, se eval\u00faa la posibilidad de retorno considerando la petici\u00f3n de los familiares, pero depender\u00e1 del comportamiento de cada uno en el Complejo Penitenciario de Valpara\u00edso\u201d, puntualiz\u00f3 Mu\u00f1oz.<\/p>\n<p>El alcaide destac\u00f3 que dada la vulnerabilidad de los hechos investigados se intensificaron los controles de ingreso de las visitas y el registro al interior de toda la unidad penal, para que no vuelva a ocurrir una situaci\u00f3n similar.<\/p>\n<p>Pablo Salinas Sald\u00edas<\/p>\n","protected":false},"excerpt":{"rendered":"<p>Tras la investigaci\u00f3n realizada por Diario El Trabajo y publicada en su edici\u00f3n del pasado 3 de septiembre de este a\u00f1o, en la que denunciamos fotograf\u00edas tomadas desde el interior de la&#8230;<\/p>\n","protected":false},"author":482,"featured_media":51709,"comment_status":"open","ping_status":"closed","sticky":false,"template":"","format":"standard","meta":{"advanced_seo_description":"","jetpack_seo_html_title":"","jetpack_seo_noindex":false,"_jetpack_memberships_contains_paid_content":false,"footnotes":""},"categories":[15],"tags":[],"class_list":["post-51708","post","type-post","status-publish","format-standard","has-post-thumbnail","hentry","category-comunidad"],"jetpack_featured_media_url":"https:\/\/i0.wp.com\/eltrabajo.cl\/portal\/wp-content\/uploads\/2014\/09\/Reos-Valparaiso.jpg?fit=528%2C400&ssl=1","jetpack_sharing_enabled":true,"jetpack_likes_enabled":true,"jetpack-related-posts":[],"_links":{"self":[{"href":"https:\/\/eltrabajo.cl\/portal\/wp-json\/wp\/v2\/posts\/51708","targetHints":{"allow":["GET"]}}],"collection":[{"href":"https:\/\/eltrabajo.cl\/portal\/wp-json\/wp\/v2\/posts"}],"about":[{"href":"https:\/\/eltrabajo.cl\/portal\/wp-json\/wp\/v2\/types\/post"}],"author":[{"embeddable":true,"href":"https:\/\/eltrabajo.cl\/portal\/wp-json\/wp\/v2\/users\/482"}],"replies":[{"embeddable":true,"href":"https:\/\/eltrabajo.cl\/portal\/wp-json\/wp\/v2\/comments?post=51708"}],"version-history":[{"count":0,"href":"https:\/\/eltrabajo.cl\/portal\/wp-json\/wp\/v2\/posts\/51708\/revisions"}],"wp:featuredmedia":[{"embeddable":true,"href":"https:\/\/eltrabajo.cl\/portal\/wp-json\/wp\/v2\/media\/51709"}],"wp:attachment":[{"href":"https:\/\/eltrabajo.cl\/portal\/wp-json\/wp\/v2\/media?parent=51708"}],"wp:term":[{"taxonomy":"category","embeddable":true,"href":"https:\/\/eltrabajo.cl\/portal\/wp-json\/wp\/v2\/categories?post=51708"},{"taxonomy":"post_tag","embeddable":true,"href":"https:\/\/eltrabajo.cl\/portal\/wp-json\/wp\/v2\/tags?post=51708"}],"curies":[{"name":"wp","href":"https:\/\/api.w.org\/{rel}","templated":true}]}}