{"id":51724,"date":"2014-10-01T09:24:01","date_gmt":"2014-10-01T12:24:01","guid":{"rendered":"http:\/\/www.eltrabajo.cl\/portal\/?p=51724"},"modified":"2014-10-01T09:24:01","modified_gmt":"2014-10-01T12:24:01","slug":"cateminos-encantados-con-la-pergola-de-las-flores-en-escena","status":"publish","type":"post","link":"https:\/\/eltrabajo.cl\/portal\/cateminos-encantados-con-la-pergola-de-las-flores-en-escena\/","title":{"rendered":"Cateminos encantados con \u2018La p\u00e9rgola de las flores\u2019 en escena"},"content":{"rendered":"<figure id=\"attachment_51725\" aria-describedby=\"caption-attachment-51725\" style=\"width: 529px\" class=\"wp-caption alignnone\"><a href=\"https:\/\/i0.wp.com\/www.eltrabajo.cl\/portal\/wp-content\/uploads\/2014\/10\/Pergola1.jpg\"><img data-recalc-dims=\"1\" loading=\"lazy\" decoding=\"async\" class=\"size-full wp-image-51725\" alt=\"Todo un \u00e9xito result\u00f3 la presentaci\u00f3n del Grupo de teatro de La Armada en la comuna, con la cl\u00e1sica obra La p\u00e9rgola de las flores.\" src=\"https:\/\/i0.wp.com\/www.eltrabajo.cl\/portal\/wp-content\/uploads\/2014\/10\/Pergola1.jpg?resize=529%2C360\" width=\"529\" height=\"360\" srcset=\"https:\/\/i0.wp.com\/eltrabajo.cl\/portal\/wp-content\/uploads\/2014\/10\/Pergola1.jpg?w=529&amp;ssl=1 529w, https:\/\/i0.wp.com\/eltrabajo.cl\/portal\/wp-content\/uploads\/2014\/10\/Pergola1.jpg?resize=200%2C136&amp;ssl=1 200w, https:\/\/i0.wp.com\/eltrabajo.cl\/portal\/wp-content\/uploads\/2014\/10\/Pergola1.jpg?resize=300%2C204&amp;ssl=1 300w, https:\/\/i0.wp.com\/eltrabajo.cl\/portal\/wp-content\/uploads\/2014\/10\/Pergola1.jpg?resize=150%2C102&amp;ssl=1 150w, https:\/\/i0.wp.com\/eltrabajo.cl\/portal\/wp-content\/uploads\/2014\/10\/Pergola1.jpg?resize=400%2C272&amp;ssl=1 400w\" sizes=\"auto, (max-width: 529px) 100vw, 529px\" \/><\/a><figcaption id=\"caption-attachment-51725\" class=\"wp-caption-text\">Todo un \u00e9xito result\u00f3 la presentaci\u00f3n del Grupo de teatro de La Armada en la comuna, con la cl\u00e1sica obra La p\u00e9rgola de las flores.<\/figcaption><\/figure>\n<p><strong>CATEMU<\/strong>.- Todo un \u00e9xito result\u00f3 la presentaci\u00f3n del Grupo de teatro de La Armada en la comuna, con la cl\u00e1sica obra La p\u00e9rgola de las flores, ante un lleno total de p\u00fablico el pasado viernes. Una tremenda puesta en escena trajo el elenco de La Armada, conformado por un grupo cercano a las 45 personas, quienes realizan presentaciones sin fines de lucro, principalmente de obras de autores nacionales.<\/p>\n<figure id=\"attachment_51727\" aria-describedby=\"caption-attachment-51727\" style=\"width: 317px\" class=\"wp-caption alignright\"><a href=\"https:\/\/i0.wp.com\/www.eltrabajo.cl\/portal\/wp-content\/uploads\/2014\/10\/Teatro1.jpg\"><img data-recalc-dims=\"1\" loading=\"lazy\" decoding=\"async\" class=\" wp-image-51727 \" alt=\"A trav\u00e9s del municipio se realiz\u00f3 la gesti\u00f3n que hizo posible la realizaci\u00f3n de tremendo espect\u00e1culo cultural.\" src=\"https:\/\/i0.wp.com\/www.eltrabajo.cl\/portal\/wp-content\/uploads\/2014\/10\/Teatro1.jpg?resize=317%2C179\" width=\"317\" height=\"179\" srcset=\"https:\/\/i0.wp.com\/eltrabajo.cl\/portal\/wp-content\/uploads\/2014\/10\/Teatro1.jpg?w=529&amp;ssl=1 529w, https:\/\/i0.wp.com\/eltrabajo.cl\/portal\/wp-content\/uploads\/2014\/10\/Teatro1.jpg?resize=200%2C113&amp;ssl=1 200w, https:\/\/i0.wp.com\/eltrabajo.cl\/portal\/wp-content\/uploads\/2014\/10\/Teatro1.jpg?resize=300%2C169&amp;ssl=1 300w, https:\/\/i0.wp.com\/eltrabajo.cl\/portal\/wp-content\/uploads\/2014\/10\/Teatro1.jpg?resize=150%2C84&amp;ssl=1 150w, https:\/\/i0.wp.com\/eltrabajo.cl\/portal\/wp-content\/uploads\/2014\/10\/Teatro1.jpg?resize=400%2C226&amp;ssl=1 400w\" sizes=\"auto, (max-width: 317px) 100vw, 317px\" \/><\/a><figcaption id=\"caption-attachment-51727\" class=\"wp-caption-text\">A trav\u00e9s del municipio se realiz\u00f3 la gesti\u00f3n que hizo posible la realizaci\u00f3n de tremendo espect\u00e1culo cultural.<\/figcaption><\/figure>\n<p>En esta ocasi\u00f3n, a trav\u00e9s del municipio se realiz\u00f3 la gesti\u00f3n que hizo posible la realizaci\u00f3n de tremendo espect\u00e1culo cultural, mismo que cautiv\u00f3 al p\u00fablico de Catemu, sacando carcajadas a los presenteso, adem\u00e1s de llevarse aplausos de pie, al finalizar su presentaci\u00f3n. Desde ni\u00f1os hasta adultos mayores de la comuna disfrutaron en familia cada momento de comedia y picard\u00eda, que caracteriza a los personajes de La p\u00e9rgola de las flores, adem\u00e1s de su m\u00fasica en vivo y la tremenda escenograf\u00eda utilizada para esta.<\/p>\n<p>\u201cEstamos muy contentos de haber tenido el honor de contar con el Grupo de teatro de La Armada en nuestra comuna, quienes con su talento nos deleitaron a todos con esta obra. La gran asistencia que hoy hubo de parte de la comunidad, nos confirma que en Catemu hay inter\u00e9s por la cultura, y eso nos incentiva a continuar realizando este tipo de eventos\u201d, se\u00f1al\u00f3 Luksic.<\/p>\n","protected":false},"excerpt":{"rendered":"<p>CATEMU.- Todo un \u00e9xito result\u00f3 la presentaci\u00f3n del Grupo de teatro de La Armada en la comuna, con la cl\u00e1sica obra La p\u00e9rgola de las flores, ante un lleno total de p\u00fablico&#8230;<\/p>\n","protected":false},"author":482,"featured_media":51725,"comment_status":"open","ping_status":"closed","sticky":false,"template":"","format":"standard","meta":{"advanced_seo_description":"","jetpack_seo_html_title":"","jetpack_seo_noindex":false,"_jetpack_memberships_contains_paid_content":false,"footnotes":""},"categories":[15],"tags":[],"class_list":["post-51724","post","type-post","status-publish","format-standard","has-post-thumbnail","hentry","category-comunidad"],"jetpack_featured_media_url":"https:\/\/i0.wp.com\/eltrabajo.cl\/portal\/wp-content\/uploads\/2014\/10\/Pergola1.jpg?fit=529%2C360&ssl=1","jetpack_sharing_enabled":true,"jetpack_likes_enabled":true,"jetpack-related-posts":[],"_links":{"self":[{"href":"https:\/\/eltrabajo.cl\/portal\/wp-json\/wp\/v2\/posts\/51724","targetHints":{"allow":["GET"]}}],"collection":[{"href":"https:\/\/eltrabajo.cl\/portal\/wp-json\/wp\/v2\/posts"}],"about":[{"href":"https:\/\/eltrabajo.cl\/portal\/wp-json\/wp\/v2\/types\/post"}],"author":[{"embeddable":true,"href":"https:\/\/eltrabajo.cl\/portal\/wp-json\/wp\/v2\/users\/482"}],"replies":[{"embeddable":true,"href":"https:\/\/eltrabajo.cl\/portal\/wp-json\/wp\/v2\/comments?post=51724"}],"version-history":[{"count":0,"href":"https:\/\/eltrabajo.cl\/portal\/wp-json\/wp\/v2\/posts\/51724\/revisions"}],"wp:featuredmedia":[{"embeddable":true,"href":"https:\/\/eltrabajo.cl\/portal\/wp-json\/wp\/v2\/media\/51725"}],"wp:attachment":[{"href":"https:\/\/eltrabajo.cl\/portal\/wp-json\/wp\/v2\/media?parent=51724"}],"wp:term":[{"taxonomy":"category","embeddable":true,"href":"https:\/\/eltrabajo.cl\/portal\/wp-json\/wp\/v2\/categories?post=51724"},{"taxonomy":"post_tag","embeddable":true,"href":"https:\/\/eltrabajo.cl\/portal\/wp-json\/wp\/v2\/tags?post=51724"}],"curies":[{"name":"wp","href":"https:\/\/api.w.org\/{rel}","templated":true}]}}