{"id":51730,"date":"2014-10-01T09:27:04","date_gmt":"2014-10-01T12:27:04","guid":{"rendered":"http:\/\/www.eltrabajo.cl\/portal\/?p=51730"},"modified":"2014-10-01T09:27:04","modified_gmt":"2014-10-01T12:27:04","slug":"escuelas-rurales-de-sector-jahuel-desarrollan-taller-escuela-y-familia","status":"publish","type":"post","link":"https:\/\/eltrabajo.cl\/portal\/escuelas-rurales-de-sector-jahuel-desarrollan-taller-escuela-y-familia\/","title":{"rendered":"Escuelas rurales de sector Jahuel desarrollan taller \u2018Escuela y familia\u2019"},"content":{"rendered":"<figure id=\"attachment_51731\" aria-describedby=\"caption-attachment-51731\" style=\"width: 528px\" class=\"wp-caption alignnone\"><a href=\"https:\/\/i0.wp.com\/www.eltrabajo.cl\/portal\/wp-content\/uploads\/2014\/10\/Alegria2.jpg\"><img data-recalc-dims=\"1\" loading=\"lazy\" decoding=\"async\" class=\"size-full wp-image-51731\" alt=\"Para terminar este micro-centro especial, se hizo entrega a cada apoderado y director de escuela, de un \u00e1rbol nativo, los que fueron, donados gentilmente por el Miguel Salinas, encargado de la Eco-Granja de Rinconada de Los Andes.\" src=\"https:\/\/i0.wp.com\/www.eltrabajo.cl\/portal\/wp-content\/uploads\/2014\/10\/Alegria2.jpg?resize=528%2C340\" width=\"528\" height=\"340\" srcset=\"https:\/\/i0.wp.com\/eltrabajo.cl\/portal\/wp-content\/uploads\/2014\/10\/Alegria2.jpg?w=528&amp;ssl=1 528w, https:\/\/i0.wp.com\/eltrabajo.cl\/portal\/wp-content\/uploads\/2014\/10\/Alegria2.jpg?resize=200%2C128&amp;ssl=1 200w, https:\/\/i0.wp.com\/eltrabajo.cl\/portal\/wp-content\/uploads\/2014\/10\/Alegria2.jpg?resize=300%2C193&amp;ssl=1 300w, https:\/\/i0.wp.com\/eltrabajo.cl\/portal\/wp-content\/uploads\/2014\/10\/Alegria2.jpg?resize=150%2C96&amp;ssl=1 150w, https:\/\/i0.wp.com\/eltrabajo.cl\/portal\/wp-content\/uploads\/2014\/10\/Alegria2.jpg?resize=400%2C257&amp;ssl=1 400w\" sizes=\"auto, (max-width: 528px) 100vw, 528px\" \/><\/a><figcaption id=\"caption-attachment-51731\" class=\"wp-caption-text\">Para terminar este micro-centro especial, se hizo entrega a cada apoderado y director de escuela, de un \u00e1rbol nativo, los que fueron, donados gentilmente por el Miguel Salinas, encargado de la Eco-Granja de Rinconada de Los Andes.<\/figcaption><\/figure>\n<p><strong>SANTA MAR\u00cdA<\/strong>.- La Coordinadora de Micro-centro de Santa Mar\u00eda, Nelly Antim\u00e1n Bello, inform\u00f3 a Diario El Trabajo que las cuatro escuelas rurales del sector Hahuel, propiamente la Escuela Julio Tejedor Z\u00fa\u00f1iga de Jahuelito; Escuela David del Curto de Santa Filomena; Escuela Aurora Velasco P\u00e9rez de Las Cabras y la Escuela La Higuera de La Higuera, conforman el micro-centro de esta comuna, se re\u00fanen mensualmente como equipo docente para compartir, actualizar y mejorar sus pr\u00e1cticas pedag\u00f3gicas en favor de sus estudiantes. Pero como los apoderados tambi\u00e9n son parte importante en la formaci\u00f3n de ni\u00f1os, es que en septiembre se ha establecido como el mes en que un grupo de apoderados de estos cuatro establecimientos son invitados a formar parte de esta importante jornada.<\/p>\n<figure id=\"attachment_51733\" aria-describedby=\"caption-attachment-51733\" style=\"width: 370px\" class=\"wp-caption alignright\"><a href=\"https:\/\/i0.wp.com\/www.eltrabajo.cl\/portal\/wp-content\/uploads\/2014\/10\/Alegria1.jpg\"><img data-recalc-dims=\"1\" loading=\"lazy\" decoding=\"async\" class=\" wp-image-51733 \" alt=\"El pasado viernes 26 se realiz\u00f3 en la Casa del deporte de Santa Mar\u00eda, la jornada llamada \u2018Escuela y familia\u2019.\" src=\"https:\/\/i0.wp.com\/www.eltrabajo.cl\/portal\/wp-content\/uploads\/2014\/10\/Alegria1.jpg?resize=370%2C225\" width=\"370\" height=\"225\" srcset=\"https:\/\/i0.wp.com\/eltrabajo.cl\/portal\/wp-content\/uploads\/2014\/10\/Alegria1.jpg?w=529&amp;ssl=1 529w, https:\/\/i0.wp.com\/eltrabajo.cl\/portal\/wp-content\/uploads\/2014\/10\/Alegria1.jpg?resize=200%2C121&amp;ssl=1 200w, https:\/\/i0.wp.com\/eltrabajo.cl\/portal\/wp-content\/uploads\/2014\/10\/Alegria1.jpg?resize=300%2C182&amp;ssl=1 300w, https:\/\/i0.wp.com\/eltrabajo.cl\/portal\/wp-content\/uploads\/2014\/10\/Alegria1.jpg?resize=150%2C91&amp;ssl=1 150w, https:\/\/i0.wp.com\/eltrabajo.cl\/portal\/wp-content\/uploads\/2014\/10\/Alegria1.jpg?resize=400%2C242&amp;ssl=1 400w\" sizes=\"auto, (max-width: 370px) 100vw, 370px\" \/><\/a><figcaption id=\"caption-attachment-51733\" class=\"wp-caption-text\">El pasado viernes 26 se realiz\u00f3 en la Casa del deporte de Santa Mar\u00eda, la jornada llamada \u2018Escuela y familia\u2019.<\/figcaption><\/figure>\n<p>El pasado viernes 26 se realiz\u00f3 en la Casa del deporte de Santa Mar\u00eda, la jornada llamada \u2018Escuela y familia\u2019, actividad que cont\u00f3 con la presencia del Alcalde Claudio Zurita; el Jefe de la Daem Rosalindo Gonz\u00e1lez; el Asesor T\u00e9cnico Pedag\u00f3gico de la Daem, Patricio Urrutia L\u00f3pez; directores, docentes, asistentes y apoderados de los cuatro establecimientos anteriormente mencionados.<\/p>\n<p>La Jornada consisti\u00f3 en presentar a los apoderados un tema, el que les permiti\u00f3 autoevaluarse como padre o madre, luego compartieron un caf\u00e9 para posteriormente reunirse en grupos y compartir y concluir en relaci\u00f3n al tema. Luego de la exposici\u00f3n y plenario de cada grupo, se concluy\u00f3 con la intervenci\u00f3n del psic\u00f3logo, integrante del equipo del Programa de Integraci\u00f3n Comunal, Fernando Hormaz\u00e1bal, quien realiz\u00f3 una exposici\u00f3n acorde al tema trabajado y que dio cierre a la Jornada.<\/p>\n<p>Para terminar este micro-centro especial, se hizo entrega a cada apoderado y director de escuela, de un \u00e1rbol nativo, los que fueron, donados gentilmente por el Miguel Salinas, encargado de la Eco-Granja de Rinconada de Los Andes, perteneciente a la Municipalidad de esa Comuna y con empanadas y jugos gentileza de la Municipalidad de Santa Mar\u00eda.<\/p>\n<p>&nbsp;<\/p>\n","protected":false},"excerpt":{"rendered":"<p>SANTA MAR\u00cdA.- La Coordinadora de Micro-centro de Santa Mar\u00eda, Nelly Antim\u00e1n Bello, inform\u00f3 a Diario El Trabajo que las cuatro escuelas rurales del sector Hahuel, propiamente la Escuela Julio Tejedor Z\u00fa\u00f1iga de&#8230;<\/p>\n","protected":false},"author":482,"featured_media":51731,"comment_status":"open","ping_status":"closed","sticky":false,"template":"","format":"standard","meta":{"advanced_seo_description":"","jetpack_seo_html_title":"","jetpack_seo_noindex":false,"_jetpack_memberships_contains_paid_content":false,"footnotes":""},"categories":[15],"tags":[],"class_list":["post-51730","post","type-post","status-publish","format-standard","has-post-thumbnail","hentry","category-comunidad"],"jetpack_featured_media_url":"https:\/\/i0.wp.com\/eltrabajo.cl\/portal\/wp-content\/uploads\/2014\/10\/Alegria2.jpg?fit=528%2C340&ssl=1","jetpack_sharing_enabled":true,"jetpack_likes_enabled":true,"jetpack-related-posts":[],"_links":{"self":[{"href":"https:\/\/eltrabajo.cl\/portal\/wp-json\/wp\/v2\/posts\/51730","targetHints":{"allow":["GET"]}}],"collection":[{"href":"https:\/\/eltrabajo.cl\/portal\/wp-json\/wp\/v2\/posts"}],"about":[{"href":"https:\/\/eltrabajo.cl\/portal\/wp-json\/wp\/v2\/types\/post"}],"author":[{"embeddable":true,"href":"https:\/\/eltrabajo.cl\/portal\/wp-json\/wp\/v2\/users\/482"}],"replies":[{"embeddable":true,"href":"https:\/\/eltrabajo.cl\/portal\/wp-json\/wp\/v2\/comments?post=51730"}],"version-history":[{"count":0,"href":"https:\/\/eltrabajo.cl\/portal\/wp-json\/wp\/v2\/posts\/51730\/revisions"}],"wp:featuredmedia":[{"embeddable":true,"href":"https:\/\/eltrabajo.cl\/portal\/wp-json\/wp\/v2\/media\/51731"}],"wp:attachment":[{"href":"https:\/\/eltrabajo.cl\/portal\/wp-json\/wp\/v2\/media?parent=51730"}],"wp:term":[{"taxonomy":"category","embeddable":true,"href":"https:\/\/eltrabajo.cl\/portal\/wp-json\/wp\/v2\/categories?post=51730"},{"taxonomy":"post_tag","embeddable":true,"href":"https:\/\/eltrabajo.cl\/portal\/wp-json\/wp\/v2\/tags?post=51730"}],"curies":[{"name":"wp","href":"https:\/\/api.w.org\/{rel}","templated":true}]}}