{"id":51736,"date":"2014-10-01T09:28:20","date_gmt":"2014-10-01T12:28:20","guid":{"rendered":"http:\/\/www.eltrabajo.cl\/portal\/?p=51736"},"modified":"2014-10-01T09:28:20","modified_gmt":"2014-10-01T12:28:20","slug":"las-coimas-lanzo-oficialmente-campana-teleton-2014","status":"publish","type":"post","link":"https:\/\/eltrabajo.cl\/portal\/las-coimas-lanzo-oficialmente-campana-teleton-2014\/","title":{"rendered":"Las Coimas lanz\u00f3 oficialmente campa\u00f1a Telet\u00f3n 2014"},"content":{"rendered":"<figure id=\"attachment_51737\" aria-describedby=\"caption-attachment-51737\" style=\"width: 528px\" class=\"wp-caption alignnone\"><a href=\"https:\/\/i0.wp.com\/www.eltrabajo.cl\/portal\/wp-content\/uploads\/2014\/10\/Teleton1.jpg\"><img data-recalc-dims=\"1\" loading=\"lazy\" decoding=\"async\" class=\"size-full wp-image-51737\" alt=\"Los representantes de la Comisi\u00f3n Telet\u00f3n de Las Coimas, lanzaron oficialmente la campa\u00f1a que pretende superar con creces el aporte realizado el a\u00f1o 2012.\" src=\"https:\/\/i0.wp.com\/www.eltrabajo.cl\/portal\/wp-content\/uploads\/2014\/10\/Teleton1.jpg?resize=528%2C285\" width=\"528\" height=\"285\" srcset=\"https:\/\/i0.wp.com\/eltrabajo.cl\/portal\/wp-content\/uploads\/2014\/10\/Teleton1.jpg?w=528&amp;ssl=1 528w, https:\/\/i0.wp.com\/eltrabajo.cl\/portal\/wp-content\/uploads\/2014\/10\/Teleton1.jpg?resize=200%2C107&amp;ssl=1 200w, https:\/\/i0.wp.com\/eltrabajo.cl\/portal\/wp-content\/uploads\/2014\/10\/Teleton1.jpg?resize=300%2C161&amp;ssl=1 300w, https:\/\/i0.wp.com\/eltrabajo.cl\/portal\/wp-content\/uploads\/2014\/10\/Teleton1.jpg?resize=150%2C80&amp;ssl=1 150w, https:\/\/i0.wp.com\/eltrabajo.cl\/portal\/wp-content\/uploads\/2014\/10\/Teleton1.jpg?resize=400%2C215&amp;ssl=1 400w\" sizes=\"auto, (max-width: 528px) 100vw, 528px\" \/><\/a><figcaption id=\"caption-attachment-51737\" class=\"wp-caption-text\">Los representantes de la Comisi\u00f3n Telet\u00f3n de Las Coimas, lanzaron oficialmente la campa\u00f1a que pretende superar con creces el aporte realizado el a\u00f1o 2012.<\/figcaption><\/figure>\n<p><strong>PUTAENDO<\/strong>.- Los representantes de la Comisi\u00f3n Telet\u00f3n de Las Coimas, lanzaron oficialmente la campa\u00f1a que pretende superar con creces el aporte realizado el a\u00f1o 2012. Javier Zamora, Presidente de la Comisi\u00f3n Telet\u00f3n, acompa\u00f1ado de la Tesorera Ruth Araya, la representante de la Capilla Santa Filomena de Las Coimas, Isabel Olgu\u00edn, adem\u00e1s del representante del Comit\u00e9 de Adelanto La Palma, Haroldo Guerra; Ana Hurtado, Presidenta de Centro Femenino Manantial de Las Coimas; Romina Carvallo en representaci\u00f3n del Jard\u00edn Infantil HuipiPeiki\u00f1n, la cocinera Mar\u00eda Ester Ch\u00e1vez y las j\u00f3venes Hilda Zamora y Lissette Ch\u00e1vez, visitaron las oficinas de nuestro medio para contarnos detalles de la extensa jornada que tienen preparada para el 28 y 29 de noviembre, y de las actividades que ya han comenzado a desarrollar.<\/p>\n<p>Zamora asegur\u00f3 que durante los primeros d\u00edas del mes de septiembre ya realizaron algunos campeonatos de baby f\u00fatbol, los que se repetir\u00e1n a mediados del pr\u00f3ximo mes, adem\u00e1s se encuentran preparando lo que ser\u00e1 una versi\u00f3n de Jeep Fun-Race, que se realizar\u00e1 por primera vez en Las Coimas, lo que ser\u00e1 todo un acontecimiento y que ser\u00e1 avisado oportunamente a trav\u00e9s de nuestro medio.<\/p>\n<p>Para el d\u00eda de la Telet\u00f3n se tiene preparado un tremendo espect\u00e1culo con artistas locales y de Aconcagua, entre los que se cuenta la presentaci\u00f3n del popular personaje de Las Coimas, conocido por todos como \u00abPata de cumbia\u00bb y su gran representaci\u00f3n de Luciano Bello. Este grupo de vecinos de Las Coimas, a los cuales se suman muchos m\u00e1s, son un ejemplo de organizaci\u00f3n, trabajo y perseverancia y ya el a\u00f1o 2012 lograron recaudar $.5.648.593, meta que esperan superar con creces con el apoyo de toda la comunidad.<\/p>\n<p>Nuestro medio se suma a esta iniciativa y les mantendr\u00e1 completamente informados de todas las actividades que la Comisi\u00f3n Telet\u00f3n de Las Coimas organizar\u00e1, pues como se\u00f1alaron los integrantes de esta comisi\u00f3n, el amor que Las Coimas tiene por los ni\u00f1os de la Telet\u00f3n es grande y en esta ocasi\u00f3n pretenden superar lo recaudado el 2012, que por cierto, vale la pena recordar que fue el aporte m\u00e1s significativo en la comuna de Putaendo.<\/p>\n<p>Patricio Gallardo M.<\/p>\n<p>&nbsp;<\/p>\n","protected":false},"excerpt":{"rendered":"<p>PUTAENDO.- Los representantes de la Comisi\u00f3n Telet\u00f3n de Las Coimas, lanzaron oficialmente la campa\u00f1a que pretende superar con creces el aporte realizado el a\u00f1o 2012. Javier Zamora, Presidente de la Comisi\u00f3n Telet\u00f3n,&#8230;<\/p>\n","protected":false},"author":482,"featured_media":51737,"comment_status":"open","ping_status":"closed","sticky":false,"template":"","format":"standard","meta":{"advanced_seo_description":"","jetpack_seo_html_title":"","jetpack_seo_noindex":false,"_jetpack_memberships_contains_paid_content":false,"footnotes":""},"categories":[15],"tags":[],"class_list":["post-51736","post","type-post","status-publish","format-standard","has-post-thumbnail","hentry","category-comunidad"],"jetpack_featured_media_url":"https:\/\/i0.wp.com\/eltrabajo.cl\/portal\/wp-content\/uploads\/2014\/10\/Teleton1.jpg?fit=528%2C285&ssl=1","jetpack_sharing_enabled":true,"jetpack_likes_enabled":true,"jetpack-related-posts":[],"_links":{"self":[{"href":"https:\/\/eltrabajo.cl\/portal\/wp-json\/wp\/v2\/posts\/51736","targetHints":{"allow":["GET"]}}],"collection":[{"href":"https:\/\/eltrabajo.cl\/portal\/wp-json\/wp\/v2\/posts"}],"about":[{"href":"https:\/\/eltrabajo.cl\/portal\/wp-json\/wp\/v2\/types\/post"}],"author":[{"embeddable":true,"href":"https:\/\/eltrabajo.cl\/portal\/wp-json\/wp\/v2\/users\/482"}],"replies":[{"embeddable":true,"href":"https:\/\/eltrabajo.cl\/portal\/wp-json\/wp\/v2\/comments?post=51736"}],"version-history":[{"count":0,"href":"https:\/\/eltrabajo.cl\/portal\/wp-json\/wp\/v2\/posts\/51736\/revisions"}],"wp:featuredmedia":[{"embeddable":true,"href":"https:\/\/eltrabajo.cl\/portal\/wp-json\/wp\/v2\/media\/51737"}],"wp:attachment":[{"href":"https:\/\/eltrabajo.cl\/portal\/wp-json\/wp\/v2\/media?parent=51736"}],"wp:term":[{"taxonomy":"category","embeddable":true,"href":"https:\/\/eltrabajo.cl\/portal\/wp-json\/wp\/v2\/categories?post=51736"},{"taxonomy":"post_tag","embeddable":true,"href":"https:\/\/eltrabajo.cl\/portal\/wp-json\/wp\/v2\/tags?post=51736"}],"curies":[{"name":"wp","href":"https:\/\/api.w.org\/{rel}","templated":true}]}}