{"id":51740,"date":"2014-10-01T09:29:37","date_gmt":"2014-10-01T12:29:37","guid":{"rendered":"http:\/\/www.eltrabajo.cl\/portal\/?p=51740"},"modified":"2014-10-01T09:29:37","modified_gmt":"2014-10-01T12:29:37","slug":"pie-y-equipo-de-audicion-celebro-el-dia-internacional-del-sordo","status":"publish","type":"post","link":"https:\/\/eltrabajo.cl\/portal\/pie-y-equipo-de-audicion-celebro-el-dia-internacional-del-sordo\/","title":{"rendered":"PIE y equipo de audici\u00f3n celebr\u00f3 el D\u00eda Internacional del Sordo"},"content":{"rendered":"<figure id=\"attachment_51741\" aria-describedby=\"caption-attachment-51741\" style=\"width: 529px\" class=\"wp-caption alignnone\"><a href=\"https:\/\/i0.wp.com\/www.eltrabajo.cl\/portal\/wp-content\/uploads\/2014\/10\/Sordos1.jpg\"><img data-recalc-dims=\"1\" loading=\"lazy\" decoding=\"async\" class=\"size-full wp-image-51741\" alt=\"Durante la jornada, los profesionales a cargo de este programa dieron a conocer la forma como trabajan con los ni\u00f1os sordos, quienes desde peque\u00f1os reciben apoyo.\" src=\"https:\/\/i0.wp.com\/www.eltrabajo.cl\/portal\/wp-content\/uploads\/2014\/10\/Sordos1.jpg?resize=529%2C401\" width=\"529\" height=\"401\" srcset=\"https:\/\/i0.wp.com\/eltrabajo.cl\/portal\/wp-content\/uploads\/2014\/10\/Sordos1.jpg?w=529&amp;ssl=1 529w, https:\/\/i0.wp.com\/eltrabajo.cl\/portal\/wp-content\/uploads\/2014\/10\/Sordos1.jpg?resize=197%2C150&amp;ssl=1 197w, https:\/\/i0.wp.com\/eltrabajo.cl\/portal\/wp-content\/uploads\/2014\/10\/Sordos1.jpg?resize=300%2C227&amp;ssl=1 300w, https:\/\/i0.wp.com\/eltrabajo.cl\/portal\/wp-content\/uploads\/2014\/10\/Sordos1.jpg?resize=150%2C113&amp;ssl=1 150w, https:\/\/i0.wp.com\/eltrabajo.cl\/portal\/wp-content\/uploads\/2014\/10\/Sordos1.jpg?resize=400%2C303&amp;ssl=1 400w\" sizes=\"auto, (max-width: 529px) 100vw, 529px\" \/><\/a><figcaption id=\"caption-attachment-51741\" class=\"wp-caption-text\">Durante la jornada, los profesionales a cargo de este programa dieron a conocer la forma como trabajan con los ni\u00f1os sordos, quienes desde peque\u00f1os reciben apoyo.<\/figcaption><\/figure>\n<p>El Programa de Integraci\u00f3n Escolar de la Daem de San Felipe junto al equipo de audici\u00f3n, celebr\u00f3 el viernes reci\u00e9n pasado el D\u00eda Internacional del Sordo, siendo la primera vez que se realiza esta actividad en la comuna. El PIE trabaja durante todo el a\u00f1o con ni\u00f1os sordos, en todos los niveles, quienes son apoyados por profesionales especialmente preparados, entre los que se cuentan int\u00e9rprete de se\u00f1as, educadores diferenciales que manejan se\u00f1as, fonoaudi\u00f3logos, psic\u00f3logos y todo el equipo PIE.<\/p>\n<p>\u00abLa idea es que en nuestra comuna podamos hacer conocida esta actividad para poder generar en la comunidad sensibilizaci\u00f3n respecto de las personas que presentan sordera, un grupo que se mantiene reservado a nivel social pero que no tienen dificultad en sus acciones de vida\u00bb, se\u00f1al\u00f3 Carolina Gonz\u00e1lez, Coordinadora del PIE.<\/p>\n<p>Durante la jornada, los profesionales a cargo de este programa dieron a conocer la forma como trabajan con los ni\u00f1os sordos, quienes desde peque\u00f1os reciben apoyo, lo que les permite inserci\u00f3n social y as\u00ed sentirse parte de la comunidad escolar.<\/p>\n<p>\u00abComo programa de integraci\u00f3n se le da todo el apoyo que necesitan desde los profesionales, pero la principal deuda es la comunidad, por ejemplo cuando un sordo quiere ver televisi\u00f3n un ni\u00f1o se encuentra con que lo \u00fanico que existe es el noticiero, pero no existen dibujos animados y se los pierden, la principal manera de dar ayuda es aprender la lengua de se\u00f1as y esa es la forma en que el l\u00edmite que tenemos con ellos, que es el idioma, desaparezca\u00bb, manifest\u00f3 Karen Mu\u00f1oz, coordinadora del equipo de audici\u00f3n de la Daem de San Felipe.<\/p>\n<p>&nbsp;<\/p>\n","protected":false},"excerpt":{"rendered":"<p>El Programa de Integraci\u00f3n Escolar de la Daem de San Felipe junto al equipo de audici\u00f3n, celebr\u00f3 el viernes reci\u00e9n pasado el D\u00eda Internacional del Sordo, siendo la primera vez que se&#8230;<\/p>\n","protected":false},"author":482,"featured_media":51741,"comment_status":"open","ping_status":"closed","sticky":false,"template":"","format":"standard","meta":{"advanced_seo_description":"","jetpack_seo_html_title":"","jetpack_seo_noindex":false,"_jetpack_memberships_contains_paid_content":false,"footnotes":""},"categories":[15],"tags":[],"class_list":["post-51740","post","type-post","status-publish","format-standard","has-post-thumbnail","hentry","category-comunidad"],"jetpack_featured_media_url":"https:\/\/i0.wp.com\/eltrabajo.cl\/portal\/wp-content\/uploads\/2014\/10\/Sordos1.jpg?fit=529%2C401&ssl=1","jetpack_sharing_enabled":true,"jetpack_likes_enabled":true,"jetpack-related-posts":[],"_links":{"self":[{"href":"https:\/\/eltrabajo.cl\/portal\/wp-json\/wp\/v2\/posts\/51740","targetHints":{"allow":["GET"]}}],"collection":[{"href":"https:\/\/eltrabajo.cl\/portal\/wp-json\/wp\/v2\/posts"}],"about":[{"href":"https:\/\/eltrabajo.cl\/portal\/wp-json\/wp\/v2\/types\/post"}],"author":[{"embeddable":true,"href":"https:\/\/eltrabajo.cl\/portal\/wp-json\/wp\/v2\/users\/482"}],"replies":[{"embeddable":true,"href":"https:\/\/eltrabajo.cl\/portal\/wp-json\/wp\/v2\/comments?post=51740"}],"version-history":[{"count":0,"href":"https:\/\/eltrabajo.cl\/portal\/wp-json\/wp\/v2\/posts\/51740\/revisions"}],"wp:featuredmedia":[{"embeddable":true,"href":"https:\/\/eltrabajo.cl\/portal\/wp-json\/wp\/v2\/media\/51741"}],"wp:attachment":[{"href":"https:\/\/eltrabajo.cl\/portal\/wp-json\/wp\/v2\/media?parent=51740"}],"wp:term":[{"taxonomy":"category","embeddable":true,"href":"https:\/\/eltrabajo.cl\/portal\/wp-json\/wp\/v2\/categories?post=51740"},{"taxonomy":"post_tag","embeddable":true,"href":"https:\/\/eltrabajo.cl\/portal\/wp-json\/wp\/v2\/tags?post=51740"}],"curies":[{"name":"wp","href":"https:\/\/api.w.org\/{rel}","templated":true}]}}