{"id":51767,"date":"2014-10-01T09:48:29","date_gmt":"2014-10-01T12:48:29","guid":{"rendered":"http:\/\/www.eltrabajo.cl\/portal\/?p=51767"},"modified":"2014-10-01T09:48:29","modified_gmt":"2014-10-01T12:48:29","slug":"delincuencia-volvio-golpear-en-centrica-farmacia-de-san-felipe","status":"publish","type":"post","link":"https:\/\/eltrabajo.cl\/portal\/delincuencia-volvio-golpear-en-centrica-farmacia-de-san-felipe\/","title":{"rendered":"Delincuencia volvi\u00f3 golpear en c\u00e9ntrica farmacia de San Felipe"},"content":{"rendered":"<figure id=\"attachment_51768\" aria-describedby=\"caption-attachment-51768\" style=\"width: 528px\" class=\"wp-caption alignnone\"><a href=\"https:\/\/i0.wp.com\/www.eltrabajo.cl\/portal\/wp-content\/uploads\/2014\/10\/Roba1.jpg\"><img data-recalc-dims=\"1\" loading=\"lazy\" decoding=\"async\" class=\"size-full wp-image-51768\" alt=\"El momento exacto en que el delincuente abre la caja registradora para apoderarse del dinero al interior de Farmacia Cruz Verde en San Felipe.\" src=\"https:\/\/i0.wp.com\/www.eltrabajo.cl\/portal\/wp-content\/uploads\/2014\/10\/Roba1.jpg?resize=528%2C400\" width=\"528\" height=\"400\" srcset=\"https:\/\/i0.wp.com\/eltrabajo.cl\/portal\/wp-content\/uploads\/2014\/10\/Roba1.jpg?w=528&amp;ssl=1 528w, https:\/\/i0.wp.com\/eltrabajo.cl\/portal\/wp-content\/uploads\/2014\/10\/Roba1.jpg?resize=198%2C150&amp;ssl=1 198w, https:\/\/i0.wp.com\/eltrabajo.cl\/portal\/wp-content\/uploads\/2014\/10\/Roba1.jpg?resize=300%2C227&amp;ssl=1 300w, https:\/\/i0.wp.com\/eltrabajo.cl\/portal\/wp-content\/uploads\/2014\/10\/Roba1.jpg?resize=150%2C113&amp;ssl=1 150w, https:\/\/i0.wp.com\/eltrabajo.cl\/portal\/wp-content\/uploads\/2014\/10\/Roba1.jpg?resize=400%2C303&amp;ssl=1 400w\" sizes=\"auto, (max-width: 528px) 100vw, 528px\" \/><\/a><figcaption id=\"caption-attachment-51768\" class=\"wp-caption-text\">El momento exacto en que el delincuente abre la caja registradora para apoderarse del dinero al interior de Farmacia Cruz Verde en San Felipe.<\/figcaption><\/figure>\n<p>Mediante las c\u00e1maras de seguridad instaladas al interior de Farmacia Cruz Verde, ubicada en Calle Prat esquina de Salinas de San Felipe, fue captado un delincuente que ingres\u00f3 hasta el interior del local comercial como un cliente habitual, y en cuesti\u00f3n de segundos abri\u00f3 la gaveta de la caja registradora para apoderarse de $105.000, aprovechando el descuido de unas de las trabajadoras que accidentalmente no cerr\u00f3 con llave dicha especie.<\/p>\n<p>El hecho ocurri\u00f3 el pasado s\u00e1bado a eso de las 15:35 horas, cuando el antisocial, a rostro descubierto, ingres\u00f3 hasta la farmacia esperando ser atendido por una vendedora. Sin embargo en el video se aprecia que mientras otra funcionaria atend\u00eda a otro cliente, este sujeto observa por todos lados, comprobando que la caja registradora se encontraba semi-abierta, abalanz\u00e1ndose sobre el mes\u00f3n.<\/p>\n<figure id=\"attachment_51769\" aria-describedby=\"caption-attachment-51769\" style=\"width: 317px\" class=\"wp-caption alignright\"><a href=\"https:\/\/i0.wp.com\/www.eltrabajo.cl\/portal\/wp-content\/uploads\/2014\/10\/Ladron1.jpg\"><img data-recalc-dims=\"1\" loading=\"lazy\" decoding=\"async\" class=\" wp-image-51769 \" alt=\"La c\u00e1mara de seguridad capta el rostro del delincuente, quien est\u00e1 siendo investigado por Carabineros para establecer su identidad.\" src=\"https:\/\/i0.wp.com\/www.eltrabajo.cl\/portal\/wp-content\/uploads\/2014\/10\/Ladron1.jpg?resize=317%2C409\" width=\"317\" height=\"409\" srcset=\"https:\/\/i0.wp.com\/eltrabajo.cl\/portal\/wp-content\/uploads\/2014\/10\/Ladron1.jpg?w=529&amp;ssl=1 529w, https:\/\/i0.wp.com\/eltrabajo.cl\/portal\/wp-content\/uploads\/2014\/10\/Ladron1.jpg?resize=116%2C150&amp;ssl=1 116w, https:\/\/i0.wp.com\/eltrabajo.cl\/portal\/wp-content\/uploads\/2014\/10\/Ladron1.jpg?resize=233%2C300&amp;ssl=1 233w\" sizes=\"auto, (max-width: 317px) 100vw, 317px\" \/><\/a><figcaption id=\"caption-attachment-51769\" class=\"wp-caption-text\">La c\u00e1mara de seguridad capta el rostro del delincuente, quien est\u00e1 siendo investigado por Carabineros para establecer su identidad.<\/figcaption><\/figure>\n<p>El mirar hacia todos lados abri\u00f3 la gaveta para sustraer el dinero y la volvi\u00f3 a cerrar, para luego introducir los billetes en su bolsillo y como si nada hubiese pasado, se desplaz\u00f3 hacia otro punto para abandonar la farmacia por el acceso hacia Calle Salinas, cuya acci\u00f3n fue cometida en minutos.<\/p>\n<p>El delito fue advertido luego que un cliente que estaba atendiendo la vendedora a tan s\u00f3lo un metro, le relat\u00f3 que hab\u00eda sido v\u00edctima de este robo por el delincuente, que ya a esas alturas se hab\u00eda dado a la fuga, estableci\u00e9ndose la falta del dinero y evidenciado por medio de las c\u00e1maras de seguridad, que lograron retratar el rostro del sujeto, mismo que fue denunciado a Carabineros, que comenz\u00f3 las primeras diligencias para establecer la identidad del sujeto.<\/p>\n<p><strong>AMAR INDIGNADO<\/strong><\/p>\n<p>En entrevista al propietario de Farmacia Cruz Verde, el ex alcalde Jaime Amar repudi\u00f3 este nuevo atentado a su local comercial, recordando que hace un mes ya fue v\u00edctima de hampones, quienes ingresaron clandestinamente por medio de un forado en horas de la madrugada, para robar $5 millones y diversos productos de cosmetolog\u00eda, que alcanzaron un aval\u00fao total de $10 millones.<\/p>\n<p>Asimismo, este mismo establecimiento fue afectado con el robo de m\u00e1s de $80 millones cometido hace cinco a\u00f1os, cuyos delincuentes no lograron ser capturados .<\/p>\n<p>\u201cLa cajera no dej\u00f3 puesta la llave y esta persona logr\u00f3 sustraer $105.000. Se denunci\u00f3 a Carabineros con las im\u00e1genes para ver si la persona pod\u00eda ser detectada. Hoy d\u00eda uno no va a encontrar culpables, este es un problema de la sociedad, las polic\u00edas no dar\u00edan abasto en toda esta situaci\u00f3n, este es un tema que va m\u00e1s all\u00e1 de lo policial, es cultural, es una problem\u00e1tica que se est\u00e1 instalando en la sociedad chilena\u201d, subray\u00f3 Jaime Amar.<\/p>\n<p>El comerciante destac\u00f3 que dentro del historial de la farmacia, nunca hab\u00edan sido afectados de un robo de estas caracter\u00edsticas en pleno d\u00eda y sin elementos intimidantes como armas blancas y de fuego, \u201cyo pienso que es gente de afuera, porque es un tema delictual distinto, como en las ciudades grandes y ac\u00e1 no hab\u00eda llegado el robo a los locales estando los vendedores atendiendo p\u00fablico\u201d, indic\u00f3 a Diario El Trabajo Jaime Amar.<\/p>\n<p>Pablo Salinas Sald\u00edas<\/p>\n","protected":false},"excerpt":{"rendered":"<p>Mediante las c\u00e1maras de seguridad instaladas al interior de Farmacia Cruz Verde, ubicada en Calle Prat esquina de Salinas de San Felipe, fue captado un delincuente que ingres\u00f3 hasta el interior del&#8230;<\/p>\n","protected":false},"author":482,"featured_media":51768,"comment_status":"open","ping_status":"closed","sticky":false,"template":"","format":"standard","meta":{"advanced_seo_description":"","jetpack_seo_html_title":"","jetpack_seo_noindex":false,"_jetpack_memberships_contains_paid_content":false,"footnotes":""},"categories":[21],"tags":[],"class_list":["post-51767","post","type-post","status-publish","format-standard","has-post-thumbnail","hentry","category-policial"],"jetpack_featured_media_url":"https:\/\/i0.wp.com\/eltrabajo.cl\/portal\/wp-content\/uploads\/2014\/10\/Roba1.jpg?fit=528%2C400&ssl=1","jetpack_sharing_enabled":true,"jetpack_likes_enabled":true,"jetpack-related-posts":[],"_links":{"self":[{"href":"https:\/\/eltrabajo.cl\/portal\/wp-json\/wp\/v2\/posts\/51767","targetHints":{"allow":["GET"]}}],"collection":[{"href":"https:\/\/eltrabajo.cl\/portal\/wp-json\/wp\/v2\/posts"}],"about":[{"href":"https:\/\/eltrabajo.cl\/portal\/wp-json\/wp\/v2\/types\/post"}],"author":[{"embeddable":true,"href":"https:\/\/eltrabajo.cl\/portal\/wp-json\/wp\/v2\/users\/482"}],"replies":[{"embeddable":true,"href":"https:\/\/eltrabajo.cl\/portal\/wp-json\/wp\/v2\/comments?post=51767"}],"version-history":[{"count":0,"href":"https:\/\/eltrabajo.cl\/portal\/wp-json\/wp\/v2\/posts\/51767\/revisions"}],"wp:featuredmedia":[{"embeddable":true,"href":"https:\/\/eltrabajo.cl\/portal\/wp-json\/wp\/v2\/media\/51768"}],"wp:attachment":[{"href":"https:\/\/eltrabajo.cl\/portal\/wp-json\/wp\/v2\/media?parent=51767"}],"wp:term":[{"taxonomy":"category","embeddable":true,"href":"https:\/\/eltrabajo.cl\/portal\/wp-json\/wp\/v2\/categories?post=51767"},{"taxonomy":"post_tag","embeddable":true,"href":"https:\/\/eltrabajo.cl\/portal\/wp-json\/wp\/v2\/tags?post=51767"}],"curies":[{"name":"wp","href":"https:\/\/api.w.org\/{rel}","templated":true}]}}