{"id":51794,"date":"2014-10-02T09:32:22","date_gmt":"2014-10-02T12:32:22","guid":{"rendered":"http:\/\/www.eltrabajo.cl\/portal\/?p=51794"},"modified":"2014-10-02T09:32:22","modified_gmt":"2014-10-02T12:32:22","slug":"parvularias-jardines-vtf-realizan-paro-por-no-pago-de-sueldos","status":"publish","type":"post","link":"https:\/\/eltrabajo.cl\/portal\/parvularias-jardines-vtf-realizan-paro-por-no-pago-de-sueldos\/","title":{"rendered":"Parvularias jardines VTF realizan paro por no pago de sueldos"},"content":{"rendered":"<figure id=\"attachment_51795\" aria-describedby=\"caption-attachment-51795\" style=\"width: 528px\" class=\"wp-caption alignnone\"><a href=\"https:\/\/i0.wp.com\/www.eltrabajo.cl\/portal\/wp-content\/uploads\/2014\/10\/Damas1.jpg\"><img data-recalc-dims=\"1\" loading=\"lazy\" decoding=\"async\" class=\"size-full wp-image-51795\" alt=\"Francesca Ibacache, Presidenta de la Asociaci\u00f3n de Educadoras de P\u00e1rvulos de los Jardines Infantiles VTF, aparece en la fotograf\u00eda con la tesorera Joanna Cuevas y la Secretaria Jocelyne Zamora.\" src=\"https:\/\/i0.wp.com\/www.eltrabajo.cl\/portal\/wp-content\/uploads\/2014\/10\/Damas1.jpg?resize=528%2C330\" width=\"528\" height=\"330\" srcset=\"https:\/\/i0.wp.com\/eltrabajo.cl\/portal\/wp-content\/uploads\/2014\/10\/Damas1.jpg?w=528&amp;ssl=1 528w, https:\/\/i0.wp.com\/eltrabajo.cl\/portal\/wp-content\/uploads\/2014\/10\/Damas1.jpg?resize=200%2C125&amp;ssl=1 200w, https:\/\/i0.wp.com\/eltrabajo.cl\/portal\/wp-content\/uploads\/2014\/10\/Damas1.jpg?resize=300%2C187&amp;ssl=1 300w, https:\/\/i0.wp.com\/eltrabajo.cl\/portal\/wp-content\/uploads\/2014\/10\/Damas1.jpg?resize=150%2C93&amp;ssl=1 150w, https:\/\/i0.wp.com\/eltrabajo.cl\/portal\/wp-content\/uploads\/2014\/10\/Damas1.jpg?resize=400%2C250&amp;ssl=1 400w\" sizes=\"auto, (max-width: 528px) 100vw, 528px\" \/><\/a><figcaption id=\"caption-attachment-51795\" class=\"wp-caption-text\">Francesca Ibacache, Presidenta de la Asociaci\u00f3n de Educadoras de P\u00e1rvulos de los Jardines Infantiles VTF, aparece en la fotograf\u00eda con la tesorera Joanna Cuevas y la Secretaria Jocelyne Zamora.<\/figcaption><\/figure>\n<p><strong>PUTAENDO<\/strong>.- La Asociaci\u00f3n de Educadoras de P\u00e1rvulos que se desempe\u00f1an en los jardines infantiles VTF de Putaendo, realizaron una jornada de paro producto del no pago de sus honorarios y acusaron una constante mala gesti\u00f3n de la Municipalidad de Putaendo hacia ellas. Francesca Ibacache, Presidenta de la Asociaci\u00f3n de Educadoras de P\u00e1rvulos de los Jardines Infantiles VTF, quien en la fotograf\u00eda aparece con la tesorera Joanna Cuevas y la Secretaria Jocelyne Zamora, asegur\u00f3 que el paro se hab\u00eda realizado luego que la asamblea acordara la paralizaci\u00f3n, pues los sueldos no fueron pagados como corresponde el pasado martes 30 de septiembre, situaci\u00f3n que constantemente se repite, y que de no ser por las presiones que se deben realizar todos los meses, terminaron por aburrir a las Educadoras de P\u00e1rvulos.<\/p>\n<p>En este sentido, Ibacache sostuvo que est\u00e1n aburridas de la mala gesti\u00f3n de la Municipalidad de Putaendo y de la Daem, pues siempre ocurre lo mismo, lo que llev\u00f3 a que 39 socias de cuatro jardines infantiles y Sala Cuna VTF, decidieran paralizar no recibiendo ni\u00f1os este mi\u00e9rcoles, como una manera de protestar no tan s\u00f3lo por el retraso en el pago de sus sueldos, sino por el desorden que aseguran, existe en la gesti\u00f3n municipal y de la Daem en lo relacionado con los jardines VTF.<\/p>\n<p>La dirigente agreg\u00f3 que hoy esperan que se cumpla la palabra en cuanto al mejoramiento en las coordinaciones para los pagos en las fechas establecidas y no tener que volver a presionar como todos los meses para recibir sus sueldos. Esta paralizaci\u00f3n gener\u00f3 inconvenientes a familias que a diario env\u00edan a sus hijos a los Jardines Infantiles y Salas Cuna de la comuna de Putaendo.<\/p>\n<p>Patricio Gallardo M.<\/p>\n<p>&nbsp;<\/p>\n","protected":false},"excerpt":{"rendered":"<p>PUTAENDO.- La Asociaci\u00f3n de Educadoras de P\u00e1rvulos que se desempe\u00f1an en los jardines infantiles VTF de Putaendo, realizaron una jornada de paro producto del no pago de sus honorarios y acusaron una&#8230;<\/p>\n","protected":false},"author":482,"featured_media":51795,"comment_status":"open","ping_status":"closed","sticky":false,"template":"","format":"standard","meta":{"advanced_seo_description":"","jetpack_seo_html_title":"","jetpack_seo_noindex":false,"_jetpack_memberships_contains_paid_content":false,"footnotes":""},"categories":[15],"tags":[],"class_list":["post-51794","post","type-post","status-publish","format-standard","has-post-thumbnail","hentry","category-comunidad"],"jetpack_featured_media_url":"https:\/\/i0.wp.com\/eltrabajo.cl\/portal\/wp-content\/uploads\/2014\/10\/Damas1.jpg?fit=528%2C330&ssl=1","jetpack_sharing_enabled":true,"jetpack_likes_enabled":true,"jetpack-related-posts":[],"_links":{"self":[{"href":"https:\/\/eltrabajo.cl\/portal\/wp-json\/wp\/v2\/posts\/51794","targetHints":{"allow":["GET"]}}],"collection":[{"href":"https:\/\/eltrabajo.cl\/portal\/wp-json\/wp\/v2\/posts"}],"about":[{"href":"https:\/\/eltrabajo.cl\/portal\/wp-json\/wp\/v2\/types\/post"}],"author":[{"embeddable":true,"href":"https:\/\/eltrabajo.cl\/portal\/wp-json\/wp\/v2\/users\/482"}],"replies":[{"embeddable":true,"href":"https:\/\/eltrabajo.cl\/portal\/wp-json\/wp\/v2\/comments?post=51794"}],"version-history":[{"count":0,"href":"https:\/\/eltrabajo.cl\/portal\/wp-json\/wp\/v2\/posts\/51794\/revisions"}],"wp:featuredmedia":[{"embeddable":true,"href":"https:\/\/eltrabajo.cl\/portal\/wp-json\/wp\/v2\/media\/51795"}],"wp:attachment":[{"href":"https:\/\/eltrabajo.cl\/portal\/wp-json\/wp\/v2\/media?parent=51794"}],"wp:term":[{"taxonomy":"category","embeddable":true,"href":"https:\/\/eltrabajo.cl\/portal\/wp-json\/wp\/v2\/categories?post=51794"},{"taxonomy":"post_tag","embeddable":true,"href":"https:\/\/eltrabajo.cl\/portal\/wp-json\/wp\/v2\/tags?post=51794"}],"curies":[{"name":"wp","href":"https:\/\/api.w.org\/{rel}","templated":true}]}}