{"id":51798,"date":"2014-10-02T09:34:53","date_gmt":"2014-10-02T12:34:53","guid":{"rendered":"http:\/\/www.eltrabajo.cl\/portal\/?p=51798"},"modified":"2014-10-02T09:34:53","modified_gmt":"2014-10-02T12:34:53","slug":"hospital-san-camilo-celebra-aniversario-planificando-futura-remodelacion","status":"publish","type":"post","link":"https:\/\/eltrabajo.cl\/portal\/hospital-san-camilo-celebra-aniversario-planificando-futura-remodelacion\/","title":{"rendered":"Hospital San Camilo celebra aniversario planificando futura remodelaci\u00f3n"},"content":{"rendered":"<figure id=\"attachment_51799\" aria-describedby=\"caption-attachment-51799\" style=\"width: 529px\" class=\"wp-caption alignnone\"><a href=\"https:\/\/i0.wp.com\/www.eltrabajo.cl\/portal\/wp-content\/uploads\/2014\/10\/Medicos1.jpg\"><img data-recalc-dims=\"1\" loading=\"lazy\" decoding=\"async\" class=\"size-full wp-image-51799\" alt=\"DE ANIVERSARIO.- En el marco del aniversario 172 de la instituci\u00f3n, el Hospital San Camilo celebr\u00f3 un a\u00f1o m\u00e1s de vida iniciando las gestiones para su futura normalizaci\u00f3n.\" src=\"https:\/\/i0.wp.com\/www.eltrabajo.cl\/portal\/wp-content\/uploads\/2014\/10\/Medicos1.jpg?resize=529%2C278\" width=\"529\" height=\"278\" srcset=\"https:\/\/i0.wp.com\/eltrabajo.cl\/portal\/wp-content\/uploads\/2014\/10\/Medicos1.jpg?w=529&amp;ssl=1 529w, https:\/\/i0.wp.com\/eltrabajo.cl\/portal\/wp-content\/uploads\/2014\/10\/Medicos1.jpg?resize=200%2C105&amp;ssl=1 200w, https:\/\/i0.wp.com\/eltrabajo.cl\/portal\/wp-content\/uploads\/2014\/10\/Medicos1.jpg?resize=300%2C157&amp;ssl=1 300w, https:\/\/i0.wp.com\/eltrabajo.cl\/portal\/wp-content\/uploads\/2014\/10\/Medicos1.jpg?resize=150%2C78&amp;ssl=1 150w, https:\/\/i0.wp.com\/eltrabajo.cl\/portal\/wp-content\/uploads\/2014\/10\/Medicos1.jpg?resize=400%2C210&amp;ssl=1 400w\" sizes=\"auto, (max-width: 529px) 100vw, 529px\" \/><\/a><figcaption id=\"caption-attachment-51799\" class=\"wp-caption-text\">DE ANIVERSARIO.- En el marco del aniversario 172 de la instituci\u00f3n, el Hospital San Camilo celebr\u00f3 un a\u00f1o m\u00e1s de vida iniciando las gestiones para su futura normalizaci\u00f3n.<\/figcaption><\/figure>\n<p>En el marco del aniversario 172 de la instituci\u00f3n, el Hospital San Camilo celebr\u00f3 un a\u00f1o m\u00e1s de vida iniciando las gestiones para su futura normalizaci\u00f3n, proceso que requiere de una serie de tr\u00e1mites y postulaciones a nivel central, pero que se espera logre concretar dentro de los pr\u00f3ximos a\u00f1os y que permitir\u00e1 entregar a la comunidad, un nuevo recinto acorde a las actuales demandas de la poblaci\u00f3n.<\/p>\n<p>El comienzo de este proceso fue anunciado por el director del establecimiento, Dr. N\u00e9stor Irribarra, quien destac\u00f3 que gracias a las gestiones realizadas a nivel parlamentario y del Servicio de Salud Aconcagua, es posible comenzar a so\u00f1ar con un nuevo hospital, el cual ser\u00e1 el fruto de un arduo camino que de seguro no estar\u00e1 exento de dificultades.<\/p>\n<p>\u00abEstamos muy orgullosos de celebrar un nuevo aniversario con la casa ordenada, administrativa y financieramente, lo que nos permite enfrentar de mejor manera nuestros constantes requerimientos en materia de salud para poder as\u00ed entregar una atenci\u00f3n acorde a lo que se merecen nuestros usuarios y adem\u00e1s, poder comenzar a repensar el hospital que queremos, proyecto para el cual estamos comenzando a trabajar y que esperamos concretar dentro de los pr\u00f3ximos a\u00f1os\u00bb.<\/p>\n<p>En la ceremonia tambi\u00e9n se realizaron diversos reconocimientos, como el que se le entreg\u00f3 al Dr. Patricio Cornejo Vidaurr\u00e1zaga, quien se acoge a retiro luego de una dilatada trayectoria como m\u00e9dico cirujano, director del Hospital, Director del Servicio de Salud y parlamentario por dos periodos. Dentro de sus grandes logros se encuentra la reactivaci\u00f3n y posterior inauguraci\u00f3n de las actuales dependencias del Hospital San Camilo, inaugurado en 1993 durante su gesti\u00f3n como director del Servicio de Salud.<\/p>\n<p>Asimismo, en la oportunidad tambi\u00e9n se entreg\u00f3 la Distinci\u00f3n Segismundo Iturra, reconocimiento que entrega la instituci\u00f3n al funcionario que represente los valores de un verdadero servidor p\u00fablico como lo fue en vida el Dr. Iturra, obteniendo el honor el Dr. Enrique Camponovo Martini, por su destacada y reconocida vocaci\u00f3n hacia la calidad t\u00e9cnica y humana en la atenci\u00f3n de los pacientes.<\/p>\n<div class=\"tiled-gallery type-rectangular tiled-gallery-unresized\" data-original-width=\"640\" data-carousel-extra='null' itemscope itemtype=\"http:\/\/schema.org\/ImageGallery\" > <div class=\"gallery-row\" style=\"width: 640px; height: 195px;\" data-original-width=\"640\" data-original-height=\"195\" > <div class=\"gallery-group images-1\" style=\"width: 380px; height: 195px;\" data-original-width=\"380\" data-original-height=\"195\" > <div class=\"tiled-gallery-item tiled-gallery-item-large\" itemprop=\"associatedMedia\" itemscope itemtype=\"http:\/\/schema.org\/ImageObject\"> <a href=\"https:\/\/eltrabajo.cl\/portal\/hospital-san-camilo-celebra-aniversario-planificando-futura-remodelacion\/autoridades1-25\/\" border=\"0\" itemprop=\"url\"> <meta itemprop=\"width\" content=\"376\"> <meta itemprop=\"height\" content=\"191\"> <img decoding=\"async\" class=\"\" data-attachment-id=\"51800\" data-orig-file=\"https:\/\/eltrabajo.cl\/portal\/wp-content\/uploads\/2014\/10\/Autoridades1.jpg\" data-orig-size=\"529,269\" data-comments-opened=\"1\" data-image-meta=\"{&quot;aperture&quot;:&quot;0&quot;,&quot;credit&quot;:&quot;&quot;,&quot;camera&quot;:&quot;&quot;,&quot;caption&quot;:&quot;&quot;,&quot;created_timestamp&quot;:&quot;0&quot;,&quot;copyright&quot;:&quot;&quot;,&quot;focal_length&quot;:&quot;0&quot;,&quot;iso&quot;:&quot;0&quot;,&quot;shutter_speed&quot;:&quot;0&quot;,&quot;title&quot;:&quot;&quot;}\" data-image-title=\"Autoridades1\" data-image-description=\"&lt;p&gt;TRABAJO EN EQUIPO.- El director del establecimiento, Dr. N\u00e9stor Irribarra, destac\u00f3 que gracias a las gestiones realizadas a nivel parlamentario y del Servicio de Salud Aconcagua, es posible comenzar a so\u00f1ar con un nuevo hospital.&lt;\/p&gt; \" data-medium-file=\"https:\/\/i0.wp.com\/eltrabajo.cl\/portal\/wp-content\/uploads\/2014\/10\/Autoridades1.jpg?fit=300%2C152&#038;ssl=1\" data-large-file=\"https:\/\/i0.wp.com\/eltrabajo.cl\/portal\/wp-content\/uploads\/2014\/10\/Autoridades1.jpg?fit=529%2C269&#038;ssl=1\" src=\"https:\/\/i0.wp.com\/eltrabajo.cl\/portal\/wp-content\/uploads\/2014\/10\/Autoridades1.jpg?w=376&#038;h=191&#038;ssl=1\" srcset=\"https:\/\/i0.wp.com\/eltrabajo.cl\/portal\/wp-content\/uploads\/2014\/10\/Autoridades1.jpg?w=529&amp;ssl=1 529w, https:\/\/i0.wp.com\/eltrabajo.cl\/portal\/wp-content\/uploads\/2014\/10\/Autoridades1.jpg?resize=200%2C101&amp;ssl=1 200w, https:\/\/i0.wp.com\/eltrabajo.cl\/portal\/wp-content\/uploads\/2014\/10\/Autoridades1.jpg?resize=300%2C152&amp;ssl=1 300w, https:\/\/i0.wp.com\/eltrabajo.cl\/portal\/wp-content\/uploads\/2014\/10\/Autoridades1.jpg?resize=150%2C76&amp;ssl=1 150w, https:\/\/i0.wp.com\/eltrabajo.cl\/portal\/wp-content\/uploads\/2014\/10\/Autoridades1.jpg?resize=400%2C203&amp;ssl=1 400w\" width=\"376\" height=\"191\" loading=\"lazy\" data-original-width=\"376\" data-original-height=\"191\" itemprop=\"http:\/\/schema.org\/image\" title=\"Autoridades1\" alt=\"TRABAJO EN EQUIPO.- El director del establecimiento, Dr. N\u00e9stor Irribarra, destac\u00f3 que gracias a las gestiones realizadas a nivel parlamentario y del Servicio de Salud Aconcagua, es posible comenzar a so\u00f1ar con un nuevo hospital.\" style=\"width: 376px; height: 191px;\" \/> <\/a> <div class=\"tiled-gallery-caption\" itemprop=\"caption description\"> TRABAJO EN EQUIPO.- El director del establecimiento, Dr. N\u00e9stor Irribarra, destac\u00f3 que gracias a las gestiones realizadas a nivel parlamentario y del Servicio de Salud Aconcagua, es posible comenzar a so\u00f1ar con un nuevo hospital. <\/div> <\/div> <\/div> <!-- close group --> <div class=\"gallery-group images-1\" style=\"width: 260px; height: 195px;\" data-original-width=\"260\" data-original-height=\"195\" > <div class=\"tiled-gallery-item tiled-gallery-item-large\" itemprop=\"associatedMedia\" itemscope itemtype=\"http:\/\/schema.org\/ImageObject\"> <a href=\"https:\/\/eltrabajo.cl\/portal\/hospital-san-camilo-celebra-aniversario-planificando-futura-remodelacion\/doctores-premiados\/\" border=\"0\" itemprop=\"url\"> <meta itemprop=\"width\" content=\"256\"> <meta itemprop=\"height\" content=\"191\"> <img decoding=\"async\" class=\"\" data-attachment-id=\"51801\" data-orig-file=\"https:\/\/eltrabajo.cl\/portal\/wp-content\/uploads\/2014\/10\/doctores-premiados.jpg\" data-orig-size=\"529,394\" data-comments-opened=\"1\" data-image-meta=\"{&quot;aperture&quot;:&quot;0&quot;,&quot;credit&quot;:&quot;&quot;,&quot;camera&quot;:&quot;&quot;,&quot;caption&quot;:&quot;&quot;,&quot;created_timestamp&quot;:&quot;0&quot;,&quot;copyright&quot;:&quot;&quot;,&quot;focal_length&quot;:&quot;0&quot;,&quot;iso&quot;:&quot;0&quot;,&quot;shutter_speed&quot;:&quot;0&quot;,&quot;title&quot;:&quot;&quot;}\" data-image-title=\"doctores premiados\" data-image-description=\"&lt;p&gt;PREMIADOS.- El Dr. Enrique Camponovo Martini y el Dr. Patricio Cornejo Vidaurr\u00e1zaga fueron premiados p\u00fablicamente por sus amplias trayectorias en Medicina.&lt;\/p&gt; \" data-medium-file=\"https:\/\/i0.wp.com\/eltrabajo.cl\/portal\/wp-content\/uploads\/2014\/10\/doctores-premiados.jpg?fit=300%2C223&#038;ssl=1\" data-large-file=\"https:\/\/i0.wp.com\/eltrabajo.cl\/portal\/wp-content\/uploads\/2014\/10\/doctores-premiados.jpg?fit=529%2C394&#038;ssl=1\" src=\"https:\/\/i0.wp.com\/eltrabajo.cl\/portal\/wp-content\/uploads\/2014\/10\/doctores-premiados.jpg?w=256&#038;h=191&#038;ssl=1\" srcset=\"https:\/\/i0.wp.com\/eltrabajo.cl\/portal\/wp-content\/uploads\/2014\/10\/doctores-premiados.jpg?w=529&amp;ssl=1 529w, https:\/\/i0.wp.com\/eltrabajo.cl\/portal\/wp-content\/uploads\/2014\/10\/doctores-premiados.jpg?resize=200%2C148&amp;ssl=1 200w, https:\/\/i0.wp.com\/eltrabajo.cl\/portal\/wp-content\/uploads\/2014\/10\/doctores-premiados.jpg?resize=300%2C223&amp;ssl=1 300w, https:\/\/i0.wp.com\/eltrabajo.cl\/portal\/wp-content\/uploads\/2014\/10\/doctores-premiados.jpg?resize=150%2C111&amp;ssl=1 150w, https:\/\/i0.wp.com\/eltrabajo.cl\/portal\/wp-content\/uploads\/2014\/10\/doctores-premiados.jpg?resize=400%2C297&amp;ssl=1 400w\" width=\"256\" height=\"191\" loading=\"lazy\" data-original-width=\"256\" data-original-height=\"191\" itemprop=\"http:\/\/schema.org\/image\" title=\"doctores premiados\" alt=\"PREMIADOS.- El Dr. Enrique Camponovo Martini y el Dr. Patricio Cornejo Vidaurr\u00e1zaga fueron premiados p\u00fablicamente por sus amplias trayectorias en Medicina.\" style=\"width: 256px; height: 191px;\" \/> <\/a> <div class=\"tiled-gallery-caption\" itemprop=\"caption description\"> PREMIADOS.- El Dr. Enrique Camponovo Martini y el Dr. Patricio Cornejo Vidaurr\u00e1zaga fueron premiados p\u00fablicamente por sus amplias trayectorias en Medicina. <\/div> <\/div> <\/div> <!-- close group --> <\/div> <!-- close row --> <\/div>\n","protected":false},"excerpt":{"rendered":"<p>En el marco del aniversario 172 de la instituci\u00f3n, el Hospital San Camilo celebr\u00f3 un a\u00f1o m\u00e1s de vida iniciando las gestiones para su futura normalizaci\u00f3n, proceso que requiere de una serie&#8230;<\/p>\n","protected":false},"author":482,"featured_media":51799,"comment_status":"open","ping_status":"closed","sticky":false,"template":"","format":"standard","meta":{"advanced_seo_description":"","jetpack_seo_html_title":"","jetpack_seo_noindex":false,"_jetpack_memberships_contains_paid_content":false,"footnotes":""},"categories":[15],"tags":[],"class_list":["post-51798","post","type-post","status-publish","format-standard","has-post-thumbnail","hentry","category-comunidad"],"jetpack_featured_media_url":"https:\/\/i0.wp.com\/eltrabajo.cl\/portal\/wp-content\/uploads\/2014\/10\/Medicos1.jpg?fit=529%2C278&ssl=1","jetpack_sharing_enabled":true,"jetpack_likes_enabled":true,"jetpack-related-posts":[],"_links":{"self":[{"href":"https:\/\/eltrabajo.cl\/portal\/wp-json\/wp\/v2\/posts\/51798","targetHints":{"allow":["GET"]}}],"collection":[{"href":"https:\/\/eltrabajo.cl\/portal\/wp-json\/wp\/v2\/posts"}],"about":[{"href":"https:\/\/eltrabajo.cl\/portal\/wp-json\/wp\/v2\/types\/post"}],"author":[{"embeddable":true,"href":"https:\/\/eltrabajo.cl\/portal\/wp-json\/wp\/v2\/users\/482"}],"replies":[{"embeddable":true,"href":"https:\/\/eltrabajo.cl\/portal\/wp-json\/wp\/v2\/comments?post=51798"}],"version-history":[{"count":0,"href":"https:\/\/eltrabajo.cl\/portal\/wp-json\/wp\/v2\/posts\/51798\/revisions"}],"wp:featuredmedia":[{"embeddable":true,"href":"https:\/\/eltrabajo.cl\/portal\/wp-json\/wp\/v2\/media\/51799"}],"wp:attachment":[{"href":"https:\/\/eltrabajo.cl\/portal\/wp-json\/wp\/v2\/media?parent=51798"}],"wp:term":[{"taxonomy":"category","embeddable":true,"href":"https:\/\/eltrabajo.cl\/portal\/wp-json\/wp\/v2\/categories?post=51798"},{"taxonomy":"post_tag","embeddable":true,"href":"https:\/\/eltrabajo.cl\/portal\/wp-json\/wp\/v2\/tags?post=51798"}],"curies":[{"name":"wp","href":"https:\/\/api.w.org\/{rel}","templated":true}]}}