{"id":51809,"date":"2014-10-02T09:40:19","date_gmt":"2014-10-02T12:40:19","guid":{"rendered":"http:\/\/www.eltrabajo.cl\/portal\/?p=51809"},"modified":"2014-10-02T09:40:19","modified_gmt":"2014-10-02T12:40:19","slug":"familia-acusa-negligencia-del-hosla-tras-muerte-de-joven-madre","status":"publish","type":"post","link":"https:\/\/eltrabajo.cl\/portal\/familia-acusa-negligencia-del-hosla-tras-muerte-de-joven-madre\/","title":{"rendered":"Familia acusa negligencia del Hosla tras muerte de joven madre"},"content":{"rendered":"<figure id=\"attachment_51810\" aria-describedby=\"caption-attachment-51810\" style=\"width: 317px\" class=\"wp-caption alignleft\"><a href=\"https:\/\/i0.wp.com\/www.eltrabajo.cl\/portal\/wp-content\/uploads\/2014\/10\/Yenifer1.jpg\"><img data-recalc-dims=\"1\" loading=\"lazy\" decoding=\"async\" class=\" wp-image-51810 \" alt=\"Yenifer Quintrel Molina (24), dej\u00f3 de existir la ma\u00f1ana del pasado lunes en la UCI del Hospital San Camilo de San Felipe.\" src=\"https:\/\/i0.wp.com\/www.eltrabajo.cl\/portal\/wp-content\/uploads\/2014\/10\/Yenifer1.jpg?resize=317%2C385\" width=\"317\" height=\"385\" srcset=\"https:\/\/i0.wp.com\/eltrabajo.cl\/portal\/wp-content\/uploads\/2014\/10\/Yenifer1.jpg?w=529&amp;ssl=1 529w, https:\/\/i0.wp.com\/eltrabajo.cl\/portal\/wp-content\/uploads\/2014\/10\/Yenifer1.jpg?resize=123%2C150&amp;ssl=1 123w, https:\/\/i0.wp.com\/eltrabajo.cl\/portal\/wp-content\/uploads\/2014\/10\/Yenifer1.jpg?resize=247%2C300&amp;ssl=1 247w, https:\/\/i0.wp.com\/eltrabajo.cl\/portal\/wp-content\/uploads\/2014\/10\/Yenifer1.jpg?resize=400%2C485&amp;ssl=1 400w\" sizes=\"auto, (max-width: 317px) 100vw, 317px\" \/><\/a><figcaption id=\"caption-attachment-51810\" class=\"wp-caption-text\">Yenifer Quintrel Molina (24), dej\u00f3 de existir la ma\u00f1ana del pasado lunes en la UCI del Hospital San Camilo de San Felipe.<\/figcaption><\/figure>\n<p><strong>SAN ESTEBAN<\/strong>.- Una infinita pena y tristeza est\u00e1 viviendo la familia de la joven madre Yenifer Quintrel Molina (24), quien dej\u00f3 de existir la ma\u00f1ana del pasado lunes en la UCI del Hospital San Camilo de San Felipe, tras haber sido sometida a una Colangiopancreatograf\u00eda Retr\u00f3grada Endosc\u00f3pica (CPRE), con la finalidad de eliminar c\u00e1lculos en su ves\u00edcula, situaci\u00f3n que le acarre\u00f3 una pancreatitis que no pudo superar.<\/p>\n<p>Esta madre de dos hijos esperaba regresar a su casa este mi\u00e9rcoles despu\u00e9s de someterse el s\u00e1bado pasado a este tratamiento, pero la familia acusa una negligencia por parte de los m\u00e9dicos tratantes, quienes, seg\u00fan ellos, ocasionaron su deceso.<\/p>\n<p>Su prima Geovanna L\u00f3pez, acus\u00f3 que su muerte se debi\u00f3 a una negligencia, \u201cporque ella desde un principio cuando estaba embarazada sufr\u00eda de mucho dolor de guatita, c\u00f3licos, fue varias veces a urgencia y despu\u00e9s que tuvo a su segundo hijo, hace ya tres meses, comenz\u00f3 nuevamente con c\u00f3licos, la llevaron de nuevo a Urgencias del Hosla, la mandaron para la casa y solamente le dieron viadil y nada m\u00e1s\u201d.<\/p>\n<p>Agreg\u00f3 que como los dolores continuaron, debi\u00f3 realizarse un examen de forma particular, donde le diagnosticaron c\u00e1lculos en la ves\u00edcula y le ordenaron hospitalizarse. \u201cComo pas\u00f3 mucho tiempo no la pudieron operar a la espera que la ves\u00edcula se desinflamara y luego los c\u00f3licos se fueron hacia el intestino, y para pod\u00e9rselos extraer ten\u00edan que hacerle una Colangiopancreatograf\u00eda que se hace en San Felipe, con fecha para el 26 de septiembre\u201d, coment\u00f3.<\/p>\n<p>Record\u00f3 que su prima estuvo hospitalizada entre el 27 de agosto y el 5 de septiembre en la Unidad de Cirug\u00eda del Hospital San Juan de Dios y luego fue dada de alta con muchas indicaciones de cuidado, a la espera de la realizaci\u00f3n del examen.<\/p>\n<p>\u201cYenifer se mantuvo muy bien todo ese tiempo hasta que se hospitaliz\u00f3 el d\u00eda 25 de septiembre para hacer el examen, y el d\u00eda viernes la trasladaron hasta San Felipe, donde el examen se lo hizo el Doctor Mart\u00ednez, en el cual cuando le hizo el proceso ya no hab\u00eda ning\u00fan c\u00e1lculo en el intestino y cuando fue devuelta a Los Andes comenz\u00f3 de inmediato con mucho dolor, era insoportable ver c\u00f3mo ella estaba sufriendo, ten\u00eda mucho v\u00f3mito, le dieron medicamentos y luego el doctor dijo que si el cuadro segu\u00eda, la iban a trasladar a la UTI para que estuviera mejor, pero no porque estaba m\u00e1s grave, el s\u00e1bado ya estaba con sonda y mucho dolor\u201d.<\/p>\n<p>Manifest\u00f3 que el mismo d\u00eda s\u00e1bado el estado de Yenifer se agrav\u00f3 y fue trasladada hasta la UCI del Hospital San Camilo, debido a que los ex\u00e1menes previos que le realizaron arrojaron que padec\u00eda de una pancreatitis, \u201cpero nos dijeron que era tratable y el d\u00eda s\u00e1bado nos llamaron para decir que la estaban derivado a la UCI de San Felipe, porque estaba grave. Luego el doctor nos comenta que le dio un paro cardio-respiratorio, que la estaban entubando y el m\u00e9dico nos dio una esperanza de que sobreviviera, porque ella era joven, que esa era una posibilidad, as\u00ed que la llevaron a San Felipe, donde hicieron todos los esfuerzos, pero ella iba muy mal, la presi\u00f3n nunca se le pudo estabilizar y nos quedamos con ella hasta que falleci\u00f3 el lunes en la ma\u00f1ana\u201d.<\/p>\n<p>Geovanna L\u00f3pez se quej\u00f3 por el hecho que el examen de Colangiopancreatograf\u00eda Retr\u00f3grada Endosc\u00f3pica era innecesario haberlo hecho, porque su prima ya hab\u00eda eliminado los c\u00e1lculos y a causa de este, sufri\u00f3 la pancreatitis, mal que termin\u00f3 con su vida.<\/p>\n<p>Puntualiz\u00f3 que el m\u00e9dico le inform\u00f3 que este examen resulta tan invasivo para los pacientes que todos quedan con una pancreatitis leve, \u201cpero no es para morir y yo creo que pudo haberse evitado realizarle el examen, ya que la causa de muerte es una pancreatitis aguda grave\u201d.<\/p>\n<p>Acus\u00f3 que el m\u00e9dico tratante nunca les inform\u00f3 sobre los da\u00f1os colaterales que tra\u00eda este examen, \u201cpues ese d\u00eda el doctor nos dijo que yo a ella (Yenifer) le inform\u00e9 que hab\u00eda da\u00f1o colateral, pero nosotros no tenemos c\u00f3mo confirmar que el m\u00e9dico le advirti\u00f3 a ella, porque ya est\u00e1 muerta\u201d.<\/p>\n<p>La prima de Yenifer dijo que presentaron un reclamo en la Direcci\u00f3n del Servicio de Salud Aconcagua a la espera de lo que responda el Hospital San Juan de Dios y una vez con calma evaluar\u00e1n la presentaci\u00f3n de acciones legales.<\/p>\n<p>\u201cNosotros como familia no queremos plata, queremos que se haga justicia por Yenifer, pues ella era una madre joven, ella se fue a operar pensando que este mi\u00e9rcoles llegaba a su casa y nosotros lo que necesitamos que ellos en el Hosla se den cuenta que est\u00e1n malos los procesos, que en urgencia atienden p\u00e9simo a las personas, porque no somos pacientes, s\u00f3lo simplemente n\u00fameros y no les importa nada m\u00e1s y creen que es un favor el que nos hacen\u201d, expres\u00f3.<\/p>\n<p>Finalmente afirm\u00f3 que esperan llegar hasta las \u00faltimas consecuencias, \u201cporque como familia sentimos que le fallamos a Yenifer\u201d.<\/p>\n<div class=\"tiled-gallery type-rectangular tiled-gallery-unresized\" data-original-width=\"640\" data-carousel-extra='null' itemscope itemtype=\"http:\/\/schema.org\/ImageGallery\" > <div class=\"gallery-row\" style=\"width: 640px; height: 243px;\" data-original-width=\"640\" data-original-height=\"243\" > <div class=\"gallery-group images-1\" style=\"width: 327px; height: 243px;\" data-original-width=\"327\" data-original-height=\"243\" > <div class=\"tiled-gallery-item tiled-gallery-item-large\" itemprop=\"associatedMedia\" itemscope itemtype=\"http:\/\/schema.org\/ImageObject\"> <a href=\"https:\/\/eltrabajo.cl\/portal\/familia-acusa-negligencia-del-hosla-tras-muerte-de-joven-madre\/funerales1-5\/\" border=\"0\" itemprop=\"url\"> <meta itemprop=\"width\" content=\"323\"> <meta itemprop=\"height\" content=\"239\"> <img decoding=\"async\" class=\"\" data-attachment-id=\"51811\" data-orig-file=\"https:\/\/eltrabajo.cl\/portal\/wp-content\/uploads\/2014\/10\/Funerales1.jpg\" data-orig-size=\"529,392\" data-comments-opened=\"1\" data-image-meta=\"{&quot;aperture&quot;:&quot;0&quot;,&quot;credit&quot;:&quot;&quot;,&quot;camera&quot;:&quot;&quot;,&quot;caption&quot;:&quot;&quot;,&quot;created_timestamp&quot;:&quot;0&quot;,&quot;copyright&quot;:&quot;&quot;,&quot;focal_length&quot;:&quot;0&quot;,&quot;iso&quot;:&quot;0&quot;,&quot;shutter_speed&quot;:&quot;0&quot;,&quot;title&quot;:&quot;&quot;}\" data-image-title=\"Funerales1\" data-image-description=\"&lt;p&gt;Los funerales de la joven madre se realizar\u00e1n a las 16:00 horas de ayer mi\u00e9rcoles, despu\u00e9s de una Misa que se ofici\u00f3 en la parroquia de San Esteban, para luego su cuerpo ser sepultado en el cementerio de la misma comuna.&lt;\/p&gt; \" data-medium-file=\"https:\/\/i0.wp.com\/eltrabajo.cl\/portal\/wp-content\/uploads\/2014\/10\/Funerales1.jpg?fit=300%2C222&#038;ssl=1\" data-large-file=\"https:\/\/i0.wp.com\/eltrabajo.cl\/portal\/wp-content\/uploads\/2014\/10\/Funerales1.jpg?fit=529%2C392&#038;ssl=1\" src=\"https:\/\/i0.wp.com\/eltrabajo.cl\/portal\/wp-content\/uploads\/2014\/10\/Funerales1.jpg?w=323&#038;h=239&#038;ssl=1\" srcset=\"https:\/\/i0.wp.com\/eltrabajo.cl\/portal\/wp-content\/uploads\/2014\/10\/Funerales1.jpg?w=529&amp;ssl=1 529w, https:\/\/i0.wp.com\/eltrabajo.cl\/portal\/wp-content\/uploads\/2014\/10\/Funerales1.jpg?resize=200%2C148&amp;ssl=1 200w, https:\/\/i0.wp.com\/eltrabajo.cl\/portal\/wp-content\/uploads\/2014\/10\/Funerales1.jpg?resize=300%2C222&amp;ssl=1 300w, https:\/\/i0.wp.com\/eltrabajo.cl\/portal\/wp-content\/uploads\/2014\/10\/Funerales1.jpg?resize=150%2C111&amp;ssl=1 150w, https:\/\/i0.wp.com\/eltrabajo.cl\/portal\/wp-content\/uploads\/2014\/10\/Funerales1.jpg?resize=400%2C296&amp;ssl=1 400w\" width=\"323\" height=\"239\" loading=\"lazy\" data-original-width=\"323\" data-original-height=\"239\" itemprop=\"http:\/\/schema.org\/image\" title=\"Funerales1\" alt=\"Los funerales de la joven madre se realizar\u00e1n a las 16:00 horas de ayer mi\u00e9rcoles, despu\u00e9s de una Misa que se ofici\u00f3 en la parroquia de San Esteban, para luego su cuerpo ser sepultado en el cementerio de la misma comuna.\" style=\"width: 323px; height: 239px;\" \/> <\/a> <div class=\"tiled-gallery-caption\" itemprop=\"caption description\"> Los funerales de la joven madre se realizar\u00e1n a las 16:00 horas de ayer mi\u00e9rcoles, despu\u00e9s de una Misa que se ofici\u00f3 en la parroquia de San Esteban, para luego su cuerpo ser sepultado en el cementerio de la misma comuna. <\/div> <\/div> <\/div> <!-- close group --> <div class=\"gallery-group images-1\" style=\"width: 313px; height: 243px;\" data-original-width=\"313\" data-original-height=\"243\" > <div class=\"tiled-gallery-item tiled-gallery-item-large\" itemprop=\"associatedMedia\" itemscope itemtype=\"http:\/\/schema.org\/ImageObject\"> <a href=\"https:\/\/eltrabajo.cl\/portal\/familia-acusa-negligencia-del-hosla-tras-muerte-de-joven-madre\/geovanna1\/\" border=\"0\" itemprop=\"url\"> <meta itemprop=\"width\" content=\"309\"> <meta itemprop=\"height\" content=\"239\"> <img decoding=\"async\" class=\"\" data-attachment-id=\"51812\" data-orig-file=\"https:\/\/eltrabajo.cl\/portal\/wp-content\/uploads\/2014\/10\/Geovanna1.jpg\" data-orig-size=\"528,408\" data-comments-opened=\"1\" data-image-meta=\"{&quot;aperture&quot;:&quot;0&quot;,&quot;credit&quot;:&quot;&quot;,&quot;camera&quot;:&quot;&quot;,&quot;caption&quot;:&quot;&quot;,&quot;created_timestamp&quot;:&quot;0&quot;,&quot;copyright&quot;:&quot;&quot;,&quot;focal_length&quot;:&quot;0&quot;,&quot;iso&quot;:&quot;0&quot;,&quot;shutter_speed&quot;:&quot;0&quot;,&quot;title&quot;:&quot;&quot;}\" data-image-title=\"Geovanna1\" data-image-description=\"&lt;p&gt;Geovanna L\u00f3pez, acus\u00f3 que su muerte se debi\u00f3 a una negligencia hospitalaria.&lt;\/p&gt; \" data-medium-file=\"https:\/\/i0.wp.com\/eltrabajo.cl\/portal\/wp-content\/uploads\/2014\/10\/Geovanna1.jpg?fit=300%2C231&#038;ssl=1\" data-large-file=\"https:\/\/i0.wp.com\/eltrabajo.cl\/portal\/wp-content\/uploads\/2014\/10\/Geovanna1.jpg?fit=528%2C408&#038;ssl=1\" src=\"https:\/\/i0.wp.com\/eltrabajo.cl\/portal\/wp-content\/uploads\/2014\/10\/Geovanna1.jpg?w=309&#038;h=239&#038;ssl=1\" srcset=\"https:\/\/i0.wp.com\/eltrabajo.cl\/portal\/wp-content\/uploads\/2014\/10\/Geovanna1.jpg?w=528&amp;ssl=1 528w, https:\/\/i0.wp.com\/eltrabajo.cl\/portal\/wp-content\/uploads\/2014\/10\/Geovanna1.jpg?resize=194%2C150&amp;ssl=1 194w, https:\/\/i0.wp.com\/eltrabajo.cl\/portal\/wp-content\/uploads\/2014\/10\/Geovanna1.jpg?resize=300%2C231&amp;ssl=1 300w, https:\/\/i0.wp.com\/eltrabajo.cl\/portal\/wp-content\/uploads\/2014\/10\/Geovanna1.jpg?resize=150%2C115&amp;ssl=1 150w, https:\/\/i0.wp.com\/eltrabajo.cl\/portal\/wp-content\/uploads\/2014\/10\/Geovanna1.jpg?resize=400%2C309&amp;ssl=1 400w\" width=\"309\" height=\"239\" loading=\"lazy\" data-original-width=\"309\" data-original-height=\"239\" itemprop=\"http:\/\/schema.org\/image\" title=\"Geovanna1\" alt=\"Geovanna L\u00f3pez, acus\u00f3 que su muerte se debi\u00f3 a una negligencia hospitalaria.\" style=\"width: 309px; height: 239px;\" \/> <\/a> <div class=\"tiled-gallery-caption\" itemprop=\"caption description\"> Geovanna L\u00f3pez, acus\u00f3 que su muerte se debi\u00f3 a una negligencia hospitalaria. <\/div> <\/div> <\/div> <!-- close group --> <\/div> <!-- close row --> <\/div>\n<p>&nbsp;<\/p>\n","protected":false},"excerpt":{"rendered":"<p>SAN ESTEBAN.- Una infinita pena y tristeza est\u00e1 viviendo la familia de la joven madre Yenifer Quintrel Molina (24), quien dej\u00f3 de existir la ma\u00f1ana del pasado lunes en la UCI del&#8230;<\/p>\n","protected":false},"author":482,"featured_media":51810,"comment_status":"open","ping_status":"closed","sticky":false,"template":"","format":"standard","meta":{"advanced_seo_description":"","jetpack_seo_html_title":"","jetpack_seo_noindex":false,"_jetpack_memberships_contains_paid_content":false,"footnotes":""},"categories":[15],"tags":[],"class_list":["post-51809","post","type-post","status-publish","format-standard","has-post-thumbnail","hentry","category-comunidad"],"jetpack_featured_media_url":"https:\/\/i0.wp.com\/eltrabajo.cl\/portal\/wp-content\/uploads\/2014\/10\/Yenifer1.jpg?fit=529%2C642&ssl=1","jetpack_sharing_enabled":true,"jetpack_likes_enabled":true,"jetpack-related-posts":[],"_links":{"self":[{"href":"https:\/\/eltrabajo.cl\/portal\/wp-json\/wp\/v2\/posts\/51809","targetHints":{"allow":["GET"]}}],"collection":[{"href":"https:\/\/eltrabajo.cl\/portal\/wp-json\/wp\/v2\/posts"}],"about":[{"href":"https:\/\/eltrabajo.cl\/portal\/wp-json\/wp\/v2\/types\/post"}],"author":[{"embeddable":true,"href":"https:\/\/eltrabajo.cl\/portal\/wp-json\/wp\/v2\/users\/482"}],"replies":[{"embeddable":true,"href":"https:\/\/eltrabajo.cl\/portal\/wp-json\/wp\/v2\/comments?post=51809"}],"version-history":[{"count":0,"href":"https:\/\/eltrabajo.cl\/portal\/wp-json\/wp\/v2\/posts\/51809\/revisions"}],"wp:featuredmedia":[{"embeddable":true,"href":"https:\/\/eltrabajo.cl\/portal\/wp-json\/wp\/v2\/media\/51810"}],"wp:attachment":[{"href":"https:\/\/eltrabajo.cl\/portal\/wp-json\/wp\/v2\/media?parent=51809"}],"wp:term":[{"taxonomy":"category","embeddable":true,"href":"https:\/\/eltrabajo.cl\/portal\/wp-json\/wp\/v2\/categories?post=51809"},{"taxonomy":"post_tag","embeddable":true,"href":"https:\/\/eltrabajo.cl\/portal\/wp-json\/wp\/v2\/tags?post=51809"}],"curies":[{"name":"wp","href":"https:\/\/api.w.org\/{rel}","templated":true}]}}